{"id":628142,"date":"2026-03-02T16:07:43","date_gmt":"2026-03-02T22:07:43","guid":{"rendered":"https:\/\/www.zunoticia.com\/noticias-de-hidalgo\/?p=628142"},"modified":"2026-03-02T16:07:44","modified_gmt":"2026-03-02T22:07:44","slug":"fortalecen-la-unidad-del-magisterio-indigena-con-encuentro-deportivo-en-atlapexco","status":"publish","type":"post","link":"https:\/\/www.zunoticia.com\/noticias-de-hidalgo\/2026\/03\/02\/fortalecen-la-unidad-del-magisterio-indigena-con-encuentro-deportivo-en-atlapexco\/","title":{"rendered":"Fortalecen la unidad del magisterio ind\u00edgena con encuentro deportivo en Atlapexco"},"content":{"rendered":"<aside class=\"mashsb-container mashsb-main mashsb-stretched\"><div class=\"mashsb-box\"><div class=\"mashsb-count mash-large\" style=\"float:left\"><div class=\"counts mashsbcount\">0<\/div><span class=\"mashsb-sharetext\">SHARES<\/span><\/div><div class=\"mashsb-buttons\"><a class=\"mashicon-facebook mash-large mash-center mashsb-noshadow\" href=\"https:\/\/www.facebook.com\/sharer.php?u=https%3A%2F%2Fwww.zunoticia.com%2Fnoticias-de-hidalgo%2F2026%2F03%2F02%2Ffortalecen-la-unidad-del-magisterio-indigena-con-encuentro-deportivo-en-atlapexco%2F\" target=\"_top\" rel=\"nofollow\"><span class=\"icon\"><\/span><span class=\"text\">Share<\/span><\/a><a class=\"mashicon-twitter mash-large mash-center mashsb-noshadow\" href=\"https:\/\/twitter.com\/intent\/tweet?text=&amp;url=https:\/\/www.zunoticia.com\/noticias-de-hidalgo\/2026\/03\/02\/fortalecen-la-unidad-del-magisterio-indigena-con-encuentro-deportivo-en-atlapexco\/\" target=\"_top\" rel=\"nofollow\"><span class=\"icon\"><\/span><span class=\"text\">Tweet<\/span><\/a><div class=\"onoffswitch2 mash-large mashsb-noshadow\" style=\"display:none\"><\/div><\/div>\n            <\/div>\n                <div style=\"clear:both\"><\/div><div class=\"mashsb-toggle-container\"><\/div><\/aside>\n            <!-- Share buttons by mashshare.net - Version: 4.0.47-->\n<p><em>Por Karen Rivera \/ Zunoticia<\/em><\/p>\n\n\n\n<p><strong>Atlapexco, Hgo<\/strong>.- En el marco del 62 aniversario de la Educaci\u00f3n Ind\u00edgena, el municipio fue sede de un encuentro deportivo que reuni\u00f3 a docentes de diversas regiones del Estado, fortaleciendo la convivencia, el compa\u00f1erismo y el reconocimiento a la labor educativa en comunidades originarias.<\/p>\n\n\n\n<p>El evento cont\u00f3 con la participaci\u00f3n de maestras y maestros provenientes del Valle del Mezquital, Otom\u00ed-Tepehua, Tulancingo-Acaxochitl\u00e1n y la Huasteca, quienes compitieron en las disciplinas de b\u00e1squetbol, f\u00fatbol y voleibol en un ambiente de entusiasmo y unidad.<\/p>\n\n\n\n<p>La jornada deportiva estuvo acompa\u00f1ada por el diputado local Jorge Arg\u00fcelles, integrantes del Comit\u00e9 Ejecutivo Seccional y el secretario de Educaci\u00f3n P\u00fablica de Hidalgo, Natividad Castrej\u00f3n Valdez, quienes reconocieron la importancia de fortalecer los lazos entre el magisterio ind\u00edgena y promover espacios de sana convivencia.<\/p>\n\n\n\n<figure class=\"wp-block-gallery has-nested-images columns-default is-cropped wp-block-gallery-1 is-layout-flex wp-block-gallery-is-layout-flex\">\n<figure class=\"wp-block-image size-large\"><img fetchpriority=\"high\" decoding=\"async\" width=\"933\" height=\"524\" data-id=\"628144\" src=\"https:\/\/www.zunoticia.com\/noticias-de-hidalgo\/wp-content\/uploads\/2026\/03\/Zunoticia-Huejutla-3-3.png\" alt=\"\" class=\"wp-image-628144\" srcset=\"https:\/\/www.zunoticia.com\/noticias-de-hidalgo\/wp-content\/uploads\/2026\/03\/Zunoticia-Huejutla-3-3.png 933w, https:\/\/www.zunoticia.com\/noticias-de-hidalgo\/wp-content\/uploads\/2026\/03\/Zunoticia-Huejutla-3-3-300x168.png 300w, https:\/\/www.zunoticia.com\/noticias-de-hidalgo\/wp-content\/uploads\/2026\/03\/Zunoticia-Huejutla-3-3-768x431.png 768w\" sizes=\"(max-width: 933px) 100vw, 933px\" \/><\/figure>\n\n\n\n<figure class=\"wp-block-image size-large\"><img decoding=\"async\" width=\"933\" height=\"524\" data-id=\"628145\" src=\"https:\/\/www.zunoticia.com\/noticias-de-hidalgo\/wp-content\/uploads\/2026\/03\/Zunoticia-Huejutla-2-5.png\" alt=\"\" class=\"wp-image-628145\" srcset=\"https:\/\/www.zunoticia.com\/noticias-de-hidalgo\/wp-content\/uploads\/2026\/03\/Zunoticia-Huejutla-2-5.png 933w, https:\/\/www.zunoticia.com\/noticias-de-hidalgo\/wp-content\/uploads\/2026\/03\/Zunoticia-Huejutla-2-5-300x168.png 300w, https:\/\/www.zunoticia.com\/noticias-de-hidalgo\/wp-content\/uploads\/2026\/03\/Zunoticia-Huejutla-2-5-768x431.png 768w\" sizes=\"(max-width: 933px) 100vw, 933px\" \/><\/figure>\n<\/figure>\n\n\n\n<p>Por su parte, el secretario general del Sindicato Nacional de Trabajadores de la Educaci\u00f3n (SNTE), Said Vargas S\u00e1enz, agradeci\u00f3 al presidente municipal, Juan de Dios Nochebuena Hern\u00e1ndez, por la anfitrion\u00eda y las facilidades otorgadas para la realizaci\u00f3n de este encuentro deportivo.<\/p>\n\n\n\n<figure class=\"wp-block-image size-full\"><img decoding=\"async\" width=\"933\" height=\"524\" src=\"https:\/\/www.zunoticia.com\/noticias-de-hidalgo\/wp-content\/uploads\/2026\/03\/Zunoticia-Huejutla-1-5.png\" alt=\"\" class=\"wp-image-628146\" srcset=\"https:\/\/www.zunoticia.com\/noticias-de-hidalgo\/wp-content\/uploads\/2026\/03\/Zunoticia-Huejutla-1-5.png 933w, https:\/\/www.zunoticia.com\/noticias-de-hidalgo\/wp-content\/uploads\/2026\/03\/Zunoticia-Huejutla-1-5-300x168.png 300w, https:\/\/www.zunoticia.com\/noticias-de-hidalgo\/wp-content\/uploads\/2026\/03\/Zunoticia-Huejutla-1-5-768x431.png 768w\" sizes=\"(max-width: 933px) 100vw, 933px\" \/><\/figure>\n\n\n\n<p>El evento se desarroll\u00f3 como parte de la conmemoraci\u00f3n del 62\u00b0 Aniversario de la creaci\u00f3n del Servicio Nacional de Promotores Culturales y Maestros Biling\u00fces, destacando la labor hist\u00f3rica que realizan las y los docentes en favor de la educaci\u00f3n ind\u00edgena en Hidalgo.<\/p>\n\n\n\n<p><\/p>\n","protected":false},"excerpt":{"rendered":"<p>Por Karen Rivera \/ Zunoticia Atlapexco, Hgo.- En el marco del 62 aniversario de la Educaci\u00f3n Ind\u00edgena, el municipio fue sede de un encuentro deportivo que reuni\u00f3 a docentes de diversas regiones del Estado, fortaleciendo la convivencia, el compa\u00f1erismo y el reconocimiento a la labor educativa en comunidades originarias. El evento cont\u00f3 con la participaci\u00f3n&hellip; <a class=\"more-link\" href=\"https:\/\/www.zunoticia.com\/noticias-de-hidalgo\/2026\/03\/02\/fortalecen-la-unidad-del-magisterio-indigena-con-encuentro-deportivo-en-atlapexco\/\">Seguir leyendo <span class=\"screen-reader-text\">Fortalecen la unidad del magisterio ind\u00edgena con encuentro deportivo en Atlapexco<\/span><\/a><\/p>\n","protected":false},"author":20,"featured_media":628143,"comment_status":"open","ping_status":"open","sticky":false,"template":"","format":"standard","meta":{"rop_custom_images_group":[],"rop_custom_messages_group":[],"rop_publish_now":"initial","rop_publish_now_accounts":{"facebook_10159540855086992_322828327761733":""},"rop_publish_now_history":[],"rop_publish_now_status":"pending","footnotes":""},"categories":[182,179],"tags":[133,229],"class_list":["post-628142","post","type-post","status-publish","format-standard","has-post-thumbnail","hentry","category-atlapexco","category-huasteca","tag-atlapexco","tag-huasteca","entry"],"_links":{"self":[{"href":"https:\/\/www.zunoticia.com\/noticias-de-hidalgo\/wp-json\/wp\/v2\/posts\/628142","targetHints":{"allow":["GET"]}}],"collection":[{"href":"https:\/\/www.zunoticia.com\/noticias-de-hidalgo\/wp-json\/wp\/v2\/posts"}],"about":[{"href":"https:\/\/www.zunoticia.com\/noticias-de-hidalgo\/wp-json\/wp\/v2\/types\/post"}],"author":[{"embeddable":true,"href":"https:\/\/www.zunoticia.com\/noticias-de-hidalgo\/wp-json\/wp\/v2\/users\/20"}],"replies":[{"embeddable":true,"href":"https:\/\/www.zunoticia.com\/noticias-de-hidalgo\/wp-json\/wp\/v2\/comments?post=628142"}],"version-history":[{"count":1,"href":"https:\/\/www.zunoticia.com\/noticias-de-hidalgo\/wp-json\/wp\/v2\/posts\/628142\/revisions"}],"predecessor-version":[{"id":628147,"href":"https:\/\/www.zunoticia.com\/noticias-de-hidalgo\/wp-json\/wp\/v2\/posts\/628142\/revisions\/628147"}],"wp:featuredmedia":[{"embeddable":true,"href":"https:\/\/www.zunoticia.com\/noticias-de-hidalgo\/wp-json\/wp\/v2\/media\/628143"}],"wp:attachment":[{"href":"https:\/\/www.zunoticia.com\/noticias-de-hidalgo\/wp-json\/wp\/v2\/media?parent=628142"}],"wp:term":[{"taxonomy":"category","embeddable":true,"href":"https:\/\/www.zunoticia.com\/noticias-de-hidalgo\/wp-json\/wp\/v2\/categories?post=628142"},{"taxonomy":"post_tag","embeddable":true,"href":"https:\/\/www.zunoticia.com\/noticias-de-hidalgo\/wp-json\/wp\/v2\/tags?post=628142"}],"curies":[{"name":"wp","href":"https:\/\/api.w.org\/{rel}","templated":true}]}}