{"id":628151,"date":"2026-03-02T16:48:15","date_gmt":"2026-03-02T22:48:15","guid":{"rendered":"https:\/\/www.zunoticia.com\/noticias-de-hidalgo\/?p=628151"},"modified":"2026-03-02T16:48:16","modified_gmt":"2026-03-02T22:48:16","slug":"cecyteh-plantel-atlapexco-conmemora-el-dia-internacional-de-la-mujer","status":"publish","type":"post","link":"https:\/\/www.zunoticia.com\/noticias-de-hidalgo\/2026\/03\/02\/cecyteh-plantel-atlapexco-conmemora-el-dia-internacional-de-la-mujer\/","title":{"rendered":"CECYTEH plantel Atlapexco conmemora el D\u00eda Internacional de la Mujer"},"content":{"rendered":"<aside class=\"mashsb-container mashsb-main mashsb-stretched\"><div class=\"mashsb-box\"><div class=\"mashsb-count mash-large\" style=\"float:left\"><div class=\"counts mashsbcount\">0<\/div><span class=\"mashsb-sharetext\">SHARES<\/span><\/div><div class=\"mashsb-buttons\"><a class=\"mashicon-facebook mash-large mash-center mashsb-noshadow\" href=\"https:\/\/www.facebook.com\/sharer.php?u=https%3A%2F%2Fwww.zunoticia.com%2Fnoticias-de-hidalgo%2F2026%2F03%2F02%2Fcecyteh-plantel-atlapexco-conmemora-el-dia-internacional-de-la-mujer%2F\" target=\"_top\" rel=\"nofollow\"><span class=\"icon\"><\/span><span class=\"text\">Share<\/span><\/a><a class=\"mashicon-twitter mash-large mash-center mashsb-noshadow\" href=\"https:\/\/twitter.com\/intent\/tweet?text=&amp;url=https:\/\/www.zunoticia.com\/noticias-de-hidalgo\/2026\/03\/02\/cecyteh-plantel-atlapexco-conmemora-el-dia-internacional-de-la-mujer\/\" target=\"_top\" rel=\"nofollow\"><span class=\"icon\"><\/span><span class=\"text\">Tweet<\/span><\/a><div class=\"onoffswitch2 mash-large mashsb-noshadow\" style=\"display:none\"><\/div><\/div>\n            <\/div>\n                <div style=\"clear:both\"><\/div><div class=\"mashsb-toggle-container\"><\/div><\/aside>\n            <!-- Share buttons by mashshare.net - Version: 4.0.47-->\n<p><em>Por Karen Rivera \/ Zunoticia<\/em><\/p>\n\n\n\n<p><strong>Atlapexco, Hgo.-<\/strong> El CECYTEH plantel Atlapexco conmemor\u00f3 el D\u00eda Internacional de la Mujer con una actividad simb\u00f3lica enfocada en la promoci\u00f3n de los derechos de las mujeres, ni\u00f1as y adolescentes.<\/p>\n\n\n\n<p>El maestro Jening Ibarra Hern\u00e1ndez, director del plantel educativo, se\u00f1al\u00f3 que el D\u00eda Internacional de la Mujer es una fecha para visibilizar los esfuerzos de todas las mujeres en la construcci\u00f3n de un mundo mejor, m\u00e1s igualitario y libre de violencia.<\/p>\n\n\n\n<p>Destac\u00f3 que ONU Mujeres impulsa este a\u00f1o el lema \u201cDerechos, justicia y acci\u00f3n por y para todas las mujeres y ni\u00f1as\u201d, campa\u00f1a que subraya la necesidad urgente de derribar barreras estructurales, eliminar leyes discriminatorias y garantizar el acceso equitativo a la justicia.<\/p>\n\n\n\n<figure class=\"wp-block-image size-full\"><img fetchpriority=\"high\" decoding=\"async\" width=\"933\" height=\"524\" src=\"https:\/\/www.zunoticia.com\/noticias-de-hidalgo\/wp-content\/uploads\/2026\/03\/Zunoticia-Huejutla-13.png\" alt=\"\" class=\"wp-image-628153\" srcset=\"https:\/\/www.zunoticia.com\/noticias-de-hidalgo\/wp-content\/uploads\/2026\/03\/Zunoticia-Huejutla-13.png 933w, https:\/\/www.zunoticia.com\/noticias-de-hidalgo\/wp-content\/uploads\/2026\/03\/Zunoticia-Huejutla-13-300x168.png 300w, https:\/\/www.zunoticia.com\/noticias-de-hidalgo\/wp-content\/uploads\/2026\/03\/Zunoticia-Huejutla-13-768x431.png 768w\" sizes=\"(max-width: 933px) 100vw, 933px\" \/><\/figure>\n\n\n\n<p>En este sentido, explic\u00f3 que, el objetivo de la actividad fue promover el conocimiento de las leyes que protegen los derechos de mujeres, ni\u00f1as y adolescentes, as\u00ed como generar una reflexi\u00f3n entre la comunidad estudiantil sobre el respeto a los derechos humanos como base fundamental para la prevenci\u00f3n de la violencia.<\/p>\n\n\n\n<p>Como parte de esta conmemoraci\u00f3n, el plantel coloc\u00f3 un mo\u00f1o morado en la entrada principal de la instituci\u00f3n, s\u00edmbolo de la lucha por la igualdad y el reconocimiento de los derechos de las mujeres.<\/p>\n\n\n\n<p>Foto: Conmemoran el D\u00eda Internacional de la Mujer en el CECYTEH, plantel Atlapexco.<\/p>\n","protected":false},"excerpt":{"rendered":"<p>Por Karen Rivera \/ Zunoticia Atlapexco, Hgo.- El CECYTEH plantel Atlapexco conmemor\u00f3 el D\u00eda Internacional de la Mujer con una actividad simb\u00f3lica enfocada en la promoci\u00f3n de los derechos de las mujeres, ni\u00f1as y adolescentes. El maestro Jening Ibarra Hern\u00e1ndez, director del plantel educativo, se\u00f1al\u00f3 que el D\u00eda Internacional de la Mujer es una fecha&hellip; <a class=\"more-link\" href=\"https:\/\/www.zunoticia.com\/noticias-de-hidalgo\/2026\/03\/02\/cecyteh-plantel-atlapexco-conmemora-el-dia-internacional-de-la-mujer\/\">Seguir leyendo <span class=\"screen-reader-text\">CECYTEH plantel Atlapexco conmemora el D\u00eda Internacional de la Mujer<\/span><\/a><\/p>\n","protected":false},"author":20,"featured_media":628152,"comment_status":"open","ping_status":"open","sticky":false,"template":"","format":"standard","meta":{"rop_custom_images_group":[],"rop_custom_messages_group":[],"rop_publish_now":"initial","rop_publish_now_accounts":{"facebook_10159540855086992_322828327761733":""},"rop_publish_now_history":[],"rop_publish_now_status":"pending","footnotes":""},"categories":[182,179],"tags":[133,229],"class_list":["post-628151","post","type-post","status-publish","format-standard","has-post-thumbnail","hentry","category-atlapexco","category-huasteca","tag-atlapexco","tag-huasteca","entry"],"_links":{"self":[{"href":"https:\/\/www.zunoticia.com\/noticias-de-hidalgo\/wp-json\/wp\/v2\/posts\/628151","targetHints":{"allow":["GET"]}}],"collection":[{"href":"https:\/\/www.zunoticia.com\/noticias-de-hidalgo\/wp-json\/wp\/v2\/posts"}],"about":[{"href":"https:\/\/www.zunoticia.com\/noticias-de-hidalgo\/wp-json\/wp\/v2\/types\/post"}],"author":[{"embeddable":true,"href":"https:\/\/www.zunoticia.com\/noticias-de-hidalgo\/wp-json\/wp\/v2\/users\/20"}],"replies":[{"embeddable":true,"href":"https:\/\/www.zunoticia.com\/noticias-de-hidalgo\/wp-json\/wp\/v2\/comments?post=628151"}],"version-history":[{"count":1,"href":"https:\/\/www.zunoticia.com\/noticias-de-hidalgo\/wp-json\/wp\/v2\/posts\/628151\/revisions"}],"predecessor-version":[{"id":628154,"href":"https:\/\/www.zunoticia.com\/noticias-de-hidalgo\/wp-json\/wp\/v2\/posts\/628151\/revisions\/628154"}],"wp:featuredmedia":[{"embeddable":true,"href":"https:\/\/www.zunoticia.com\/noticias-de-hidalgo\/wp-json\/wp\/v2\/media\/628152"}],"wp:attachment":[{"href":"https:\/\/www.zunoticia.com\/noticias-de-hidalgo\/wp-json\/wp\/v2\/media?parent=628151"}],"wp:term":[{"taxonomy":"category","embeddable":true,"href":"https:\/\/www.zunoticia.com\/noticias-de-hidalgo\/wp-json\/wp\/v2\/categories?post=628151"},{"taxonomy":"post_tag","embeddable":true,"href":"https:\/\/www.zunoticia.com\/noticias-de-hidalgo\/wp-json\/wp\/v2\/tags?post=628151"}],"curies":[{"name":"wp","href":"https:\/\/api.w.org\/{rel}","templated":true}]}}