{"id":628254,"date":"2026-03-03T15:44:42","date_gmt":"2026-03-03T21:44:42","guid":{"rendered":"https:\/\/www.zunoticia.com\/noticias-de-hidalgo\/?p=628254"},"modified":"2026-03-03T15:44:43","modified_gmt":"2026-03-03T21:44:43","slug":"continua-la-jornada-de-vacunacion-contra-el-sarampion-en-huautla","status":"publish","type":"post","link":"https:\/\/www.zunoticia.com\/noticias-de-hidalgo\/2026\/03\/03\/continua-la-jornada-de-vacunacion-contra-el-sarampion-en-huautla\/","title":{"rendered":"Contin\u00faa la Jornada de vacunaci\u00f3n contra el sarampi\u00f3n en Huautla"},"content":{"rendered":"<aside class=\"mashsb-container mashsb-main mashsb-stretched\"><div class=\"mashsb-box\"><div class=\"mashsb-count mash-large\" style=\"float:left\"><div class=\"counts mashsbcount\">0<\/div><span class=\"mashsb-sharetext\">SHARES<\/span><\/div><div class=\"mashsb-buttons\"><a class=\"mashicon-facebook mash-large mash-center mashsb-noshadow\" href=\"https:\/\/www.facebook.com\/sharer.php?u=https%3A%2F%2Fwww.zunoticia.com%2Fnoticias-de-hidalgo%2F2026%2F03%2F03%2Fcontinua-la-jornada-de-vacunacion-contra-el-sarampion-en-huautla%2F\" target=\"_top\" rel=\"nofollow\"><span class=\"icon\"><\/span><span class=\"text\">Share<\/span><\/a><a class=\"mashicon-twitter mash-large mash-center mashsb-noshadow\" href=\"https:\/\/twitter.com\/intent\/tweet?text=&amp;url=https:\/\/www.zunoticia.com\/noticias-de-hidalgo\/2026\/03\/03\/continua-la-jornada-de-vacunacion-contra-el-sarampion-en-huautla\/\" target=\"_top\" rel=\"nofollow\"><span class=\"icon\"><\/span><span class=\"text\">Tweet<\/span><\/a><div class=\"onoffswitch2 mash-large mashsb-noshadow\" style=\"display:none\"><\/div><\/div>\n            <\/div>\n                <div style=\"clear:both\"><\/div><div class=\"mashsb-toggle-container\"><\/div><\/aside>\n            <!-- Share buttons by mashshare.net - Version: 4.0.47-->\n<p><em>Por Karen Rivera \/ Zunoticia<\/em><\/p>\n\n\n\n<p><strong>Huautla, Hgo<\/strong>.\u2013 Con el objetivo de reforzar la protecci\u00f3n de la poblaci\u00f3n y avanzar con determinaci\u00f3n en la lucha contra el sarampi\u00f3n, instituciones de salud se unificaron para vacunar.<\/p>\n\n\n\n<p>Desde temprana hora, en la galera municipal se llev\u00f3 a cabo la instalaci\u00f3n de un m\u00f3dulo de vacunaci\u00f3n, en la cual particip\u00f3, el \u00e1rea de Salud Municipal, personal especializado del Instituto Mexicano del Seguro Social (IMSS) y profesionales del Instituto de Seguridad y Servicios Sociales de los Trabajadores del Estado (ISSSTE), para aplicar las dosis correspondientes del sarampi\u00f3n a la poblaci\u00f3n de 12 meses, 18 meses a 6 a\u00f1os, de 10 a 49 a\u00f1os y de 6 a 11 meses de nacidos.<\/p>\n\n\n\n<p>Con estos trabajos coordinados se prev\u00e9 la disminuci\u00f3n de casos por sarampi\u00f3n y con ello, salva a guardar a la ciudadan\u00eda de contagios.<\/p>\n\n\n\n<p>Por ello, el ayuntamiento se sum\u00f3 a estos trabajos qu\u00e9 se realizaron durante la jornada del martes 3 de marzo del a\u00f1o en curso. El sector salud coordina esfuerzos para acercar este importante biol\u00f3gico a la ciudadan\u00eda, priorizando la prevenci\u00f3n y el bienestar colectivo.<\/p>\n\n\n\n<figure class=\"wp-block-image size-full\"><img fetchpriority=\"high\" decoding=\"async\" width=\"933\" height=\"524\" src=\"https:\/\/www.zunoticia.com\/noticias-de-hidalgo\/wp-content\/uploads\/2026\/03\/5.png\" alt=\"\" class=\"wp-image-628256\" srcset=\"https:\/\/www.zunoticia.com\/noticias-de-hidalgo\/wp-content\/uploads\/2026\/03\/5.png 933w, https:\/\/www.zunoticia.com\/noticias-de-hidalgo\/wp-content\/uploads\/2026\/03\/5-300x168.png 300w, https:\/\/www.zunoticia.com\/noticias-de-hidalgo\/wp-content\/uploads\/2026\/03\/5-768x431.png 768w\" sizes=\"(max-width: 933px) 100vw, 933px\" \/><\/figure>\n\n\n\n<p>Este logro es posible gracias a la suma de voluntades derivada de las gestiones realizadas, as\u00ed como a la coordinaci\u00f3n estrat\u00e9gica entre el \u00e1rea de Salud Municipal, personal especializado del Instituto Mexicano del Seguro Social (IMSS) y profesionales del Instituto de Seguridad y Servicios Sociales de los Trabajadores del Estado (ISSSTE).<\/p>\n\n\n\n<p>Autoridades destacaron que la vacunaci\u00f3n es una de las medidas m\u00e1s eficaces para prevenir el sarampi\u00f3n, enfermedad altamente contagiosa que puede generar complicaciones graves, especialmente en ni\u00f1as y ni\u00f1os.<\/p>\n\n\n\n<p>Finalmente se hace un llamado a la poblaci\u00f3n para que asistan a las jornadas de vacunaci\u00f3n y completar sus esquemas, subrayando que la unidad y el trabajo coordinado son fundamentales para proteger la salud de toda la comunidad.<\/p>\n\n\n\n<p><\/p>\n","protected":false},"excerpt":{"rendered":"<p>Por Karen Rivera \/ Zunoticia Huautla, Hgo.\u2013 Con el objetivo de reforzar la protecci\u00f3n de la poblaci\u00f3n y avanzar con determinaci\u00f3n en la lucha contra el sarampi\u00f3n, instituciones de salud se unificaron para vacunar. Desde temprana hora, en la galera municipal se llev\u00f3 a cabo la instalaci\u00f3n de un m\u00f3dulo de vacunaci\u00f3n, en la cual&hellip; <a class=\"more-link\" href=\"https:\/\/www.zunoticia.com\/noticias-de-hidalgo\/2026\/03\/03\/continua-la-jornada-de-vacunacion-contra-el-sarampion-en-huautla\/\">Seguir leyendo <span class=\"screen-reader-text\">Contin\u00faa la Jornada de vacunaci\u00f3n contra el sarampi\u00f3n en Huautla<\/span><\/a><\/p>\n","protected":false},"author":20,"featured_media":628255,"comment_status":"open","ping_status":"open","sticky":false,"template":"","format":"standard","meta":{"rop_custom_images_group":[],"rop_custom_messages_group":[],"rop_publish_now":"initial","rop_publish_now_accounts":{"facebook_10159540855086992_322828327761733":""},"rop_publish_now_history":[],"rop_publish_now_status":"pending","footnotes":""},"categories":[179,199],"tags":[229,125],"class_list":["post-628254","post","type-post","status-publish","format-standard","has-post-thumbnail","hentry","category-huasteca","category-huautla","tag-huasteca","tag-huautla","entry"],"_links":{"self":[{"href":"https:\/\/www.zunoticia.com\/noticias-de-hidalgo\/wp-json\/wp\/v2\/posts\/628254","targetHints":{"allow":["GET"]}}],"collection":[{"href":"https:\/\/www.zunoticia.com\/noticias-de-hidalgo\/wp-json\/wp\/v2\/posts"}],"about":[{"href":"https:\/\/www.zunoticia.com\/noticias-de-hidalgo\/wp-json\/wp\/v2\/types\/post"}],"author":[{"embeddable":true,"href":"https:\/\/www.zunoticia.com\/noticias-de-hidalgo\/wp-json\/wp\/v2\/users\/20"}],"replies":[{"embeddable":true,"href":"https:\/\/www.zunoticia.com\/noticias-de-hidalgo\/wp-json\/wp\/v2\/comments?post=628254"}],"version-history":[{"count":1,"href":"https:\/\/www.zunoticia.com\/noticias-de-hidalgo\/wp-json\/wp\/v2\/posts\/628254\/revisions"}],"predecessor-version":[{"id":628257,"href":"https:\/\/www.zunoticia.com\/noticias-de-hidalgo\/wp-json\/wp\/v2\/posts\/628254\/revisions\/628257"}],"wp:featuredmedia":[{"embeddable":true,"href":"https:\/\/www.zunoticia.com\/noticias-de-hidalgo\/wp-json\/wp\/v2\/media\/628255"}],"wp:attachment":[{"href":"https:\/\/www.zunoticia.com\/noticias-de-hidalgo\/wp-json\/wp\/v2\/media?parent=628254"}],"wp:term":[{"taxonomy":"category","embeddable":true,"href":"https:\/\/www.zunoticia.com\/noticias-de-hidalgo\/wp-json\/wp\/v2\/categories?post=628254"},{"taxonomy":"post_tag","embeddable":true,"href":"https:\/\/www.zunoticia.com\/noticias-de-hidalgo\/wp-json\/wp\/v2\/tags?post=628254"}],"curies":[{"name":"wp","href":"https:\/\/api.w.org\/{rel}","templated":true}]}}