{"id":628264,"date":"2026-03-03T16:12:17","date_gmt":"2026-03-03T22:12:17","guid":{"rendered":"https:\/\/www.zunoticia.com\/noticias-de-hidalgo\/?p=628264"},"modified":"2026-03-03T16:12:18","modified_gmt":"2026-03-03T22:12:18","slug":"artesanos-de-ahuehuetl-recibieron-capacitacion","status":"publish","type":"post","link":"https:\/\/www.zunoticia.com\/noticias-de-hidalgo\/2026\/03\/03\/artesanos-de-ahuehuetl-recibieron-capacitacion\/","title":{"rendered":"Artesanos de Ahuehuetl recibieron capacitaci\u00f3n"},"content":{"rendered":"<aside class=\"mashsb-container mashsb-main mashsb-stretched\"><div class=\"mashsb-box\"><div class=\"mashsb-count mash-large\" style=\"float:left\"><div class=\"counts mashsbcount\">0<\/div><span class=\"mashsb-sharetext\">SHARES<\/span><\/div><div class=\"mashsb-buttons\"><a class=\"mashicon-facebook mash-large mash-center mashsb-noshadow\" href=\"https:\/\/www.facebook.com\/sharer.php?u=https%3A%2F%2Fwww.zunoticia.com%2Fnoticias-de-hidalgo%2F2026%2F03%2F03%2Fartesanos-de-ahuehuetl-recibieron-capacitacion%2F\" target=\"_top\" rel=\"nofollow\"><span class=\"icon\"><\/span><span class=\"text\">Share<\/span><\/a><a class=\"mashicon-twitter mash-large mash-center mashsb-noshadow\" href=\"https:\/\/twitter.com\/intent\/tweet?text=&amp;url=https:\/\/www.zunoticia.com\/noticias-de-hidalgo\/2026\/03\/03\/artesanos-de-ahuehuetl-recibieron-capacitacion\/\" target=\"_top\" rel=\"nofollow\"><span class=\"icon\"><\/span><span class=\"text\">Tweet<\/span><\/a><div class=\"onoffswitch2 mash-large mashsb-noshadow\" style=\"display:none\"><\/div><\/div>\n            <\/div>\n                <div style=\"clear:both\"><\/div><div class=\"mashsb-toggle-container\"><\/div><\/aside>\n            <!-- Share buttons by mashshare.net - Version: 4.0.47-->\n<p><em>Por Karen Rivera \/ Zunoticia<\/em><\/p>\n\n\n\n<p><strong>Huautla, Hgo.-<\/strong> Con el prop\u00f3sito de impulsar la organizaci\u00f3n, gesti\u00f3n y consolidaci\u00f3n de capacidades dentro del proyecto de turismo comunitario, la Secretar\u00eda de Turismo de M\u00e9xico (SECTUR), en coordinaci\u00f3n con la UNESCO y la Secretar\u00eda de Turismo del Estado de Hidalgo, otorgaron una capacitaci\u00f3n a artesanos de la regi\u00f3n, entre ellos integrantes de la comunidad de Ahuehuetl, en el municipio de Huautla.<\/p>\n\n\n\n<p>Las actividades se llevaron a cabo con la finalidad de fortalecer el talento de cada artesano, as\u00ed como brindar herramientas y t\u00e9cnicas que contribuyan a mejorar los procesos de producci\u00f3n y la calidad de los productos que elaboran.<\/p>\n\n\n\n<figure class=\"wp-block-image size-full\"><img fetchpriority=\"high\" decoding=\"async\" width=\"933\" height=\"524\" src=\"https:\/\/www.zunoticia.com\/noticias-de-hidalgo\/wp-content\/uploads\/2026\/03\/Zunoticia-Huejutla-1-11.png\" alt=\"\" class=\"wp-image-628266\" srcset=\"https:\/\/www.zunoticia.com\/noticias-de-hidalgo\/wp-content\/uploads\/2026\/03\/Zunoticia-Huejutla-1-11.png 933w, https:\/\/www.zunoticia.com\/noticias-de-hidalgo\/wp-content\/uploads\/2026\/03\/Zunoticia-Huejutla-1-11-300x168.png 300w, https:\/\/www.zunoticia.com\/noticias-de-hidalgo\/wp-content\/uploads\/2026\/03\/Zunoticia-Huejutla-1-11-768x431.png 768w\" sizes=\"(max-width: 933px) 100vw, 933px\" \/><\/figure>\n\n\n\n<p>Estas acciones coadyuvan a ampliar la oferta tur\u00edstica y artesanal para los visitantes, generando mayores oportunidades de ingreso econ\u00f3mico para las familias que dependen de esta actividad.<\/p>\n\n\n\n<p>Lo anterior, es resultado del impulso promovido por el gobernador de Hidalgo, Julio Menchaca Salazar, quien ha reiterado su compromiso con la cultura, el turismo y las tradiciones del estado, fomentando capacitaciones que permitan enaltecer el trabajo de alfareros, ebanistas y dem\u00e1s artesanos de la regi\u00f3n.<\/p>\n\n\n\n<p><\/p>\n","protected":false},"excerpt":{"rendered":"<p>Por Karen Rivera \/ Zunoticia Huautla, Hgo.- Con el prop\u00f3sito de impulsar la organizaci\u00f3n, gesti\u00f3n y consolidaci\u00f3n de capacidades dentro del proyecto de turismo comunitario, la Secretar\u00eda de Turismo de M\u00e9xico (SECTUR), en coordinaci\u00f3n con la UNESCO y la Secretar\u00eda de Turismo del Estado de Hidalgo, otorgaron una capacitaci\u00f3n a artesanos de la regi\u00f3n, entre&hellip; <a class=\"more-link\" href=\"https:\/\/www.zunoticia.com\/noticias-de-hidalgo\/2026\/03\/03\/artesanos-de-ahuehuetl-recibieron-capacitacion\/\">Seguir leyendo <span class=\"screen-reader-text\">Artesanos de Ahuehuetl recibieron capacitaci\u00f3n<\/span><\/a><\/p>\n","protected":false},"author":20,"featured_media":628265,"comment_status":"open","ping_status":"open","sticky":false,"template":"","format":"standard","meta":{"rop_custom_images_group":[],"rop_custom_messages_group":[],"rop_publish_now":"initial","rop_publish_now_accounts":{"facebook_10159540855086992_322828327761733":""},"rop_publish_now_history":[],"rop_publish_now_status":"pending","footnotes":""},"categories":[179,199],"tags":[229,125],"class_list":["post-628264","post","type-post","status-publish","format-standard","has-post-thumbnail","hentry","category-huasteca","category-huautla","tag-huasteca","tag-huautla","entry"],"_links":{"self":[{"href":"https:\/\/www.zunoticia.com\/noticias-de-hidalgo\/wp-json\/wp\/v2\/posts\/628264","targetHints":{"allow":["GET"]}}],"collection":[{"href":"https:\/\/www.zunoticia.com\/noticias-de-hidalgo\/wp-json\/wp\/v2\/posts"}],"about":[{"href":"https:\/\/www.zunoticia.com\/noticias-de-hidalgo\/wp-json\/wp\/v2\/types\/post"}],"author":[{"embeddable":true,"href":"https:\/\/www.zunoticia.com\/noticias-de-hidalgo\/wp-json\/wp\/v2\/users\/20"}],"replies":[{"embeddable":true,"href":"https:\/\/www.zunoticia.com\/noticias-de-hidalgo\/wp-json\/wp\/v2\/comments?post=628264"}],"version-history":[{"count":1,"href":"https:\/\/www.zunoticia.com\/noticias-de-hidalgo\/wp-json\/wp\/v2\/posts\/628264\/revisions"}],"predecessor-version":[{"id":628267,"href":"https:\/\/www.zunoticia.com\/noticias-de-hidalgo\/wp-json\/wp\/v2\/posts\/628264\/revisions\/628267"}],"wp:featuredmedia":[{"embeddable":true,"href":"https:\/\/www.zunoticia.com\/noticias-de-hidalgo\/wp-json\/wp\/v2\/media\/628265"}],"wp:attachment":[{"href":"https:\/\/www.zunoticia.com\/noticias-de-hidalgo\/wp-json\/wp\/v2\/media?parent=628264"}],"wp:term":[{"taxonomy":"category","embeddable":true,"href":"https:\/\/www.zunoticia.com\/noticias-de-hidalgo\/wp-json\/wp\/v2\/categories?post=628264"},{"taxonomy":"post_tag","embeddable":true,"href":"https:\/\/www.zunoticia.com\/noticias-de-hidalgo\/wp-json\/wp\/v2\/tags?post=628264"}],"curies":[{"name":"wp","href":"https:\/\/api.w.org\/{rel}","templated":true}]}}