{"id":628350,"date":"2026-03-03T21:02:39","date_gmt":"2026-03-04T03:02:39","guid":{"rendered":"https:\/\/www.zunoticia.com\/noticias-de-hidalgo\/?p=628350"},"modified":"2026-03-03T21:02:40","modified_gmt":"2026-03-04T03:02:40","slug":"iran-en-el-centro-de-un-incendio-regional","status":"publish","type":"post","link":"https:\/\/www.zunoticia.com\/noticias-de-hidalgo\/2026\/03\/03\/iran-en-el-centro-de-un-incendio-regional\/","title":{"rendered":"Ir\u00e1n, en el centro de un incendio regional"},"content":{"rendered":"<aside class=\"mashsb-container mashsb-main mashsb-stretched\"><div class=\"mashsb-box\"><div class=\"mashsb-count mash-large\" style=\"float:left\"><div class=\"counts mashsbcount\">0<\/div><span class=\"mashsb-sharetext\">SHARES<\/span><\/div><div class=\"mashsb-buttons\"><a class=\"mashicon-facebook mash-large mash-center mashsb-noshadow\" href=\"https:\/\/www.facebook.com\/sharer.php?u=https%3A%2F%2Fwww.zunoticia.com%2Fnoticias-de-hidalgo%2F2026%2F03%2F03%2Firan-en-el-centro-de-un-incendio-regional%2F\" target=\"_top\" rel=\"nofollow\"><span class=\"icon\"><\/span><span class=\"text\">Share<\/span><\/a><a class=\"mashicon-twitter mash-large mash-center mashsb-noshadow\" href=\"https:\/\/twitter.com\/intent\/tweet?text=&amp;url=https:\/\/www.zunoticia.com\/noticias-de-hidalgo\/2026\/03\/03\/iran-en-el-centro-de-un-incendio-regional\/\" target=\"_top\" rel=\"nofollow\"><span class=\"icon\"><\/span><span class=\"text\">Tweet<\/span><\/a><div class=\"onoffswitch2 mash-large mashsb-noshadow\" style=\"display:none\"><\/div><\/div>\n            <\/div>\n                <div style=\"clear:both\"><\/div><div class=\"mashsb-toggle-container\"><\/div><\/aside>\n            <!-- Share buttons by mashshare.net - Version: 4.0.47-->\n<ul class=\"wp-block-list\">\n<li>La nueva guerra y la confirmaci\u00f3n de la muerte de Al\u00ed Jamene\u00ed, llegan en un momento delicado, en el que cualquier chispa parece suficiente para encender la regi\u00f3n.<\/li>\n<\/ul>\n\n\n\n<p><em>Por Jos\u00e9 Luis Guevara<\/em><\/p>\n\n\n\n<p>Ir\u00e1n no explica por s\u00ed mismo todos los problemas de Medio Oriente, pero es dif\u00edcil entender lo que ocurre en esa regi\u00f3n sin observarlo primero. No como el \u00fanico culpable de un incendio regional que no tiene un solo origen, sino como un jugador central en un sistema de estados fr\u00e1giles que lleva d\u00e9cadas acumulando conflictos sin resolver, malas decisiones y promesas de estabilidad que nunca se han cumplido. Es, al mismo tiempo, parte del problema y producto del desorden regional, donde casi siempre paga el precio la poblaci\u00f3n civil.<\/p>\n\n\n\n<p>La nueva guerra y la confirmaci\u00f3n de la muerte de su L\u00edder Supremo, Al\u00ed Jamene\u00ed, a los 86 a\u00f1os, luego de tres d\u00e9cadas al frente de la Rep\u00fablica Isl\u00e1mica, no apagan ese incendio. Llegan, m\u00e1s bien, en uno de sus momentos m\u00e1s delicados, cuando la regi\u00f3n ya est\u00e1 muy tensionada y cualquier chispa parece suficiente para encenderlo a\u00fan m\u00e1s.<\/p>\n\n\n\n<p>Ir\u00e1n no es un pa\u00eds \u00e1rabe ni pertenece al mundo sun\u00ed; es persa, chi\u00ed y heredero de una tradici\u00f3n milenaria. En 1979, para librarse de la f\u00e9rrea dictadura de Mohammad Reza Pahlavi, el \u00faltimo Sha \u2014impuesto por occidente en 1941\u2014, los iran\u00edes hicieron una revoluci\u00f3n y construyeron un Estado teocr\u00e1tico, con elecciones y parlamento, pero bajo la autoridad final del L\u00edder Supremo. Ese sistema particular y autoritario le ha permitido al r\u00e9gimen, durante m\u00e1s de cuarenta a\u00f1os, ser resiliente al aislamiento internacional, las presiones externas y las sanciones.<\/p>\n\n\n\n<p>Desde inicios de este siglo, Ir\u00e1n vivi\u00f3 diversas oleadas de protesta social \u2014todas, bajo el duro yugo de Jamene\u00ed\u2014. El Movimiento Verde de 2009, las protestas econ\u00f3micas de 2017 y 2019, la indignaci\u00f3n tras la muerte de Mahsa Amini en 2022 y las movilizaciones de 2025 y 2026 muestran que amplios sectores de la poblaci\u00f3n ya no se sienten representados por el proyecto revolucionario. La respuesta del Estado ha sido casi siempre la misma: represi\u00f3n y violencia institucional.<\/p>\n\n\n\n<p>Hoy en d\u00eda, la creciente visibilidad del hijo del Sha y de otras figuras opositoras en el exilio a\u00f1ade presi\u00f3n al r\u00e9gimen, sin traducirse por ahora en una alternativa pol\u00edtica clara. Para muchos iran\u00edes, el futuro sigue siendo una interrogante, m\u00e1s a\u00fan luego de la muerte de Jamene\u00ed.<\/p>\n\n\n\n<p>Ese es el primer frente del incendio: el interno. En el que la incertidumbre contin\u00faa.<\/p>\n\n\n\n<p>El segundo frente es el regional. Ir\u00e1n se convirti\u00f3 en el principal referente de la rama chi\u00ed del islam, a la que pertenecen 15% de los musulmanes, frente al 85% que es parte de la rama sun\u00ed. Pero ser\u00eda err\u00f3neo pensar que esa rivalidad es solo una cuesti\u00f3n religiosa. En realidad, se trata de poder, influencia y seguridad nacional. Arabia Saudita y otras monarqu\u00edas sun\u00edes del Golfo P\u00e9rsico ven en Ir\u00e1n no solo una diferencia ideol\u00f3gica, sino un rival directo por el liderazgo regional, con consecuencias que se sienten mucho m\u00e1s all\u00e1 de sus propias capitales.<\/p>\n\n\n\n<p>Tal es el caso del Levante, en donde esa competencia se manifiesta con claridad. En Siria, el apoyo iran\u00ed fue clave para que el r\u00e9gimen sobreviviera a la guerra civil. En el L\u00edbano, Hezbol\u00e1, aliado de Teher\u00e1n, mantiene una tensi\u00f3n constante con Israel, que en las \u00faltimas horas del primero de marzo se tradujo en cruce de ataques armados. En Gaza, la cruenta guerra reactivada tras los ataques terroristas del 7 de octubre de 2023 volvi\u00f3 a conectar la causa palestina con una din\u00e1mica regional que es un rompecabezas de conflictos, donde Ir\u00e1n no siempre est\u00e1 al frente, pero casi nunca est\u00e1 ausente.<\/p>\n\n\n\n<p>Lo mismo sucede en el Mar Rojo, en donde los ataques de los hut\u00edes \u2014tambi\u00e9n chi\u00edes y aliados de Ir\u00e1n\u2014 afectan rutas comerciales clave. En Irak, milicias cercanas a Teher\u00e1n chocan con intereses estadounidenses. En la frontera entre Afganist\u00e1n y Pakist\u00e1n, los recientes enfrentamientos ponen de manifiesto lo r\u00e1pido que la violencia puede contagiarse de un punto a otro en la regi\u00f3n.<\/p>\n\n\n\n<p>Pero la apuesta de Teher\u00e1n de extender su influencia a trav\u00e9s de aliados y grupos afines, evitando una guerra abierta con las grandes potencias militares, ya se agot\u00f3. Los ataques israel\u00edes en Siria; los bombardeos estadounidenses de 2025 contra objetivos iran\u00edes y, particularmente, la guerra que inici\u00f3 apenas el 28 de febrero, marcan un antes y un despu\u00e9s.<\/p>\n\n\n\n<p>El tercer frente del incendio es el programa nuclear iran\u00ed, que sigue siendo uno de los puntos m\u00e1s sensibles y es uno de los objetivos expresos de la reciente escalada b\u00e9lica. Teher\u00e1n defiende su derecho a contar con un programa que tenga fines exclusivamente civiles; pero occidente teme que el mismo sea utilizado para desarrollar capacidad militar nuclear. Un riesgo existencial para Israel que ni Jerusal\u00e9n ni Washington est\u00e1n dispuestos a aceptar.<\/p>\n\n\n\n<p>El acuerdo firmado en 2015 intent\u00f3 poner l\u00edmites claros. La salida de Estados Unidos en 2018 reactiv\u00f3 sanciones y desconfianza. Desde entonces, el programa nuclear es, al mismo tiempo, una herramienta de presi\u00f3n para Ir\u00e1n y una l\u00ednea roja para Washington e Israel.<\/p>\n\n\n\n<p>Derribar al r\u00e9gimen \u2014otro de los objetivos declarados de la actual guerra\u2014, no garantiza construir un orden mejor. Y la historia reciente deber\u00eda servir de advertencia. Irak y Afganist\u00e1n son ejemplos dif\u00edciles de olvidar. En Irak, la ca\u00edda de Saddam Hussein abri\u00f3 una etapa de caos que a\u00fan pesa sobre la vida cotidiana de millones de personas. Afganist\u00e1n mostr\u00f3 durante veinte a\u00f1os los verdaderos l\u00edmites de la intervenci\u00f3n externa. Detr\u00e1s de esa permanente tensi\u00f3n hay algo m\u00e1s simple y m\u00e1s humano: el miedo mutuo a perder el control. Cada escalada aumenta la posibilidad de desestabilizar no solo a Ir\u00e1n, sino a toda la regi\u00f3n. Para bien y para mal, Ir\u00e1n no es ninguno de esos casos: es m\u00e1s grande, m\u00e1s s\u00f3lido institucionalmente y con mayor influencia regional. Pero, un colapso o una desestabilizaci\u00f3n fuera de control tendr\u00eda efectos en cadena en Oriente Medio, Asia Central y quiz\u00e1 m\u00e1s all\u00e1.<\/p>\n\n\n\n<p>Durante d\u00e9cadas, distintas manos internas y externas han cre\u00eddo posible avivar el incendio en Medio Oriente sin quemarse, asumiendo que el fuego pod\u00eda controlarse y que las llamas respetar\u00edan l\u00edmites. La experiencia demuestra lo contrario. Cuando el fuego se sale de control, no distingue entre la casa ajena y la casa propia. Esperemos que eso no suceda.<\/p>\n","protected":false},"excerpt":{"rendered":"<p>Por Jos\u00e9 Luis Guevara Ir\u00e1n no explica por s\u00ed mismo todos los problemas de Medio Oriente, pero es dif\u00edcil entender lo que ocurre en esa regi\u00f3n sin observarlo primero. No como el \u00fanico culpable de un incendio regional que no tiene un solo origen, sino como un jugador central en un sistema de estados fr\u00e1giles&hellip; <a class=\"more-link\" href=\"https:\/\/www.zunoticia.com\/noticias-de-hidalgo\/2026\/03\/03\/iran-en-el-centro-de-un-incendio-regional\/\">Seguir leyendo <span class=\"screen-reader-text\">Ir\u00e1n, en el centro de un incendio regional<\/span><\/a><\/p>\n","protected":false},"author":13,"featured_media":628341,"comment_status":"open","ping_status":"open","sticky":false,"template":"","format":"standard","meta":{"rop_custom_images_group":[],"rop_custom_messages_group":[],"rop_publish_now":"initial","rop_publish_now_accounts":{"facebook_10159540855086992_322828327761733":""},"rop_publish_now_history":[],"rop_publish_now_status":"pending","footnotes":""},"categories":[208],"tags":[214],"class_list":["post-628350","post","type-post","status-publish","format-standard","has-post-thumbnail","hentry","category-estado","tag-estado","entry"],"_links":{"self":[{"href":"https:\/\/www.zunoticia.com\/noticias-de-hidalgo\/wp-json\/wp\/v2\/posts\/628350","targetHints":{"allow":["GET"]}}],"collection":[{"href":"https:\/\/www.zunoticia.com\/noticias-de-hidalgo\/wp-json\/wp\/v2\/posts"}],"about":[{"href":"https:\/\/www.zunoticia.com\/noticias-de-hidalgo\/wp-json\/wp\/v2\/types\/post"}],"author":[{"embeddable":true,"href":"https:\/\/www.zunoticia.com\/noticias-de-hidalgo\/wp-json\/wp\/v2\/users\/13"}],"replies":[{"embeddable":true,"href":"https:\/\/www.zunoticia.com\/noticias-de-hidalgo\/wp-json\/wp\/v2\/comments?post=628350"}],"version-history":[{"count":1,"href":"https:\/\/www.zunoticia.com\/noticias-de-hidalgo\/wp-json\/wp\/v2\/posts\/628350\/revisions"}],"predecessor-version":[{"id":628351,"href":"https:\/\/www.zunoticia.com\/noticias-de-hidalgo\/wp-json\/wp\/v2\/posts\/628350\/revisions\/628351"}],"wp:featuredmedia":[{"embeddable":true,"href":"https:\/\/www.zunoticia.com\/noticias-de-hidalgo\/wp-json\/wp\/v2\/media\/628341"}],"wp:attachment":[{"href":"https:\/\/www.zunoticia.com\/noticias-de-hidalgo\/wp-json\/wp\/v2\/media?parent=628350"}],"wp:term":[{"taxonomy":"category","embeddable":true,"href":"https:\/\/www.zunoticia.com\/noticias-de-hidalgo\/wp-json\/wp\/v2\/categories?post=628350"},{"taxonomy":"post_tag","embeddable":true,"href":"https:\/\/www.zunoticia.com\/noticias-de-hidalgo\/wp-json\/wp\/v2\/tags?post=628350"}],"curies":[{"name":"wp","href":"https:\/\/api.w.org\/{rel}","templated":true}]}}