{"id":628944,"date":"2026-03-08T18:51:37","date_gmt":"2026-03-09T00:51:37","guid":{"rendered":"https:\/\/www.zunoticia.com\/noticias-de-hidalgo\/?p=628944"},"modified":"2026-03-08T18:51:40","modified_gmt":"2026-03-09T00:51:40","slug":"con-caminata-deportiva-conmemoraron-el-dia-de-la-mujer","status":"publish","type":"post","link":"https:\/\/www.zunoticia.com\/noticias-de-hidalgo\/2026\/03\/08\/con-caminata-deportiva-conmemoraron-el-dia-de-la-mujer\/","title":{"rendered":"Con caminata deportiva conmemoraron el D\u00eda de la Mujer"},"content":{"rendered":"<aside class=\"mashsb-container mashsb-main mashsb-stretched\"><div class=\"mashsb-box\"><div class=\"mashsb-count mash-large\" style=\"float:left\"><div class=\"counts mashsbcount\">0<\/div><span class=\"mashsb-sharetext\">SHARES<\/span><\/div><div class=\"mashsb-buttons\"><a class=\"mashicon-facebook mash-large mash-center mashsb-noshadow\" href=\"https:\/\/www.facebook.com\/sharer.php?u=https%3A%2F%2Fwww.zunoticia.com%2Fnoticias-de-hidalgo%2F2026%2F03%2F08%2Fcon-caminata-deportiva-conmemoraron-el-dia-de-la-mujer%2F\" target=\"_top\" rel=\"nofollow\"><span class=\"icon\"><\/span><span class=\"text\">Share<\/span><\/a><a class=\"mashicon-twitter mash-large mash-center mashsb-noshadow\" href=\"https:\/\/twitter.com\/intent\/tweet?text=&amp;url=https:\/\/www.zunoticia.com\/noticias-de-hidalgo\/2026\/03\/08\/con-caminata-deportiva-conmemoraron-el-dia-de-la-mujer\/\" target=\"_top\" rel=\"nofollow\"><span class=\"icon\"><\/span><span class=\"text\">Tweet<\/span><\/a><div class=\"onoffswitch2 mash-large mashsb-noshadow\" style=\"display:none\"><\/div><\/div>\n            <\/div>\n                <div style=\"clear:both\"><\/div><div class=\"mashsb-toggle-container\"><\/div><\/aside>\n            <!-- Share buttons by mashshare.net - Version: 4.0.47-->\n<p><em>Por Gabriela Hern\u00e1ndez\/Zunoticia<\/em><\/p>\n\n\n\n<p><strong>Huejutla, Hgo.-<\/strong> En el marco de la conmemoraci\u00f3n del D\u00eda Internacional de la Mujer, decenas de mujeres del grupo &#8220;Huastecos de altura&#8221; participaron en una caminata, actividad que reuni\u00f3 a mujeres, familias y ciudadan\u00eda, con el prop\u00f3sito de reflexionar y visibilizar la lucha por la igualdad y los derechos de las mujeres.<\/p>\n\n\n\n<figure class=\"wp-block-image size-large\"><img fetchpriority=\"high\" decoding=\"async\" width=\"1024\" height=\"669\" src=\"https:\/\/www.zunoticia.com\/noticias-de-hidalgo\/wp-content\/uploads\/2026\/03\/eZy-Watermark_08-03-2026_03-39-48-0140p.m-1024x669.jpg\" alt=\"\" class=\"wp-image-628910\" srcset=\"https:\/\/www.zunoticia.com\/noticias-de-hidalgo\/wp-content\/uploads\/2026\/03\/eZy-Watermark_08-03-2026_03-39-48-0140p.m-1024x669.jpg 1024w, https:\/\/www.zunoticia.com\/noticias-de-hidalgo\/wp-content\/uploads\/2026\/03\/eZy-Watermark_08-03-2026_03-39-48-0140p.m-300x196.jpg 300w, https:\/\/www.zunoticia.com\/noticias-de-hidalgo\/wp-content\/uploads\/2026\/03\/eZy-Watermark_08-03-2026_03-39-48-0140p.m-768x502.jpg 768w, https:\/\/www.zunoticia.com\/noticias-de-hidalgo\/wp-content\/uploads\/2026\/03\/eZy-Watermark_08-03-2026_03-39-48-0140p.m.jpg 1487w\" sizes=\"(max-width: 1024px) 100vw, 1024px\" \/><\/figure>\n\n\n\n<p>La ruta dio inicio desde temprana hora de este domingo, comenzado en el Pisal de la zona centro Huejutla, hasta la localidad de Panacaxtl\u00e1n, donde en cada paso se hizo presente la fuerza, la uni\u00f3n y el esp\u00edritu de las mujeres.<\/p>\n\n\n\n<figure class=\"wp-block-image size-large\"><img decoding=\"async\" width=\"1024\" height=\"768\" src=\"https:\/\/www.zunoticia.com\/noticias-de-hidalgo\/wp-content\/uploads\/2026\/03\/eZy-Watermark_08-03-2026_03-40-20-2810p.m-1024x768.jpg\" alt=\"\" class=\"wp-image-628909\" srcset=\"https:\/\/www.zunoticia.com\/noticias-de-hidalgo\/wp-content\/uploads\/2026\/03\/eZy-Watermark_08-03-2026_03-40-20-2810p.m-1024x768.jpg 1024w, https:\/\/www.zunoticia.com\/noticias-de-hidalgo\/wp-content\/uploads\/2026\/03\/eZy-Watermark_08-03-2026_03-40-20-2810p.m-300x225.jpg 300w, https:\/\/www.zunoticia.com\/noticias-de-hidalgo\/wp-content\/uploads\/2026\/03\/eZy-Watermark_08-03-2026_03-40-20-2810p.m-768x576.jpg 768w, https:\/\/www.zunoticia.com\/noticias-de-hidalgo\/wp-content\/uploads\/2026\/03\/eZy-Watermark_08-03-2026_03-40-20-2810p.m.jpg 1440w\" sizes=\"(max-width: 1024px) 100vw, 1024px\" \/><\/figure>\n\n\n\n<p>Con gran respuesta, esta caminata tambien honra a las mujeres que, a lo largo de la historia, han abierto camino y han sido inspiraci\u00f3n para las nuevas generaciones.<\/p>\n\n\n\n<figure class=\"wp-block-image size-large\"><img decoding=\"async\" width=\"1024\" height=\"768\" src=\"https:\/\/www.zunoticia.com\/noticias-de-hidalgo\/wp-content\/uploads\/2026\/03\/eZy-Watermark_08-03-2026_03-39-17-7280p.m-1024x768.jpg\" alt=\"\" class=\"wp-image-628908\" srcset=\"https:\/\/www.zunoticia.com\/noticias-de-hidalgo\/wp-content\/uploads\/2026\/03\/eZy-Watermark_08-03-2026_03-39-17-7280p.m-1024x768.jpg 1024w, https:\/\/www.zunoticia.com\/noticias-de-hidalgo\/wp-content\/uploads\/2026\/03\/eZy-Watermark_08-03-2026_03-39-17-7280p.m-300x225.jpg 300w, https:\/\/www.zunoticia.com\/noticias-de-hidalgo\/wp-content\/uploads\/2026\/03\/eZy-Watermark_08-03-2026_03-39-17-7280p.m-768x576.jpg 768w, https:\/\/www.zunoticia.com\/noticias-de-hidalgo\/wp-content\/uploads\/2026\/03\/eZy-Watermark_08-03-2026_03-39-17-7280p.m.jpg 1440w\" sizes=\"(max-width: 1024px) 100vw, 1024px\" \/><\/figure>\n\n\n\n<p>Con un nutrido contingente de mujeres, ni\u00f1as y familias que se sumaron a esta actividad conmemorativa, se promueve la construcci\u00f3n de una sociedad m\u00e1s justa, donde las mujeres puedan ejercer plenamente sus derechos y vivir libres de violencia.<\/p>\n","protected":false},"excerpt":{"rendered":"<p>Por Gabriela Hern\u00e1ndez\/Zunoticia Huejutla, Hgo.- En el marco de la conmemoraci\u00f3n del D\u00eda Internacional de la Mujer, decenas de mujeres del grupo &#8220;Huastecos de altura&#8221; participaron en una caminata, actividad que reuni\u00f3 a mujeres, familias y ciudadan\u00eda, con el prop\u00f3sito de reflexionar y visibilizar la lucha por la igualdad y los derechos de las mujeres.&hellip; <a class=\"more-link\" href=\"https:\/\/www.zunoticia.com\/noticias-de-hidalgo\/2026\/03\/08\/con-caminata-deportiva-conmemoraron-el-dia-de-la-mujer\/\">Seguir leyendo <span class=\"screen-reader-text\">Con caminata deportiva conmemoraron el D\u00eda de la Mujer<\/span><\/a><\/p>\n","protected":false},"author":12,"featured_media":628911,"comment_status":"open","ping_status":"open","sticky":false,"template":"","format":"standard","meta":{"rop_custom_images_group":[],"rop_custom_messages_group":[],"rop_publish_now":"initial","rop_publish_now_accounts":{"facebook_10159540855086992_322828327761733":""},"rop_publish_now_history":[],"rop_publish_now_status":"pending","footnotes":""},"categories":[181],"tags":[121],"class_list":["post-628944","post","type-post","status-publish","format-standard","has-post-thumbnail","hentry","category-huejutla","tag-huejutla","entry"],"_links":{"self":[{"href":"https:\/\/www.zunoticia.com\/noticias-de-hidalgo\/wp-json\/wp\/v2\/posts\/628944","targetHints":{"allow":["GET"]}}],"collection":[{"href":"https:\/\/www.zunoticia.com\/noticias-de-hidalgo\/wp-json\/wp\/v2\/posts"}],"about":[{"href":"https:\/\/www.zunoticia.com\/noticias-de-hidalgo\/wp-json\/wp\/v2\/types\/post"}],"author":[{"embeddable":true,"href":"https:\/\/www.zunoticia.com\/noticias-de-hidalgo\/wp-json\/wp\/v2\/users\/12"}],"replies":[{"embeddable":true,"href":"https:\/\/www.zunoticia.com\/noticias-de-hidalgo\/wp-json\/wp\/v2\/comments?post=628944"}],"version-history":[{"count":1,"href":"https:\/\/www.zunoticia.com\/noticias-de-hidalgo\/wp-json\/wp\/v2\/posts\/628944\/revisions"}],"predecessor-version":[{"id":628951,"href":"https:\/\/www.zunoticia.com\/noticias-de-hidalgo\/wp-json\/wp\/v2\/posts\/628944\/revisions\/628951"}],"wp:featuredmedia":[{"embeddable":true,"href":"https:\/\/www.zunoticia.com\/noticias-de-hidalgo\/wp-json\/wp\/v2\/media\/628911"}],"wp:attachment":[{"href":"https:\/\/www.zunoticia.com\/noticias-de-hidalgo\/wp-json\/wp\/v2\/media?parent=628944"}],"wp:term":[{"taxonomy":"category","embeddable":true,"href":"https:\/\/www.zunoticia.com\/noticias-de-hidalgo\/wp-json\/wp\/v2\/categories?post=628944"},{"taxonomy":"post_tag","embeddable":true,"href":"https:\/\/www.zunoticia.com\/noticias-de-hidalgo\/wp-json\/wp\/v2\/tags?post=628944"}],"curies":[{"name":"wp","href":"https:\/\/api.w.org\/{rel}","templated":true}]}}