{"id":629989,"date":"2026-03-17T12:45:32","date_gmt":"2026-03-17T18:45:32","guid":{"rendered":"https:\/\/www.zunoticia.com\/noticias-de-hidalgo\/?p=629989"},"modified":"2026-03-17T12:45:33","modified_gmt":"2026-03-17T18:45:33","slug":"julio-menchaca-anuncia-reinicio-de-transmisiones-de-radio-mezquital-y-la-voz-de-la-sierra-hidalguense","status":"publish","type":"post","link":"https:\/\/www.zunoticia.com\/noticias-de-hidalgo\/2026\/03\/17\/julio-menchaca-anuncia-reinicio-de-transmisiones-de-radio-mezquital-y-la-voz-de-la-sierra-hidalguense\/","title":{"rendered":"Julio Menchaca anuncia reinicio de transmisiones de Radio Mezquital y La Voz de la Sierra Hidalguense"},"content":{"rendered":"<aside class=\"mashsb-container mashsb-main mashsb-stretched\"><div class=\"mashsb-box\"><div class=\"mashsb-count mash-large\" style=\"float:left\"><div class=\"counts mashsbcount\">0<\/div><span class=\"mashsb-sharetext\">SHARES<\/span><\/div><div class=\"mashsb-buttons\"><a class=\"mashicon-facebook mash-large mash-center mashsb-noshadow\" href=\"https:\/\/www.facebook.com\/sharer.php?u=https%3A%2F%2Fwww.zunoticia.com%2Fnoticias-de-hidalgo%2F2026%2F03%2F17%2Fjulio-menchaca-anuncia-reinicio-de-transmisiones-de-radio-mezquital-y-la-voz-de-la-sierra-hidalguense%2F\" target=\"_top\" rel=\"nofollow\"><span class=\"icon\"><\/span><span class=\"text\">Share<\/span><\/a><a class=\"mashicon-twitter mash-large mash-center mashsb-noshadow\" href=\"https:\/\/twitter.com\/intent\/tweet?text=&amp;url=https:\/\/www.zunoticia.com\/noticias-de-hidalgo\/2026\/03\/17\/julio-menchaca-anuncia-reinicio-de-transmisiones-de-radio-mezquital-y-la-voz-de-la-sierra-hidalguense\/\" target=\"_top\" rel=\"nofollow\"><span class=\"icon\"><\/span><span class=\"text\">Tweet<\/span><\/a><div class=\"onoffswitch2 mash-large mashsb-noshadow\" style=\"display:none\"><\/div><\/div>\n            <\/div>\n                <div style=\"clear:both\"><\/div><div class=\"mashsb-toggle-container\"><\/div><\/aside>\n            <!-- Share buttons by mashshare.net - Version: 4.0.47-->\n<ul class=\"wp-block-list\">\n<li>El gobernador destac\u00f3 la recuperaci\u00f3n de dos espacios que complementan la informaci\u00f3n, cultura y recreaci\u00f3n<\/li>\n<\/ul>\n\n\n\n<p><em>Por Redacci\u00f3n\/Zunoticia<\/em><\/p>\n\n\n\n<p><strong>Pachuca de Soto, Hgo<\/strong>.- En el marco de la Conferencia de Prensa del Gobierno del Estado de Hidalgo, el mandatario estatal Julio Menchaca Salazar anunci\u00f3 la recuperaci\u00f3n y el reinicio de transmisiones de las estaciones XHCPDX 96.5 FM, en Ixmiquilpan, conocida como \u201cRadio Mezquital\u201d, as\u00ed como de \u201cLa Voz de la Sierra Hidalguense\u201d, a trav\u00e9s de la frecuencia XHCPDZ 94.1 FM, ubicada en Tlanchinol.<\/p>\n\n\n\n<p>Al tomar la palabra, Menchaca Salazar reconoci\u00f3 el esfuerzo institucional que hizo posible la recuperaci\u00f3n de este patrimonio hidalguense, subrayando que se trata de un logro que fortalece el derecho a la informaci\u00f3n y la identidad cultural de la poblaci\u00f3n.<\/p>\n\n\n\n<p>Asimismo, lament\u00f3 que un error de la anterior administraci\u00f3n desencadenara en la cancelaci\u00f3n de estas concesiones, situaci\u00f3n que, dijo, afect\u00f3 directamente a las comunidades que encontraban en estos espacios una v\u00eda de expresi\u00f3n y comunicaci\u00f3n directa.&nbsp;<\/p>\n\n\n\n<p>\u201cHubo apat\u00eda y responsabilidad de car\u00e1cter penal y, lo m\u00e1s importante, m\u00e1s que sancionar es recuperar un elemento que venga a complementar todo lo que significa informaci\u00f3n, cultura y recreaci\u00f3n\u201d, refiri\u00f3 Menchaca Salazar.&nbsp;<\/p>\n\n\n\n<p>A trav\u00e9s de un enlace, el secretario de Gobierno, Guillermo Olivares Reyna, record\u00f3 que la estaci\u00f3n recuperada en Ixmiquilpan representa parte del patrimonio ind\u00edgena del Valle del Mezquital. Mientras que el director de Radio y Televisi\u00f3n de Hidalgo, Carlos Barra Moulain, se traslad\u00f3 a Tlanchinol para verificar el arranque de transmisiones, destacando que los pueblos originarios hoy tienen voz en este sistema de medios p\u00fablicos.&nbsp;<\/p>\n\n\n\n<p>Posteriormente, la secretaria de Turismo, Elizabeth Quintanar G\u00f3mez, dio a conocer que, en el marco del arranque de la Semana Santa, el pr\u00f3ximo 25 de marzo se dar\u00e1 el banderazo a los cuerpos de seguridad e instituciones encargadas de garantizar una estancia segura y placentera para quienes visiten la entidad.&nbsp;<\/p>\n\n\n\n<p>En ese sentido, el gobernador enfatiz\u00f3 que la administraci\u00f3n estatal ha enfocado todos sus esfuerzos en generar una buena proyecci\u00f3n tur\u00edstica de la entidad con la b\u00fasqueda de espacios en importantes encuentros estatales, nacionales e internacionales, asegurando que la inversi\u00f3n se traduzca en la presencia de visitantes y el fortalecimiento de la econom\u00eda local.&nbsp;<\/p>\n\n\n\n<figure class=\"wp-block-image size-full\"><img fetchpriority=\"high\" decoding=\"async\" width=\"933\" height=\"524\" src=\"https:\/\/www.zunoticia.com\/noticias-de-hidalgo\/wp-content\/uploads\/2026\/03\/3-7.png\" alt=\"\" class=\"wp-image-629991\" srcset=\"https:\/\/www.zunoticia.com\/noticias-de-hidalgo\/wp-content\/uploads\/2026\/03\/3-7.png 933w, https:\/\/www.zunoticia.com\/noticias-de-hidalgo\/wp-content\/uploads\/2026\/03\/3-7-300x168.png 300w, https:\/\/www.zunoticia.com\/noticias-de-hidalgo\/wp-content\/uploads\/2026\/03\/3-7-768x431.png 768w\" sizes=\"(max-width: 933px) 100vw, 933px\" \/><\/figure>\n\n\n\n<p>Adem\u00e1s, se abordaron los resultados que se generaron durante la visita de la embajadora de Sud\u00e1frica en M\u00e9xico, Beryl Rose Sisulu y su inter\u00e9s por conocer m\u00e1s acerca de los programas sociales, seguridad, proyectos y econom\u00eda que se tienen en la entidad.&nbsp;<\/p>\n\n\n\n<p>Tambi\u00e9n se inform\u00f3 de la adici\u00f3n de Hidalgo a la Declaraci\u00f3n de Glasgow, lo cual lo convierte en el s\u00e9ptimo estado del pa\u00eds en posicionarse como un destino medioambiental responsable.<\/p>\n\n\n\n<p>En su momento, el director general del Instituto Hidalguense del Deporte, Oscar P\u00e9rez Rojas, inform\u00f3 que el Gobierno de M\u00e9xico construir\u00e1 25 canchas de f\u00fatbol&nbsp;en la entidad, luego de que dependencias federales encontraron espacios \u00f3ptimos para este proyecto.<\/p>\n\n\n\n<p>Los municipios beneficiados ser\u00e1n San Agust\u00edn Tlaxiaca, Tepeapulco, Ajacuba, Huichapan, Molango, San Agust\u00edn Metzquititl\u00e1n, Tlahuelilpan, Tula de Allende, Tulancingo de Bravo, Actopan, Tlaxcoapan, San Salvador, Tezontepec de Aldama, Chapantongo, Yahualica, Huejutla de Reyes, San Felipe Orizatl\u00e1n, Mineral del Monte, Zempoala, Villa de Tezontepec, Pachuca y Mineral de la Reforma, lo que representar\u00e1 una inversi\u00f3n de m\u00e1s de 50 millones de pesos.<\/p>\n\n\n\n<p>Para concluir, Menchaca Salazar record\u00f3 que, de la mano de la presidenta Claudia Sheinbaum Pardo, se avanza con el Plan de Reconstrucci\u00f3n que contempla la edificaci\u00f3n de 3 mil 200 casas destinadas a las familias afectadas por la vaguada monz\u00f3nica ocurrida durante el mes de octubre de 2025.<\/p>\n\n\n\n<figure class=\"wp-block-image size-full\"><img decoding=\"async\" width=\"933\" height=\"524\" src=\"https:\/\/www.zunoticia.com\/noticias-de-hidalgo\/wp-content\/uploads\/2026\/03\/2-11.png\" alt=\"\" class=\"wp-image-629992\" srcset=\"https:\/\/www.zunoticia.com\/noticias-de-hidalgo\/wp-content\/uploads\/2026\/03\/2-11.png 933w, https:\/\/www.zunoticia.com\/noticias-de-hidalgo\/wp-content\/uploads\/2026\/03\/2-11-300x168.png 300w, https:\/\/www.zunoticia.com\/noticias-de-hidalgo\/wp-content\/uploads\/2026\/03\/2-11-768x431.png 768w\" sizes=\"(max-width: 933px) 100vw, 933px\" \/><\/figure>\n","protected":false},"excerpt":{"rendered":"<p>Por Redacci\u00f3n\/Zunoticia Pachuca de Soto, Hgo.- En el marco de la Conferencia de Prensa del Gobierno del Estado de Hidalgo, el mandatario estatal Julio Menchaca Salazar anunci\u00f3 la recuperaci\u00f3n y el reinicio de transmisiones de las estaciones XHCPDX 96.5 FM, en Ixmiquilpan, conocida como \u201cRadio Mezquital\u201d, as\u00ed como de \u201cLa Voz de la Sierra Hidalguense\u201d,&hellip; <a class=\"more-link\" href=\"https:\/\/www.zunoticia.com\/noticias-de-hidalgo\/2026\/03\/17\/julio-menchaca-anuncia-reinicio-de-transmisiones-de-radio-mezquital-y-la-voz-de-la-sierra-hidalguense\/\">Seguir leyendo <span class=\"screen-reader-text\">Julio Menchaca anuncia reinicio de transmisiones de Radio Mezquital y La Voz de la Sierra Hidalguense<\/span><\/a><\/p>\n","protected":false},"author":20,"featured_media":629990,"comment_status":"open","ping_status":"open","sticky":false,"template":"","format":"standard","meta":{"rop_custom_images_group":[],"rop_custom_messages_group":[],"rop_publish_now":"initial","rop_publish_now_accounts":{"facebook_10159540855086992_322828327761733":""},"rop_publish_now_history":[],"rop_publish_now_status":"pending","footnotes":""},"categories":[208],"tags":[214],"class_list":["post-629989","post","type-post","status-publish","format-standard","has-post-thumbnail","hentry","category-estado","tag-estado","entry"],"_links":{"self":[{"href":"https:\/\/www.zunoticia.com\/noticias-de-hidalgo\/wp-json\/wp\/v2\/posts\/629989","targetHints":{"allow":["GET"]}}],"collection":[{"href":"https:\/\/www.zunoticia.com\/noticias-de-hidalgo\/wp-json\/wp\/v2\/posts"}],"about":[{"href":"https:\/\/www.zunoticia.com\/noticias-de-hidalgo\/wp-json\/wp\/v2\/types\/post"}],"author":[{"embeddable":true,"href":"https:\/\/www.zunoticia.com\/noticias-de-hidalgo\/wp-json\/wp\/v2\/users\/20"}],"replies":[{"embeddable":true,"href":"https:\/\/www.zunoticia.com\/noticias-de-hidalgo\/wp-json\/wp\/v2\/comments?post=629989"}],"version-history":[{"count":1,"href":"https:\/\/www.zunoticia.com\/noticias-de-hidalgo\/wp-json\/wp\/v2\/posts\/629989\/revisions"}],"predecessor-version":[{"id":629993,"href":"https:\/\/www.zunoticia.com\/noticias-de-hidalgo\/wp-json\/wp\/v2\/posts\/629989\/revisions\/629993"}],"wp:featuredmedia":[{"embeddable":true,"href":"https:\/\/www.zunoticia.com\/noticias-de-hidalgo\/wp-json\/wp\/v2\/media\/629990"}],"wp:attachment":[{"href":"https:\/\/www.zunoticia.com\/noticias-de-hidalgo\/wp-json\/wp\/v2\/media?parent=629989"}],"wp:term":[{"taxonomy":"category","embeddable":true,"href":"https:\/\/www.zunoticia.com\/noticias-de-hidalgo\/wp-json\/wp\/v2\/categories?post=629989"},{"taxonomy":"post_tag","embeddable":true,"href":"https:\/\/www.zunoticia.com\/noticias-de-hidalgo\/wp-json\/wp\/v2\/tags?post=629989"}],"curies":[{"name":"wp","href":"https:\/\/api.w.org\/{rel}","templated":true}]}}