{"id":629997,"date":"2026-03-17T14:10:57","date_gmt":"2026-03-17T20:10:57","guid":{"rendered":"https:\/\/www.zunoticia.com\/noticias-de-hidalgo\/?p=629997"},"modified":"2026-03-17T14:10:59","modified_gmt":"2026-03-17T20:10:59","slug":"ayuntamiento-conmemoro-el-112-aniv-del-natalicio-de-nicandro-castillo","status":"publish","type":"post","link":"https:\/\/www.zunoticia.com\/noticias-de-hidalgo\/2026\/03\/17\/ayuntamiento-conmemoro-el-112-aniv-del-natalicio-de-nicandro-castillo\/","title":{"rendered":"Ayuntamiento conmemor\u00f3 el 112 aniv. del natalicio de Nicandro Castillo"},"content":{"rendered":"<aside class=\"mashsb-container mashsb-main mashsb-stretched\"><div class=\"mashsb-box\"><div class=\"mashsb-count mash-large\" style=\"float:left\"><div class=\"counts mashsbcount\">0<\/div><span class=\"mashsb-sharetext\">SHARES<\/span><\/div><div class=\"mashsb-buttons\"><a class=\"mashicon-facebook mash-large mash-center mashsb-noshadow\" href=\"https:\/\/www.facebook.com\/sharer.php?u=https%3A%2F%2Fwww.zunoticia.com%2Fnoticias-de-hidalgo%2F2026%2F03%2F17%2Fayuntamiento-conmemoro-el-112-aniv-del-natalicio-de-nicandro-castillo%2F\" target=\"_top\" rel=\"nofollow\"><span class=\"icon\"><\/span><span class=\"text\">Share<\/span><\/a><a class=\"mashicon-twitter mash-large mash-center mashsb-noshadow\" href=\"https:\/\/twitter.com\/intent\/tweet?text=&amp;url=https:\/\/www.zunoticia.com\/noticias-de-hidalgo\/2026\/03\/17\/ayuntamiento-conmemoro-el-112-aniv-del-natalicio-de-nicandro-castillo\/\" target=\"_top\" rel=\"nofollow\"><span class=\"icon\"><\/span><span class=\"text\">Tweet<\/span><\/a><div class=\"onoffswitch2 mash-large mashsb-noshadow\" style=\"display:none\"><\/div><\/div>\n            <\/div>\n                <div style=\"clear:both\"><\/div><div class=\"mashsb-toggle-container\"><\/div><\/aside>\n            <!-- Share buttons by mashshare.net - Version: 4.0.47-->\n<p><em>Por Salvador Altamirano\/Zunoticia<\/em><\/p>\n\n\n\n<p><strong>Huejutla, Hgo<\/strong>.- El ayuntamiento que preside Alfredo San Rom\u00e1n Duval, rindiendo &#8220;honor a quien honor merece&#8221;, la ma\u00f1ana de este martes conmemor\u00f3 el 112 aniversario del natalicio del c\u00e9lebre cantautor de huapango Nicandro Castillo G\u00f3mez, quien naci\u00f3 en Xochiatipan el 17 de marzo de 1914.<\/p>\n\n\n\n<p>Al merecido reconocimiento p\u00f3stumo, que tuvo efecto a las 10:00 horas en la Plaza Nicandro Castillo, acudi\u00f3 de invitada especial la hija del homenajeado, do\u00f1a Alejandra Castillo Hoyos, en compa\u00f1\u00eda de familiares.<\/p>\n\n\n\n<p>Asimismo, acudi\u00f3 en representaci\u00f3n del mandatario municipal el director de Desarrollo Humano, Andr\u00e9s Arenas Mej\u00eda, quien durante su intervenci\u00f3n enfatiz\u00f3 que se rend\u00eda homenaje a uno de los m\u00e1s grandes exponentes de la m\u00fasica huasteca, acentuando que su legado permanece vivo en cada nota del huapango, en cada verso que evoca la identidad y el orgullo de ser huasteco.<\/p>\n\n\n\n<figure class=\"wp-block-gallery has-nested-images columns-default is-cropped wp-block-gallery-1 is-layout-flex wp-block-gallery-is-layout-flex\">\n<figure class=\"wp-block-image size-large\"><img fetchpriority=\"high\" decoding=\"async\" width=\"933\" height=\"524\" data-id=\"630003\" src=\"https:\/\/www.zunoticia.com\/noticias-de-hidalgo\/wp-content\/uploads\/2026\/03\/Zunoticia-Huejutla-4-16.png\" alt=\"\" class=\"wp-image-630003\" srcset=\"https:\/\/www.zunoticia.com\/noticias-de-hidalgo\/wp-content\/uploads\/2026\/03\/Zunoticia-Huejutla-4-16.png 933w, https:\/\/www.zunoticia.com\/noticias-de-hidalgo\/wp-content\/uploads\/2026\/03\/Zunoticia-Huejutla-4-16-300x168.png 300w, https:\/\/www.zunoticia.com\/noticias-de-hidalgo\/wp-content\/uploads\/2026\/03\/Zunoticia-Huejutla-4-16-768x431.png 768w\" sizes=\"(max-width: 933px) 100vw, 933px\" \/><\/figure>\n\n\n\n<figure class=\"wp-block-image size-large\"><img decoding=\"async\" width=\"933\" height=\"524\" data-id=\"630004\" src=\"https:\/\/www.zunoticia.com\/noticias-de-hidalgo\/wp-content\/uploads\/2026\/03\/Zunoticia-Huejutla-2-64.png\" alt=\"\" class=\"wp-image-630004\" srcset=\"https:\/\/www.zunoticia.com\/noticias-de-hidalgo\/wp-content\/uploads\/2026\/03\/Zunoticia-Huejutla-2-64.png 933w, https:\/\/www.zunoticia.com\/noticias-de-hidalgo\/wp-content\/uploads\/2026\/03\/Zunoticia-Huejutla-2-64-300x168.png 300w, https:\/\/www.zunoticia.com\/noticias-de-hidalgo\/wp-content\/uploads\/2026\/03\/Zunoticia-Huejutla-2-64-768x431.png 768w\" sizes=\"(max-width: 933px) 100vw, 933px\" \/><\/figure>\n<\/figure>\n\n\n\n<p>Agreg\u00f3 que, su m\u00fasica no s\u00f3lo alegr\u00f3 fiestas y encuentros, traspas\u00f3 fronteras y llev\u00f3 la esencia de la huasteca a otras regiones del pa\u00eds y por supuesto del mundo, demostrando la grandeza cultural de nuestra hermosa tierra.<\/p>\n\n\n\n<p>Es oportuno mencionar que al acto conmemorativo, que fue amenizado por el Tr\u00edo Nueva Reconciliaci\u00f3n, de la comunidad de Huehuetla, acudieron alumnos de sexto grado, de la &#8220;Escuela Primaria Benito Ju\u00e1rez&#8221;, de la Zona Centro, cuyo director es Miguel Cruz Reyes, correspondiendo al ni\u00f1o Cristofer Hern\u00e1ndez, darle lectura a la biograf\u00eda del compositor.<\/p>\n\n\n\n<p>Asimismo, hicieron acto de presencia alumnos del &#8220;Jard\u00edn de Ni\u00f1os Nicandro Castillo&#8221;, de la colonia Seminario, quienes al igual que los funcionarios municipales asistentes, entre ellos la directora de la Casa de la Cultura, Sayonara Palacios, depositaron en el monumento del artista una ofrenda floral e hicieron guardia de honor.<\/p>\n\n\n\n<figure class=\"wp-block-gallery has-nested-images columns-default is-cropped wp-block-gallery-2 is-layout-flex wp-block-gallery-is-layout-flex\">\n<figure class=\"wp-block-image size-large\"><img decoding=\"async\" width=\"933\" height=\"524\" data-id=\"629999\" src=\"https:\/\/www.zunoticia.com\/noticias-de-hidalgo\/wp-content\/uploads\/2026\/03\/Zunoticia-Huejutla-4-15.png\" alt=\"\" class=\"wp-image-629999\" srcset=\"https:\/\/www.zunoticia.com\/noticias-de-hidalgo\/wp-content\/uploads\/2026\/03\/Zunoticia-Huejutla-4-15.png 933w, https:\/\/www.zunoticia.com\/noticias-de-hidalgo\/wp-content\/uploads\/2026\/03\/Zunoticia-Huejutla-4-15-300x168.png 300w, https:\/\/www.zunoticia.com\/noticias-de-hidalgo\/wp-content\/uploads\/2026\/03\/Zunoticia-Huejutla-4-15-768x431.png 768w\" sizes=\"(max-width: 933px) 100vw, 933px\" \/><\/figure>\n\n\n\n<figure class=\"wp-block-image size-large\"><img loading=\"lazy\" decoding=\"async\" width=\"933\" height=\"524\" data-id=\"630000\" src=\"https:\/\/www.zunoticia.com\/noticias-de-hidalgo\/wp-content\/uploads\/2026\/03\/Zunoticia-Huejutla-1-116.png\" alt=\"\" class=\"wp-image-630000\" srcset=\"https:\/\/www.zunoticia.com\/noticias-de-hidalgo\/wp-content\/uploads\/2026\/03\/Zunoticia-Huejutla-1-116.png 933w, https:\/\/www.zunoticia.com\/noticias-de-hidalgo\/wp-content\/uploads\/2026\/03\/Zunoticia-Huejutla-1-116-300x168.png 300w, https:\/\/www.zunoticia.com\/noticias-de-hidalgo\/wp-content\/uploads\/2026\/03\/Zunoticia-Huejutla-1-116-768x431.png 768w\" sizes=\"(max-width: 933px) 100vw, 933px\" \/><\/figure>\n<\/figure>\n\n\n\n<p><\/p>\n","protected":false},"excerpt":{"rendered":"<p>Por Salvador Altamirano\/Zunoticia Huejutla, Hgo.- El ayuntamiento que preside Alfredo San Rom\u00e1n Duval, rindiendo &#8220;honor a quien honor merece&#8221;, la ma\u00f1ana de este martes conmemor\u00f3 el 112 aniversario del natalicio del c\u00e9lebre cantautor de huapango Nicandro Castillo G\u00f3mez, quien naci\u00f3 en Xochiatipan el 17 de marzo de 1914. Al merecido reconocimiento p\u00f3stumo, que tuvo efecto&hellip; <a class=\"more-link\" href=\"https:\/\/www.zunoticia.com\/noticias-de-hidalgo\/2026\/03\/17\/ayuntamiento-conmemoro-el-112-aniv-del-natalicio-de-nicandro-castillo\/\">Seguir leyendo <span class=\"screen-reader-text\">Ayuntamiento conmemor\u00f3 el 112 aniv. del natalicio de Nicandro Castillo<\/span><\/a><\/p>\n","protected":false},"author":20,"featured_media":629998,"comment_status":"open","ping_status":"open","sticky":false,"template":"","format":"standard","meta":{"rop_custom_images_group":[],"rop_custom_messages_group":[],"rop_publish_now":"initial","rop_publish_now_accounts":{"facebook_10159540855086992_322828327761733":""},"rop_publish_now_history":[],"rop_publish_now_status":"pending","footnotes":""},"categories":[181],"tags":[121],"class_list":["post-629997","post","type-post","status-publish","format-standard","has-post-thumbnail","hentry","category-huejutla","tag-huejutla","entry"],"_links":{"self":[{"href":"https:\/\/www.zunoticia.com\/noticias-de-hidalgo\/wp-json\/wp\/v2\/posts\/629997","targetHints":{"allow":["GET"]}}],"collection":[{"href":"https:\/\/www.zunoticia.com\/noticias-de-hidalgo\/wp-json\/wp\/v2\/posts"}],"about":[{"href":"https:\/\/www.zunoticia.com\/noticias-de-hidalgo\/wp-json\/wp\/v2\/types\/post"}],"author":[{"embeddable":true,"href":"https:\/\/www.zunoticia.com\/noticias-de-hidalgo\/wp-json\/wp\/v2\/users\/20"}],"replies":[{"embeddable":true,"href":"https:\/\/www.zunoticia.com\/noticias-de-hidalgo\/wp-json\/wp\/v2\/comments?post=629997"}],"version-history":[{"count":1,"href":"https:\/\/www.zunoticia.com\/noticias-de-hidalgo\/wp-json\/wp\/v2\/posts\/629997\/revisions"}],"predecessor-version":[{"id":630005,"href":"https:\/\/www.zunoticia.com\/noticias-de-hidalgo\/wp-json\/wp\/v2\/posts\/629997\/revisions\/630005"}],"wp:featuredmedia":[{"embeddable":true,"href":"https:\/\/www.zunoticia.com\/noticias-de-hidalgo\/wp-json\/wp\/v2\/media\/629998"}],"wp:attachment":[{"href":"https:\/\/www.zunoticia.com\/noticias-de-hidalgo\/wp-json\/wp\/v2\/media?parent=629997"}],"wp:term":[{"taxonomy":"category","embeddable":true,"href":"https:\/\/www.zunoticia.com\/noticias-de-hidalgo\/wp-json\/wp\/v2\/categories?post=629997"},{"taxonomy":"post_tag","embeddable":true,"href":"https:\/\/www.zunoticia.com\/noticias-de-hidalgo\/wp-json\/wp\/v2\/tags?post=629997"}],"curies":[{"name":"wp","href":"https:\/\/api.w.org\/{rel}","templated":true}]}}