{"id":630041,"date":"2026-03-17T16:45:49","date_gmt":"2026-03-17T22:45:49","guid":{"rendered":"https:\/\/www.zunoticia.com\/noticias-de-hidalgo\/?p=630041"},"modified":"2026-03-17T16:45:51","modified_gmt":"2026-03-17T22:45:51","slug":"pasillos-del-sector-del-laminado-sin-luz-publica-comerciantes","status":"publish","type":"post","link":"https:\/\/www.zunoticia.com\/noticias-de-hidalgo\/2026\/03\/17\/pasillos-del-sector-del-laminado-sin-luz-publica-comerciantes\/","title":{"rendered":"Pasillos del sector del laminado sin luz p\u00fablica: comerciantes"},"content":{"rendered":"<aside class=\"mashsb-container mashsb-main mashsb-stretched\"><div class=\"mashsb-box\"><div class=\"mashsb-count mash-large\" style=\"float:left\"><div class=\"counts mashsbcount\">0<\/div><span class=\"mashsb-sharetext\">SHARES<\/span><\/div><div class=\"mashsb-buttons\"><a class=\"mashicon-facebook mash-large mash-center mashsb-noshadow\" href=\"https:\/\/www.facebook.com\/sharer.php?u=https%3A%2F%2Fwww.zunoticia.com%2Fnoticias-de-hidalgo%2F2026%2F03%2F17%2Fpasillos-del-sector-del-laminado-sin-luz-publica-comerciantes%2F\" target=\"_top\" rel=\"nofollow\"><span class=\"icon\"><\/span><span class=\"text\">Share<\/span><\/a><a class=\"mashicon-twitter mash-large mash-center mashsb-noshadow\" href=\"https:\/\/twitter.com\/intent\/tweet?text=&amp;url=https:\/\/www.zunoticia.com\/noticias-de-hidalgo\/2026\/03\/17\/pasillos-del-sector-del-laminado-sin-luz-publica-comerciantes\/\" target=\"_top\" rel=\"nofollow\"><span class=\"icon\"><\/span><span class=\"text\">Tweet<\/span><\/a><div class=\"onoffswitch2 mash-large mashsb-noshadow\" style=\"display:none\"><\/div><\/div>\n            <\/div>\n                <div style=\"clear:both\"><\/div><div class=\"mashsb-toggle-container\"><\/div><\/aside>\n            <!-- Share buttons by mashshare.net - Version: 4.0.47-->\n<p><em>Por Salvador Altamirano\/Zunoticia<\/em><\/p>\n\n\n\n<p><strong>Huejutla, Hgo<\/strong>.- Comerciantes establecidos en el \u00e1rea del laminado, sector del Mercado municipal, manifestaron que la mitad de los pasillos del complejo de venta no tienen luz p\u00fablica.<\/p>\n\n\n\n<p>Agregaron, por tal motivo, en las noches est\u00e1n a oscuras, \u201cy aunque los negocios est\u00e9n cerrados la infraestructura del alumbrado p\u00fablico mantiene la zona activa y segura, protege nuestro patrimonio\u201d.<\/p>\n\n\n\n<p>A pregunta formulada, refirieron que el problema ya tiene m\u00e1s de 20 d\u00edas, por lo que solicitan a la dirigencia de la UCLA y a la administraci\u00f3n del Mercado, que solucionen el problema.<\/p>\n\n\n\n<p>Para finalizar, comentaron que, aunado al riesgo de ser v\u00edctimas de alg\u00fan delito, se evita que los pasillos se utilicen por las noches como sanitarios, por lo que es necesario que se rehabilite a la brevedad posible el sistema parcialmente da\u00f1ado.<\/p>\n\n\n\n<p><\/p>\n","protected":false},"excerpt":{"rendered":"<p>Por Salvador Altamirano\/Zunoticia Huejutla, Hgo.- Comerciantes establecidos en el \u00e1rea del laminado, sector del Mercado municipal, manifestaron que la mitad de los pasillos del complejo de venta no tienen luz p\u00fablica. Agregaron, por tal motivo, en las noches est\u00e1n a oscuras, \u201cy aunque los negocios est\u00e9n cerrados la infraestructura del alumbrado p\u00fablico mantiene la zona&hellip; <a class=\"more-link\" href=\"https:\/\/www.zunoticia.com\/noticias-de-hidalgo\/2026\/03\/17\/pasillos-del-sector-del-laminado-sin-luz-publica-comerciantes\/\">Seguir leyendo <span class=\"screen-reader-text\">Pasillos del sector del laminado sin luz p\u00fablica: comerciantes<\/span><\/a><\/p>\n","protected":false},"author":20,"featured_media":630042,"comment_status":"open","ping_status":"open","sticky":false,"template":"","format":"standard","meta":{"rop_custom_images_group":[],"rop_custom_messages_group":[],"rop_publish_now":"initial","rop_publish_now_accounts":{"facebook_10159540855086992_322828327761733":""},"rop_publish_now_history":[],"rop_publish_now_status":"pending","footnotes":""},"categories":[181],"tags":[121],"class_list":["post-630041","post","type-post","status-publish","format-standard","has-post-thumbnail","hentry","category-huejutla","tag-huejutla","entry"],"_links":{"self":[{"href":"https:\/\/www.zunoticia.com\/noticias-de-hidalgo\/wp-json\/wp\/v2\/posts\/630041","targetHints":{"allow":["GET"]}}],"collection":[{"href":"https:\/\/www.zunoticia.com\/noticias-de-hidalgo\/wp-json\/wp\/v2\/posts"}],"about":[{"href":"https:\/\/www.zunoticia.com\/noticias-de-hidalgo\/wp-json\/wp\/v2\/types\/post"}],"author":[{"embeddable":true,"href":"https:\/\/www.zunoticia.com\/noticias-de-hidalgo\/wp-json\/wp\/v2\/users\/20"}],"replies":[{"embeddable":true,"href":"https:\/\/www.zunoticia.com\/noticias-de-hidalgo\/wp-json\/wp\/v2\/comments?post=630041"}],"version-history":[{"count":1,"href":"https:\/\/www.zunoticia.com\/noticias-de-hidalgo\/wp-json\/wp\/v2\/posts\/630041\/revisions"}],"predecessor-version":[{"id":630043,"href":"https:\/\/www.zunoticia.com\/noticias-de-hidalgo\/wp-json\/wp\/v2\/posts\/630041\/revisions\/630043"}],"wp:featuredmedia":[{"embeddable":true,"href":"https:\/\/www.zunoticia.com\/noticias-de-hidalgo\/wp-json\/wp\/v2\/media\/630042"}],"wp:attachment":[{"href":"https:\/\/www.zunoticia.com\/noticias-de-hidalgo\/wp-json\/wp\/v2\/media?parent=630041"}],"wp:term":[{"taxonomy":"category","embeddable":true,"href":"https:\/\/www.zunoticia.com\/noticias-de-hidalgo\/wp-json\/wp\/v2\/categories?post=630041"},{"taxonomy":"post_tag","embeddable":true,"href":"https:\/\/www.zunoticia.com\/noticias-de-hidalgo\/wp-json\/wp\/v2\/tags?post=630041"}],"curies":[{"name":"wp","href":"https:\/\/api.w.org\/{rel}","templated":true}]}}