{"id":630044,"date":"2026-03-17T16:56:45","date_gmt":"2026-03-17T22:56:45","guid":{"rendered":"https:\/\/www.zunoticia.com\/noticias-de-hidalgo\/?p=630044"},"modified":"2026-03-17T16:56:46","modified_gmt":"2026-03-17T22:56:46","slug":"florerias-se-alistan-para-la-venta-de-flores-amarillas","status":"publish","type":"post","link":"https:\/\/www.zunoticia.com\/noticias-de-hidalgo\/2026\/03\/17\/florerias-se-alistan-para-la-venta-de-flores-amarillas\/","title":{"rendered":"Florer\u00edas se alistan para la venta de flores amarillas"},"content":{"rendered":"<aside class=\"mashsb-container mashsb-main mashsb-stretched\"><div class=\"mashsb-box\"><div class=\"mashsb-count mash-large\" style=\"float:left\"><div class=\"counts mashsbcount\">0<\/div><span class=\"mashsb-sharetext\">SHARES<\/span><\/div><div class=\"mashsb-buttons\"><a class=\"mashicon-facebook mash-large mash-center mashsb-noshadow\" href=\"https:\/\/www.facebook.com\/sharer.php?u=https%3A%2F%2Fwww.zunoticia.com%2Fnoticias-de-hidalgo%2F2026%2F03%2F17%2Fflorerias-se-alistan-para-la-venta-de-flores-amarillas%2F\" target=\"_top\" rel=\"nofollow\"><span class=\"icon\"><\/span><span class=\"text\">Share<\/span><\/a><a class=\"mashicon-twitter mash-large mash-center mashsb-noshadow\" href=\"https:\/\/twitter.com\/intent\/tweet?text=&amp;url=https:\/\/www.zunoticia.com\/noticias-de-hidalgo\/2026\/03\/17\/florerias-se-alistan-para-la-venta-de-flores-amarillas\/\" target=\"_top\" rel=\"nofollow\"><span class=\"icon\"><\/span><span class=\"text\">Tweet<\/span><\/a><div class=\"onoffswitch2 mash-large mashsb-noshadow\" style=\"display:none\"><\/div><\/div>\n            <\/div>\n                <div style=\"clear:both\"><\/div><div class=\"mashsb-toggle-container\"><\/div><\/aside>\n            <!-- Share buttons by mashshare.net - Version: 4.0.47-->\n<p><em>Por Gabriela Hern\u00e1ndez\/Zunoticia<\/em><\/p>\n\n\n\n<p><strong>Huejutla, Hgo<\/strong>.-La tendencia de regalar flores amarillas el 21 de marzo, con motivo del inicio de la primavera, ha dado un respiro econ\u00f3mico a las florer\u00edas de Huejutla que en a\u00f1os anteriores han reportado un incremento en ventas de m\u00e1s del 80 por ciento.<\/p>\n\n\n\n<p>Yolanda Cruz, propietaria de la Florer\u00eda ubicada sobre el boulevard Adolfo L\u00f3pez Mateos, destaco que esta costumbre popularizada a nivel mundial por redes sociales, comenz\u00f3 hace 4 a\u00f1os inspirada en una telenovela, desde entonces, se ha convertido en una oportunidad para dinamizar el comercio local en una temporada que tradicionalmente es baja en ventas.<\/p>\n\n\n\n<p>&#8220;Esperamos buenos resultados con las ventas en este a\u00f1o, lo que resultar\u00eda un aliciente econ\u00f3mico para todos quienes nos dedicamos a la comercializaci\u00f3n de las flores, por ello, invitamos a toda la poblaci\u00f3n que tiene a un ser amado, a regalar flores amarillas y seguir con esta nueva tradici\u00f3n surgida de la modernidad de las redes sociales\u201d, expres\u00f3.<\/p>\n\n\n\n<p>Los arreglos m\u00e1s solicitados incluyen girasoles, rosas amarillas, gerberas y Lilis, los cuales se venden tanto en ramos como de manera individual. Los comerciantes han decidido mantener precios accesibles, con arreglos desde 100 pesos, para incentivar la compra y aprovechar el auge de la tradici\u00f3n.<\/p>\n\n\n\n<figure class=\"wp-block-image size-full\"><img fetchpriority=\"high\" decoding=\"async\" width=\"933\" height=\"524\" src=\"https:\/\/www.zunoticia.com\/noticias-de-hidalgo\/wp-content\/uploads\/2026\/03\/Zunoticia-Huejutla-1-123.png\" alt=\"\" class=\"wp-image-630046\" srcset=\"https:\/\/www.zunoticia.com\/noticias-de-hidalgo\/wp-content\/uploads\/2026\/03\/Zunoticia-Huejutla-1-123.png 933w, https:\/\/www.zunoticia.com\/noticias-de-hidalgo\/wp-content\/uploads\/2026\/03\/Zunoticia-Huejutla-1-123-300x168.png 300w, https:\/\/www.zunoticia.com\/noticias-de-hidalgo\/wp-content\/uploads\/2026\/03\/Zunoticia-Huejutla-1-123-768x431.png 768w\" sizes=\"(max-width: 933px) 100vw, 933px\" \/><\/figure>\n\n\n\n<p>Est\u00e1 tendencia ha sido bien recibida, especialmente entre los j\u00f3venes, quienes ven en las flores amarillas un s\u00edmbolo de amor y amistad.<\/p>\n\n\n\n<p>Con una alta demanda y un impacto positivo en la econom\u00eda local, esta nueva tradici\u00f3n parece consolidarse como una fecha clave para el sector florista en Huejutla, por lo que el pr\u00f3ximo s\u00e1bado 21 de marzo las calles de la ciudad, se ver\u00e1n inundadas por flores amarillas.<\/p>\n","protected":false},"excerpt":{"rendered":"<p>Por Gabriela Hern\u00e1ndez\/Zunoticia Huejutla, Hgo.-La tendencia de regalar flores amarillas el 21 de marzo, con motivo del inicio de la primavera, ha dado un respiro econ\u00f3mico a las florer\u00edas de Huejutla que en a\u00f1os anteriores han reportado un incremento en ventas de m\u00e1s del 80 por ciento. Yolanda Cruz, propietaria de la Florer\u00eda ubicada sobre&hellip; <a class=\"more-link\" href=\"https:\/\/www.zunoticia.com\/noticias-de-hidalgo\/2026\/03\/17\/florerias-se-alistan-para-la-venta-de-flores-amarillas\/\">Seguir leyendo <span class=\"screen-reader-text\">Florer\u00edas se alistan para la venta de flores amarillas<\/span><\/a><\/p>\n","protected":false},"author":20,"featured_media":630045,"comment_status":"open","ping_status":"open","sticky":false,"template":"","format":"standard","meta":{"rop_custom_images_group":[],"rop_custom_messages_group":[],"rop_publish_now":"initial","rop_publish_now_accounts":{"facebook_10159540855086992_322828327761733":""},"rop_publish_now_history":[],"rop_publish_now_status":"pending","footnotes":""},"categories":[181],"tags":[121],"class_list":["post-630044","post","type-post","status-publish","format-standard","has-post-thumbnail","hentry","category-huejutla","tag-huejutla","entry"],"_links":{"self":[{"href":"https:\/\/www.zunoticia.com\/noticias-de-hidalgo\/wp-json\/wp\/v2\/posts\/630044","targetHints":{"allow":["GET"]}}],"collection":[{"href":"https:\/\/www.zunoticia.com\/noticias-de-hidalgo\/wp-json\/wp\/v2\/posts"}],"about":[{"href":"https:\/\/www.zunoticia.com\/noticias-de-hidalgo\/wp-json\/wp\/v2\/types\/post"}],"author":[{"embeddable":true,"href":"https:\/\/www.zunoticia.com\/noticias-de-hidalgo\/wp-json\/wp\/v2\/users\/20"}],"replies":[{"embeddable":true,"href":"https:\/\/www.zunoticia.com\/noticias-de-hidalgo\/wp-json\/wp\/v2\/comments?post=630044"}],"version-history":[{"count":1,"href":"https:\/\/www.zunoticia.com\/noticias-de-hidalgo\/wp-json\/wp\/v2\/posts\/630044\/revisions"}],"predecessor-version":[{"id":630047,"href":"https:\/\/www.zunoticia.com\/noticias-de-hidalgo\/wp-json\/wp\/v2\/posts\/630044\/revisions\/630047"}],"wp:featuredmedia":[{"embeddable":true,"href":"https:\/\/www.zunoticia.com\/noticias-de-hidalgo\/wp-json\/wp\/v2\/media\/630045"}],"wp:attachment":[{"href":"https:\/\/www.zunoticia.com\/noticias-de-hidalgo\/wp-json\/wp\/v2\/media?parent=630044"}],"wp:term":[{"taxonomy":"category","embeddable":true,"href":"https:\/\/www.zunoticia.com\/noticias-de-hidalgo\/wp-json\/wp\/v2\/categories?post=630044"},{"taxonomy":"post_tag","embeddable":true,"href":"https:\/\/www.zunoticia.com\/noticias-de-hidalgo\/wp-json\/wp\/v2\/tags?post=630044"}],"curies":[{"name":"wp","href":"https:\/\/api.w.org\/{rel}","templated":true}]}}