{"id":630065,"date":"2026-03-17T17:45:58","date_gmt":"2026-03-17T23:45:58","guid":{"rendered":"https:\/\/www.zunoticia.com\/noticias-de-hidalgo\/?p=630065"},"modified":"2026-03-17T17:46:00","modified_gmt":"2026-03-17T23:46:00","slug":"salida-de-camino-sufrio-automovil","status":"publish","type":"post","link":"https:\/\/www.zunoticia.com\/noticias-de-hidalgo\/2026\/03\/17\/salida-de-camino-sufrio-automovil\/","title":{"rendered":"Salida de camino sufri\u00f3 autom\u00f3vil"},"content":{"rendered":"<aside class=\"mashsb-container mashsb-main mashsb-stretched\"><div class=\"mashsb-box\"><div class=\"mashsb-count mash-large\" style=\"float:left\"><div class=\"counts mashsbcount\">0<\/div><span class=\"mashsb-sharetext\">SHARES<\/span><\/div><div class=\"mashsb-buttons\"><a class=\"mashicon-facebook mash-large mash-center mashsb-noshadow\" href=\"https:\/\/www.facebook.com\/sharer.php?u=https%3A%2F%2Fwww.zunoticia.com%2Fnoticias-de-hidalgo%2F2026%2F03%2F17%2Fsalida-de-camino-sufrio-automovil%2F\" target=\"_top\" rel=\"nofollow\"><span class=\"icon\"><\/span><span class=\"text\">Share<\/span><\/a><a class=\"mashicon-twitter mash-large mash-center mashsb-noshadow\" href=\"https:\/\/twitter.com\/intent\/tweet?text=&amp;url=https:\/\/www.zunoticia.com\/noticias-de-hidalgo\/2026\/03\/17\/salida-de-camino-sufrio-automovil\/\" target=\"_top\" rel=\"nofollow\"><span class=\"icon\"><\/span><span class=\"text\">Tweet<\/span><\/a><div class=\"onoffswitch2 mash-large mashsb-noshadow\" style=\"display:none\"><\/div><\/div>\n            <\/div>\n                <div style=\"clear:both\"><\/div><div class=\"mashsb-toggle-container\"><\/div><\/aside>\n            <!-- Share buttons by mashshare.net - Version: 4.0.47-->\n<p><em>Por Roberto Ram\u00edrez\/Zunoticia<\/em><\/p>\n\n\n\n<p><strong>Tlanchinol, Hgo.-<\/strong> Un veh\u00edculo automotor sufri\u00f3 una salida de camino sobre la v\u00eda federal M\u00e9xico \u2013 Tampico a la altura de la torre y la virgen, dejando da\u00f1os materiales, al lugar de los hechos llegaron autoridades policiacas para intervenir en el accidente y auxiliar al conductor.<\/p>\n\n\n\n<p>El percance ocurri\u00f3 presuntamente ante el exceso de velocidad de un autom\u00f3vil Volkswagen que se sali\u00f3 de la carretera y termin\u00f3 en la cuneta, impact\u00e1ndose con el pared\u00f3n de esa v\u00eda; por el hecho, los ocupantes salieron ilesos.<\/p>\n\n\n\n<p>Policiacas llegaron al lugar para abanderar a los automovilistas en el tramo antes mencionado y as\u00ed evitar m\u00e1s incidentes.<\/p>\n\n\n\n<p>Ante tales hechos, la Guardia Nacional Carreteras exhorta a los conductores a manejar a la defensiva y con ello, evitar este tipo de situaciones, aunado a las malas condiciones clim\u00e1ticas en esta regi\u00f3n serrana.<\/p>\n","protected":false},"excerpt":{"rendered":"<p>Por Roberto Ram\u00edrez\/Zunoticia Tlanchinol, Hgo.- Un veh\u00edculo automotor sufri\u00f3 una salida de camino sobre la v\u00eda federal M\u00e9xico \u2013 Tampico a la altura de la torre y la virgen, dejando da\u00f1os materiales, al lugar de los hechos llegaron autoridades policiacas para intervenir en el accidente y auxiliar al conductor. El percance ocurri\u00f3 presuntamente ante el&hellip; <a class=\"more-link\" href=\"https:\/\/www.zunoticia.com\/noticias-de-hidalgo\/2026\/03\/17\/salida-de-camino-sufrio-automovil\/\">Seguir leyendo <span class=\"screen-reader-text\">Salida de camino sufri\u00f3 autom\u00f3vil<\/span><\/a><\/p>\n","protected":false},"author":13,"featured_media":630060,"comment_status":"open","ping_status":"open","sticky":false,"template":"","format":"standard","meta":{"rop_custom_images_group":[],"rop_custom_messages_group":[],"rop_publish_now":"initial","rop_publish_now_accounts":{"facebook_10159540855086992_322828327761733":""},"rop_publish_now_history":[],"rop_publish_now_status":"pending","footnotes":""},"categories":[178],"tags":[259],"class_list":["post-630065","post","type-post","status-publish","format-standard","has-post-thumbnail","hentry","category-policiaca","tag-policiaca","entry"],"_links":{"self":[{"href":"https:\/\/www.zunoticia.com\/noticias-de-hidalgo\/wp-json\/wp\/v2\/posts\/630065","targetHints":{"allow":["GET"]}}],"collection":[{"href":"https:\/\/www.zunoticia.com\/noticias-de-hidalgo\/wp-json\/wp\/v2\/posts"}],"about":[{"href":"https:\/\/www.zunoticia.com\/noticias-de-hidalgo\/wp-json\/wp\/v2\/types\/post"}],"author":[{"embeddable":true,"href":"https:\/\/www.zunoticia.com\/noticias-de-hidalgo\/wp-json\/wp\/v2\/users\/13"}],"replies":[{"embeddable":true,"href":"https:\/\/www.zunoticia.com\/noticias-de-hidalgo\/wp-json\/wp\/v2\/comments?post=630065"}],"version-history":[{"count":1,"href":"https:\/\/www.zunoticia.com\/noticias-de-hidalgo\/wp-json\/wp\/v2\/posts\/630065\/revisions"}],"predecessor-version":[{"id":630066,"href":"https:\/\/www.zunoticia.com\/noticias-de-hidalgo\/wp-json\/wp\/v2\/posts\/630065\/revisions\/630066"}],"wp:featuredmedia":[{"embeddable":true,"href":"https:\/\/www.zunoticia.com\/noticias-de-hidalgo\/wp-json\/wp\/v2\/media\/630060"}],"wp:attachment":[{"href":"https:\/\/www.zunoticia.com\/noticias-de-hidalgo\/wp-json\/wp\/v2\/media?parent=630065"}],"wp:term":[{"taxonomy":"category","embeddable":true,"href":"https:\/\/www.zunoticia.com\/noticias-de-hidalgo\/wp-json\/wp\/v2\/categories?post=630065"},{"taxonomy":"post_tag","embeddable":true,"href":"https:\/\/www.zunoticia.com\/noticias-de-hidalgo\/wp-json\/wp\/v2\/tags?post=630065"}],"curies":[{"name":"wp","href":"https:\/\/api.w.org\/{rel}","templated":true}]}}