{"id":630260,"date":"2026-03-19T11:18:45","date_gmt":"2026-03-19T17:18:45","guid":{"rendered":"https:\/\/www.zunoticia.com\/noticias-de-hidalgo\/?p=630260"},"modified":"2026-03-19T11:18:48","modified_gmt":"2026-03-19T17:18:48","slug":"en-procesion-se-llevan-al-padre-jesus-a-tepeolol","status":"publish","type":"post","link":"https:\/\/www.zunoticia.com\/noticias-de-hidalgo\/2026\/03\/19\/en-procesion-se-llevan-al-padre-jesus-a-tepeolol\/","title":{"rendered":"En Procesi\u00f3n se llevan al Padre Jes\u00fas a Tepeolol"},"content":{"rendered":"<aside class=\"mashsb-container mashsb-main mashsb-stretched\"><div class=\"mashsb-box\"><div class=\"mashsb-count mash-large\" style=\"float:left\"><div class=\"counts mashsbcount\">0<\/div><span class=\"mashsb-sharetext\">SHARES<\/span><\/div><div class=\"mashsb-buttons\"><a class=\"mashicon-facebook mash-large mash-center mashsb-noshadow\" href=\"https:\/\/www.facebook.com\/sharer.php?u=https%3A%2F%2Fwww.zunoticia.com%2Fnoticias-de-hidalgo%2F2026%2F03%2F19%2Fen-procesion-se-llevan-al-padre-jesus-a-tepeolol%2F\" target=\"_top\" rel=\"nofollow\"><span class=\"icon\"><\/span><span class=\"text\">Share<\/span><\/a><a class=\"mashicon-twitter mash-large mash-center mashsb-noshadow\" href=\"https:\/\/twitter.com\/intent\/tweet?text=&amp;url=https:\/\/www.zunoticia.com\/noticias-de-hidalgo\/2026\/03\/19\/en-procesion-se-llevan-al-padre-jesus-a-tepeolol\/\" target=\"_top\" rel=\"nofollow\"><span class=\"icon\"><\/span><span class=\"text\">Tweet<\/span><\/a><div class=\"onoffswitch2 mash-large mashsb-noshadow\" style=\"display:none\"><\/div><\/div>\n            <\/div>\n                <div style=\"clear:both\"><\/div><div class=\"mashsb-toggle-container\"><\/div><\/aside>\n            <!-- Share buttons by mashshare.net - Version: 4.0.47-->\n<p><em>Por Enedino Hern\u00e1ndez \/ Zunoticia<\/em><\/p>\n\n\n\n<p><strong>Huejutla, Hgo<\/strong>.- En Procesi\u00f3n fieles cat\u00f3licos de la poblaci\u00f3n de Tepeolol se llevaron desde la Catedral Cristo Rey, al Padre Jes\u00fas, a una velaci\u00f3n con motivo de su fiesta patronal.<\/p>\n\n\n\n<figure class=\"wp-block-image size-full\"><img fetchpriority=\"high\" decoding=\"async\" width=\"933\" height=\"524\" src=\"https:\/\/www.zunoticia.com\/noticias-de-hidalgo\/wp-content\/uploads\/2026\/03\/Zunoticia-Huejutla-4-18.png\" alt=\"\" class=\"wp-image-630264\" srcset=\"https:\/\/www.zunoticia.com\/noticias-de-hidalgo\/wp-content\/uploads\/2026\/03\/Zunoticia-Huejutla-4-18.png 933w, https:\/\/www.zunoticia.com\/noticias-de-hidalgo\/wp-content\/uploads\/2026\/03\/Zunoticia-Huejutla-4-18-300x168.png 300w, https:\/\/www.zunoticia.com\/noticias-de-hidalgo\/wp-content\/uploads\/2026\/03\/Zunoticia-Huejutla-4-18-768x431.png 768w\" sizes=\"(max-width: 933px) 100vw, 933px\" \/><\/figure>\n\n\n\n<p>Durante su salida y recorrido por las calles de la ciudad de Huejutla, los fieles cat\u00f3licos fueron acompa\u00f1ados por integrantes de la Banda de viento y por el grupo de danza de las Inditas.<\/p>\n\n\n\n<p>Es de esta manera como las comunidades ind\u00edgenas de la Huasteca, mediante procesiones y velaciones contin\u00faan fortaleciendo su fe religiosa.<\/p>\n\n\n\n<figure class=\"wp-block-gallery has-nested-images columns-default is-cropped wp-block-gallery-1 is-layout-flex wp-block-gallery-is-layout-flex\">\n<figure class=\"wp-block-image size-large\"><img decoding=\"async\" width=\"933\" height=\"524\" data-id=\"630262\" src=\"https:\/\/www.zunoticia.com\/noticias-de-hidalgo\/wp-content\/uploads\/2026\/03\/Zunoticia-Huejutla-3-42.png\" alt=\"\" class=\"wp-image-630262\" srcset=\"https:\/\/www.zunoticia.com\/noticias-de-hidalgo\/wp-content\/uploads\/2026\/03\/Zunoticia-Huejutla-3-42.png 933w, https:\/\/www.zunoticia.com\/noticias-de-hidalgo\/wp-content\/uploads\/2026\/03\/Zunoticia-Huejutla-3-42-300x168.png 300w, https:\/\/www.zunoticia.com\/noticias-de-hidalgo\/wp-content\/uploads\/2026\/03\/Zunoticia-Huejutla-3-42-768x431.png 768w\" sizes=\"(max-width: 933px) 100vw, 933px\" \/><\/figure>\n\n\n\n<figure class=\"wp-block-image size-full\"><img decoding=\"async\" width=\"933\" height=\"524\" data-id=\"630263\" src=\"https:\/\/www.zunoticia.com\/noticias-de-hidalgo\/wp-content\/uploads\/2026\/03\/Zunoticia-Huejutla-2-75.png\" alt=\"\" class=\"wp-image-630263\" srcset=\"https:\/\/www.zunoticia.com\/noticias-de-hidalgo\/wp-content\/uploads\/2026\/03\/Zunoticia-Huejutla-2-75.png 933w, https:\/\/www.zunoticia.com\/noticias-de-hidalgo\/wp-content\/uploads\/2026\/03\/Zunoticia-Huejutla-2-75-300x168.png 300w, https:\/\/www.zunoticia.com\/noticias-de-hidalgo\/wp-content\/uploads\/2026\/03\/Zunoticia-Huejutla-2-75-768x431.png 768w\" sizes=\"(max-width: 933px) 100vw, 933px\" \/><\/figure>\n<\/figure>\n","protected":false},"excerpt":{"rendered":"<p>Por Enedino Hern\u00e1ndez \/ Zunoticia Huejutla, Hgo.- En Procesi\u00f3n fieles cat\u00f3licos de la poblaci\u00f3n de Tepeolol se llevaron desde la Catedral Cristo Rey, al Padre Jes\u00fas, a una velaci\u00f3n con motivo de su fiesta patronal. Durante su salida y recorrido por las calles de la ciudad de Huejutla, los fieles cat\u00f3licos fueron acompa\u00f1ados por integrantes&hellip; <a class=\"more-link\" href=\"https:\/\/www.zunoticia.com\/noticias-de-hidalgo\/2026\/03\/19\/en-procesion-se-llevan-al-padre-jesus-a-tepeolol\/\">Seguir leyendo <span class=\"screen-reader-text\">En Procesi\u00f3n se llevan al Padre Jes\u00fas a Tepeolol<\/span><\/a><\/p>\n","protected":false},"author":20,"featured_media":630261,"comment_status":"open","ping_status":"open","sticky":false,"template":"","format":"standard","meta":{"rop_custom_images_group":[],"rop_custom_messages_group":[],"rop_publish_now":"initial","rop_publish_now_accounts":{"facebook_10159540855086992_322828327761733":""},"rop_publish_now_history":[],"rop_publish_now_status":"pending","footnotes":""},"categories":[181],"tags":[121],"class_list":["post-630260","post","type-post","status-publish","format-standard","has-post-thumbnail","hentry","category-huejutla","tag-huejutla","entry"],"_links":{"self":[{"href":"https:\/\/www.zunoticia.com\/noticias-de-hidalgo\/wp-json\/wp\/v2\/posts\/630260","targetHints":{"allow":["GET"]}}],"collection":[{"href":"https:\/\/www.zunoticia.com\/noticias-de-hidalgo\/wp-json\/wp\/v2\/posts"}],"about":[{"href":"https:\/\/www.zunoticia.com\/noticias-de-hidalgo\/wp-json\/wp\/v2\/types\/post"}],"author":[{"embeddable":true,"href":"https:\/\/www.zunoticia.com\/noticias-de-hidalgo\/wp-json\/wp\/v2\/users\/20"}],"replies":[{"embeddable":true,"href":"https:\/\/www.zunoticia.com\/noticias-de-hidalgo\/wp-json\/wp\/v2\/comments?post=630260"}],"version-history":[{"count":1,"href":"https:\/\/www.zunoticia.com\/noticias-de-hidalgo\/wp-json\/wp\/v2\/posts\/630260\/revisions"}],"predecessor-version":[{"id":630265,"href":"https:\/\/www.zunoticia.com\/noticias-de-hidalgo\/wp-json\/wp\/v2\/posts\/630260\/revisions\/630265"}],"wp:featuredmedia":[{"embeddable":true,"href":"https:\/\/www.zunoticia.com\/noticias-de-hidalgo\/wp-json\/wp\/v2\/media\/630261"}],"wp:attachment":[{"href":"https:\/\/www.zunoticia.com\/noticias-de-hidalgo\/wp-json\/wp\/v2\/media?parent=630260"}],"wp:term":[{"taxonomy":"category","embeddable":true,"href":"https:\/\/www.zunoticia.com\/noticias-de-hidalgo\/wp-json\/wp\/v2\/categories?post=630260"},{"taxonomy":"post_tag","embeddable":true,"href":"https:\/\/www.zunoticia.com\/noticias-de-hidalgo\/wp-json\/wp\/v2\/tags?post=630260"}],"curies":[{"name":"wp","href":"https:\/\/api.w.org\/{rel}","templated":true}]}}