{"id":630276,"date":"2026-03-19T13:02:09","date_gmt":"2026-03-19T19:02:09","guid":{"rendered":"https:\/\/www.zunoticia.com\/noticias-de-hidalgo\/?p=630276"},"modified":"2026-03-19T13:02:11","modified_gmt":"2026-03-19T19:02:11","slug":"conmemoran-el-dia-mundial-de-la-tuberculosis","status":"publish","type":"post","link":"https:\/\/www.zunoticia.com\/noticias-de-hidalgo\/2026\/03\/19\/conmemoran-el-dia-mundial-de-la-tuberculosis\/","title":{"rendered":"Conmemoran el \u201cD\u00eda mundial de la Tuberculosis"},"content":{"rendered":"<aside class=\"mashsb-container mashsb-main mashsb-stretched\"><div class=\"mashsb-box\"><div class=\"mashsb-count mash-large\" style=\"float:left\"><div class=\"counts mashsbcount\">0<\/div><span class=\"mashsb-sharetext\">SHARES<\/span><\/div><div class=\"mashsb-buttons\"><a class=\"mashicon-facebook mash-large mash-center mashsb-noshadow\" href=\"https:\/\/www.facebook.com\/sharer.php?u=https%3A%2F%2Fwww.zunoticia.com%2Fnoticias-de-hidalgo%2F2026%2F03%2F19%2Fconmemoran-el-dia-mundial-de-la-tuberculosis%2F\" target=\"_top\" rel=\"nofollow\"><span class=\"icon\"><\/span><span class=\"text\">Share<\/span><\/a><a class=\"mashicon-twitter mash-large mash-center mashsb-noshadow\" href=\"https:\/\/twitter.com\/intent\/tweet?text=&amp;url=https:\/\/www.zunoticia.com\/noticias-de-hidalgo\/2026\/03\/19\/conmemoran-el-dia-mundial-de-la-tuberculosis\/\" target=\"_top\" rel=\"nofollow\"><span class=\"icon\"><\/span><span class=\"text\">Tweet<\/span><\/a><div class=\"onoffswitch2 mash-large mashsb-noshadow\" style=\"display:none\"><\/div><\/div>\n            <\/div>\n                <div style=\"clear:both\"><\/div><div class=\"mashsb-toggle-container\"><\/div><\/aside>\n            <!-- Share buttons by mashshare.net - Version: 4.0.47-->\n<p><em>Por Gabriela Hern\u00e1ndez\/Zunoticia<\/em><\/p>\n\n\n\n<p><strong>Huejutla, Hgo<\/strong>.-La Unidad de Salud IMSS Bienestar del Parque de Poblamiento en conjunto con el CECYTEH plantel Huejutla, conmemoraron el \u201cD\u00eda mundial de la Tuberculosis\u201d con actividades que fortalecen la formaci\u00f3n y conciencia de la comunidad educativa.<\/p>\n\n\n\n<p>Como parte de esta jornada, se llev\u00f3 a cabo una pl\u00e1tica informativa dirigida a alumnas y alumnos de la carrera de Gericultura, por parte del Doctor Rub\u00e9n Matos, Enf. Sarahy Rubio Mayor, Enf. Brenda Alicia Azuara y Enf. Mireya Cruz Alvarado, contribuyendo a su preparaci\u00f3n acad\u00e9mica en temas de salud y prevenci\u00f3n.<\/p>\n\n\n\n<figure class=\"wp-block-gallery has-nested-images columns-default is-cropped wp-block-gallery-1 is-layout-flex wp-block-gallery-is-layout-flex\">\n<figure class=\"wp-block-image size-large\"><img fetchpriority=\"high\" decoding=\"async\" width=\"933\" height=\"524\" data-id=\"630278\" src=\"https:\/\/www.zunoticia.com\/noticias-de-hidalgo\/wp-content\/uploads\/2026\/03\/Zunoticia-Huejutla-2-77.png\" alt=\"\" class=\"wp-image-630278\" srcset=\"https:\/\/www.zunoticia.com\/noticias-de-hidalgo\/wp-content\/uploads\/2026\/03\/Zunoticia-Huejutla-2-77.png 933w, https:\/\/www.zunoticia.com\/noticias-de-hidalgo\/wp-content\/uploads\/2026\/03\/Zunoticia-Huejutla-2-77-300x168.png 300w, https:\/\/www.zunoticia.com\/noticias-de-hidalgo\/wp-content\/uploads\/2026\/03\/Zunoticia-Huejutla-2-77-768x431.png 768w\" sizes=\"(max-width: 933px) 100vw, 933px\" \/><\/figure>\n\n\n\n<figure class=\"wp-block-image size-large\"><img decoding=\"async\" width=\"933\" height=\"524\" data-id=\"630280\" src=\"https:\/\/www.zunoticia.com\/noticias-de-hidalgo\/wp-content\/uploads\/2026\/03\/Zunoticia-Huejutla-1-142.png\" alt=\"\" class=\"wp-image-630280\" srcset=\"https:\/\/www.zunoticia.com\/noticias-de-hidalgo\/wp-content\/uploads\/2026\/03\/Zunoticia-Huejutla-1-142.png 933w, https:\/\/www.zunoticia.com\/noticias-de-hidalgo\/wp-content\/uploads\/2026\/03\/Zunoticia-Huejutla-1-142-300x168.png 300w, https:\/\/www.zunoticia.com\/noticias-de-hidalgo\/wp-content\/uploads\/2026\/03\/Zunoticia-Huejutla-1-142-768x431.png 768w\" sizes=\"(max-width: 933px) 100vw, 933px\" \/><\/figure>\n<\/figure>\n\n\n\n<p>Asimismo, se realiz\u00f3 un desfile alusivo en la colonia, donde los estudiantes participaron activamente portando carteles para difundir informaci\u00f3n y sensibilizar a la poblaci\u00f3n.<\/p>\n\n\n\n<p>Estas acciones est\u00e1n encaminadas a crear conciencia, promover la salud y prevenir la tuberculosis, por ello el personal m\u00e9dico contin\u00faa trabajando en la promoci\u00f3n de la salud para prevenir la tuberculosis, enfermedad que es curable y que se presenta la mayor\u00eda de las veces en hombres en edad reproductiva.<\/p>\n\n\n\n<figure class=\"wp-block-gallery has-nested-images columns-default is-cropped wp-block-gallery-2 is-layout-flex wp-block-gallery-is-layout-flex\">\n<figure class=\"wp-block-image size-large\"><img decoding=\"async\" width=\"933\" height=\"524\" data-id=\"630279\" src=\"https:\/\/www.zunoticia.com\/noticias-de-hidalgo\/wp-content\/uploads\/2026\/03\/Zunoticia-Huejutla-3-44.png\" alt=\"\" class=\"wp-image-630279\" srcset=\"https:\/\/www.zunoticia.com\/noticias-de-hidalgo\/wp-content\/uploads\/2026\/03\/Zunoticia-Huejutla-3-44.png 933w, https:\/\/www.zunoticia.com\/noticias-de-hidalgo\/wp-content\/uploads\/2026\/03\/Zunoticia-Huejutla-3-44-300x168.png 300w, https:\/\/www.zunoticia.com\/noticias-de-hidalgo\/wp-content\/uploads\/2026\/03\/Zunoticia-Huejutla-3-44-768x431.png 768w\" sizes=\"(max-width: 933px) 100vw, 933px\" \/><\/figure>\n<\/figure>\n","protected":false},"excerpt":{"rendered":"<p>Por Gabriela Hern\u00e1ndez\/Zunoticia Huejutla, Hgo.-La Unidad de Salud IMSS Bienestar del Parque de Poblamiento en conjunto con el CECYTEH plantel Huejutla, conmemoraron el \u201cD\u00eda mundial de la Tuberculosis\u201d con actividades que fortalecen la formaci\u00f3n y conciencia de la comunidad educativa. Como parte de esta jornada, se llev\u00f3 a cabo una pl\u00e1tica informativa dirigida a alumnas&hellip; <a class=\"more-link\" href=\"https:\/\/www.zunoticia.com\/noticias-de-hidalgo\/2026\/03\/19\/conmemoran-el-dia-mundial-de-la-tuberculosis\/\">Seguir leyendo <span class=\"screen-reader-text\">Conmemoran el \u201cD\u00eda mundial de la Tuberculosis<\/span><\/a><\/p>\n","protected":false},"author":20,"featured_media":630277,"comment_status":"open","ping_status":"open","sticky":false,"template":"","format":"standard","meta":{"rop_custom_images_group":[],"rop_custom_messages_group":[],"rop_publish_now":"initial","rop_publish_now_accounts":{"facebook_10159540855086992_322828327761733":""},"rop_publish_now_history":[],"rop_publish_now_status":"pending","footnotes":""},"categories":[181],"tags":[121],"class_list":["post-630276","post","type-post","status-publish","format-standard","has-post-thumbnail","hentry","category-huejutla","tag-huejutla","entry"],"_links":{"self":[{"href":"https:\/\/www.zunoticia.com\/noticias-de-hidalgo\/wp-json\/wp\/v2\/posts\/630276","targetHints":{"allow":["GET"]}}],"collection":[{"href":"https:\/\/www.zunoticia.com\/noticias-de-hidalgo\/wp-json\/wp\/v2\/posts"}],"about":[{"href":"https:\/\/www.zunoticia.com\/noticias-de-hidalgo\/wp-json\/wp\/v2\/types\/post"}],"author":[{"embeddable":true,"href":"https:\/\/www.zunoticia.com\/noticias-de-hidalgo\/wp-json\/wp\/v2\/users\/20"}],"replies":[{"embeddable":true,"href":"https:\/\/www.zunoticia.com\/noticias-de-hidalgo\/wp-json\/wp\/v2\/comments?post=630276"}],"version-history":[{"count":1,"href":"https:\/\/www.zunoticia.com\/noticias-de-hidalgo\/wp-json\/wp\/v2\/posts\/630276\/revisions"}],"predecessor-version":[{"id":630281,"href":"https:\/\/www.zunoticia.com\/noticias-de-hidalgo\/wp-json\/wp\/v2\/posts\/630276\/revisions\/630281"}],"wp:featuredmedia":[{"embeddable":true,"href":"https:\/\/www.zunoticia.com\/noticias-de-hidalgo\/wp-json\/wp\/v2\/media\/630277"}],"wp:attachment":[{"href":"https:\/\/www.zunoticia.com\/noticias-de-hidalgo\/wp-json\/wp\/v2\/media?parent=630276"}],"wp:term":[{"taxonomy":"category","embeddable":true,"href":"https:\/\/www.zunoticia.com\/noticias-de-hidalgo\/wp-json\/wp\/v2\/categories?post=630276"},{"taxonomy":"post_tag","embeddable":true,"href":"https:\/\/www.zunoticia.com\/noticias-de-hidalgo\/wp-json\/wp\/v2\/tags?post=630276"}],"curies":[{"name":"wp","href":"https:\/\/api.w.org\/{rel}","templated":true}]}}