{"id":630282,"date":"2026-03-19T13:46:08","date_gmt":"2026-03-19T19:46:08","guid":{"rendered":"https:\/\/www.zunoticia.com\/noticias-de-hidalgo\/?p=630282"},"modified":"2026-03-19T13:46:10","modified_gmt":"2026-03-19T19:46:10","slug":"celebran-al-santo-patrono-de-la-iglesia-catolica-san-jose-jmc","status":"publish","type":"post","link":"https:\/\/www.zunoticia.com\/noticias-de-hidalgo\/2026\/03\/19\/celebran-al-santo-patrono-de-la-iglesia-catolica-san-jose-jmc\/","title":{"rendered":"Celebran al Santo Patrono de la iglesia cat\u00f3lica, San Jos\u00e9: JMC"},"content":{"rendered":"<aside class=\"mashsb-container mashsb-main mashsb-stretched\"><div class=\"mashsb-box\"><div class=\"mashsb-count mash-large\" style=\"float:left\"><div class=\"counts mashsbcount\">0<\/div><span class=\"mashsb-sharetext\">SHARES<\/span><\/div><div class=\"mashsb-buttons\"><a class=\"mashicon-facebook mash-large mash-center mashsb-noshadow\" href=\"https:\/\/www.facebook.com\/sharer.php?u=https%3A%2F%2Fwww.zunoticia.com%2Fnoticias-de-hidalgo%2F2026%2F03%2F19%2Fcelebran-al-santo-patrono-de-la-iglesia-catolica-san-jose-jmc%2F\" target=\"_top\" rel=\"nofollow\"><span class=\"icon\"><\/span><span class=\"text\">Share<\/span><\/a><a class=\"mashicon-twitter mash-large mash-center mashsb-noshadow\" href=\"https:\/\/twitter.com\/intent\/tweet?text=&amp;url=https:\/\/www.zunoticia.com\/noticias-de-hidalgo\/2026\/03\/19\/celebran-al-santo-patrono-de-la-iglesia-catolica-san-jose-jmc\/\" target=\"_top\" rel=\"nofollow\"><span class=\"icon\"><\/span><span class=\"text\">Tweet<\/span><\/a><div class=\"onoffswitch2 mash-large mashsb-noshadow\" style=\"display:none\"><\/div><\/div>\n            <\/div>\n                <div style=\"clear:both\"><\/div><div class=\"mashsb-toggle-container\"><\/div><\/aside>\n            <!-- Share buttons by mashshare.net - Version: 4.0.47-->\n<p><em>Por Enedino Hern\u00e1ndez Alonso \/ Zunoticia<\/em><\/p>\n\n\n\n<p><strong>Huejutla, Hgo.-<\/strong> En el marco de la conmemoraci\u00f3n del 19 de marzo, fecha dedicada a San Jos\u00e9, el vocero de la Di\u00f3cesis de Huejutla de Reyes, Jes\u00fas Morfin Cartagena, destac\u00f3 la importancia de esta figura como Santo Patrono de la iglesia cat\u00f3lica, al recordar su papel fundamental en la protecci\u00f3n de la Sagrada Familia.<\/p>\n\n\n\n<p>El representante eclesi\u00e1stico se\u00f1al\u00f3 que San Jos\u00e9 fue elegido para cuidar y resguardar a la Iglesia, de la misma manera en que protegi\u00f3 a Mar\u00eda y al Ni\u00f1o Jes\u00fas, por lo que invit\u00f3 a los fieles a celebrar esta fecha con devoci\u00f3n y reflexi\u00f3n.<\/p>\n\n\n\n<p>\u201cTodas las comunidades de alguna manera deber\u00edan tener referencia de \u00e9l; en primer lugar, es el esposo de Mar\u00eda y es un modelo de esposo para toda la gente, especialmente para quienes tienen una familia, ya que representa el respeto, el amor y la fidelidad hacia la esposa\u201d.<\/p>\n\n\n\n<p>Asimismo, Jes\u00fas Morfin Cartagena, subray\u00f3 que San Jos\u00e9 es un ejemplo de protecci\u00f3n y gu\u00eda para el n\u00facleo familiar, por lo que exhort\u00f3 a las familias a encomendarse a su intercesi\u00f3n.<\/p>\n\n\n\n<p>En este contexto, envi\u00f3 un saludo y bendiciones a las parroquias que celebran su fiesta patronal este 19 de marzo, entre ellas las de Tehuetl\u00e1n, Huazalingo y Atlapexco, as\u00ed como a diversas comunidades de la regi\u00f3n que tambi\u00e9n lo tienen como patrono.<\/p>\n\n\n\n<p>Finalmente, record\u00f3 que, aunque la celebraci\u00f3n es de car\u00e1cter mundial dentro de la iglesia cat\u00f3lica, en la regi\u00f3n de la Huasteca son varias las parroquias que llevan el nombre de San Jos\u00e9 y que viven con especial fervor esta festividad.<\/p>\n","protected":false},"excerpt":{"rendered":"<p>Por Enedino Hern\u00e1ndez Alonso \/ Zunoticia Huejutla, Hgo.- En el marco de la conmemoraci\u00f3n del 19 de marzo, fecha dedicada a San Jos\u00e9, el vocero de la Di\u00f3cesis de Huejutla de Reyes, Jes\u00fas Morfin Cartagena, destac\u00f3 la importancia de esta figura como Santo Patrono de la iglesia cat\u00f3lica, al recordar su papel fundamental en la&hellip; <a class=\"more-link\" href=\"https:\/\/www.zunoticia.com\/noticias-de-hidalgo\/2026\/03\/19\/celebran-al-santo-patrono-de-la-iglesia-catolica-san-jose-jmc\/\">Seguir leyendo <span class=\"screen-reader-text\">Celebran al Santo Patrono de la iglesia cat\u00f3lica, San Jos\u00e9: JMC<\/span><\/a><\/p>\n","protected":false},"author":20,"featured_media":630283,"comment_status":"open","ping_status":"open","sticky":false,"template":"","format":"standard","meta":{"rop_custom_images_group":[],"rop_custom_messages_group":[],"rop_publish_now":"initial","rop_publish_now_accounts":{"facebook_10159540855086992_322828327761733":""},"rop_publish_now_history":[],"rop_publish_now_status":"pending","footnotes":""},"categories":[181],"tags":[121],"class_list":["post-630282","post","type-post","status-publish","format-standard","has-post-thumbnail","hentry","category-huejutla","tag-huejutla","entry"],"_links":{"self":[{"href":"https:\/\/www.zunoticia.com\/noticias-de-hidalgo\/wp-json\/wp\/v2\/posts\/630282","targetHints":{"allow":["GET"]}}],"collection":[{"href":"https:\/\/www.zunoticia.com\/noticias-de-hidalgo\/wp-json\/wp\/v2\/posts"}],"about":[{"href":"https:\/\/www.zunoticia.com\/noticias-de-hidalgo\/wp-json\/wp\/v2\/types\/post"}],"author":[{"embeddable":true,"href":"https:\/\/www.zunoticia.com\/noticias-de-hidalgo\/wp-json\/wp\/v2\/users\/20"}],"replies":[{"embeddable":true,"href":"https:\/\/www.zunoticia.com\/noticias-de-hidalgo\/wp-json\/wp\/v2\/comments?post=630282"}],"version-history":[{"count":1,"href":"https:\/\/www.zunoticia.com\/noticias-de-hidalgo\/wp-json\/wp\/v2\/posts\/630282\/revisions"}],"predecessor-version":[{"id":630284,"href":"https:\/\/www.zunoticia.com\/noticias-de-hidalgo\/wp-json\/wp\/v2\/posts\/630282\/revisions\/630284"}],"wp:featuredmedia":[{"embeddable":true,"href":"https:\/\/www.zunoticia.com\/noticias-de-hidalgo\/wp-json\/wp\/v2\/media\/630283"}],"wp:attachment":[{"href":"https:\/\/www.zunoticia.com\/noticias-de-hidalgo\/wp-json\/wp\/v2\/media?parent=630282"}],"wp:term":[{"taxonomy":"category","embeddable":true,"href":"https:\/\/www.zunoticia.com\/noticias-de-hidalgo\/wp-json\/wp\/v2\/categories?post=630282"},{"taxonomy":"post_tag","embeddable":true,"href":"https:\/\/www.zunoticia.com\/noticias-de-hidalgo\/wp-json\/wp\/v2\/tags?post=630282"}],"curies":[{"name":"wp","href":"https:\/\/api.w.org\/{rel}","templated":true}]}}