{"id":630326,"date":"2026-03-19T16:34:31","date_gmt":"2026-03-19T22:34:31","guid":{"rendered":"https:\/\/www.zunoticia.com\/noticias-de-hidalgo\/?p=630326"},"modified":"2026-03-19T16:34:33","modified_gmt":"2026-03-19T22:34:33","slug":"alertan-por-temporada-de-calor-mas-intensa-y-estiaje-prolongado-en-huejutla","status":"publish","type":"post","link":"https:\/\/www.zunoticia.com\/noticias-de-hidalgo\/2026\/03\/19\/alertan-por-temporada-de-calor-mas-intensa-y-estiaje-prolongado-en-huejutla\/","title":{"rendered":"Alertan por temporada de calor m\u00e1s intensa y estiaje prolongado en Huejutla"},"content":{"rendered":"<aside class=\"mashsb-container mashsb-main mashsb-stretched\"><div class=\"mashsb-box\"><div class=\"mashsb-count mash-large\" style=\"float:left\"><div class=\"counts mashsbcount\">0<\/div><span class=\"mashsb-sharetext\">SHARES<\/span><\/div><div class=\"mashsb-buttons\"><a class=\"mashicon-facebook mash-large mash-center mashsb-noshadow\" href=\"https:\/\/www.facebook.com\/sharer.php?u=https%3A%2F%2Fwww.zunoticia.com%2Fnoticias-de-hidalgo%2F2026%2F03%2F19%2Falertan-por-temporada-de-calor-mas-intensa-y-estiaje-prolongado-en-huejutla%2F\" target=\"_top\" rel=\"nofollow\"><span class=\"icon\"><\/span><span class=\"text\">Share<\/span><\/a><a class=\"mashicon-twitter mash-large mash-center mashsb-noshadow\" href=\"https:\/\/twitter.com\/intent\/tweet?text=&amp;url=https:\/\/www.zunoticia.com\/noticias-de-hidalgo\/2026\/03\/19\/alertan-por-temporada-de-calor-mas-intensa-y-estiaje-prolongado-en-huejutla\/\" target=\"_top\" rel=\"nofollow\"><span class=\"icon\"><\/span><span class=\"text\">Tweet<\/span><\/a><div class=\"onoffswitch2 mash-large mashsb-noshadow\" style=\"display:none\"><\/div><\/div>\n            <\/div>\n                <div style=\"clear:both\"><\/div><div class=\"mashsb-toggle-container\"><\/div><\/aside>\n            <!-- Share buttons by mashshare.net - Version: 4.0.47-->\n<p><em>Por Enedino Hern\u00e1ndez Alonso \/ Zunoticia<\/em><\/p>\n\n\n\n<p><strong>Huejutla, Hgo<\/strong>.- Ante los pron\u00f3sticos meteorol\u00f3gicos que advierten temperaturas m\u00e1s intensas durante este a\u00f1o, autoridades de Protecci\u00f3n Civil alertaron sobre la posibilidad de una temporada de calor m\u00e1s fuerte de lo habitual y un periodo de estiaje prolongado en la regi\u00f3n.<\/p>\n\n\n\n<p>El director municipal de Protecci\u00f3n Civil en Huejutla, H\u00e9ctor Armando G\u00f3mez Hern\u00e1ndez, inform\u00f3 que, de acuerdo con estimaciones meteorol\u00f3gicas, este 2026 podr\u00eda registrarse uno de los periodos de calor m\u00e1s severos de la \u00faltima d\u00e9cada.<\/p>\n\n\n\n<p>\u201cEl reporte que tenemos indica que la temporada de calor de este a\u00f1o ser\u00e1 bastante fuerte, incluso podr\u00eda ser la m\u00e1s intensa de los \u00faltimos diez a\u00f1os, lo que tambi\u00e9n implicar\u00eda un estiaje prolongado\u201d.<\/p>\n\n\n\n<p>Ante este escenario, el funcionario exhort\u00f3 a la poblaci\u00f3n a mantenerse informada a trav\u00e9s de los comunicados oficiales que emitan las autoridades, ya que en los pr\u00f3ximos d\u00edas se dar\u00e1 a conocer la veda de incendios, medida que busca prevenir siniestros durante la temporada seca.<\/p>\n\n\n\n<p>Asimismo, hizo un llamado a evitar pr\u00e1cticas que puedan detonar incendios, como la quema clandestina de basura, arbustos o parcelas, acciones que con frecuencia se salen de control y generan afectaciones en colonias y comunidades.<\/p>\n\n\n\n<p>Como parte de las estrategias de prevenci\u00f3n, se puso en marcha el programa \u201cProtecci\u00f3n Civil en tu comunidad\u201d, mediante el cual personal de la dependencia visita colonias y localidades para brindar orientaci\u00f3n sobre riesgos y medidas preventivas.<\/p>\n\n\n\n<p>Estas actividades, explic\u00f3 H\u00e9ctor Armando G\u00f3mez Hern\u00e1ndez, se realizan principalmente los fines de semana, sobre todo los domingos por la ma\u00f1ana, cuando los habitantes suelen reunirse y es m\u00e1s f\u00e1cil dialogar con ellos sobre temas de seguridad y prevenci\u00f3n.<\/p>\n\n\n\n<p>\u201cSabemos que no siempre hay recursos suficientes para atender todos los problemas, pero si invertimos en prevenci\u00f3n los resultados son mucho m\u00e1s claros\u201d, afirm\u00f3 el funcionario.<\/p>\n\n\n\n<p>Durante estas visitas, dijo que, personal de Protecci\u00f3n Civil, en ocasiones acompa\u00f1ado por Bomberos, ofrece recomendaciones para evitar incendios en viviendas y pastizales, fugas de gas o flamazos, adem\u00e1s de promover la organizaci\u00f3n vecinal.<\/p>\n\n\n\n<p>Entre las acciones sugeridas est\u00e1 la adquisici\u00f3n comunitaria de extintores que puedan colocarse en delegaciones o puntos estrat\u00e9gicos, con el fin de atender r\u00e1pidamente alg\u00fan conato de incendio mientras llegan los cuerpos de emergencia.<\/p>\n\n\n\n<p>El funcionario explic\u00f3 que en algunas comunidades el tiempo de respuesta de las corporaciones puede tardar debido a la distancia, por lo que contar con vecinos capacitados puede marcar la diferencia para controlar o extinguir un incendio en sus primeros minutos.<\/p>\n","protected":false},"excerpt":{"rendered":"<p>Por Enedino Hern\u00e1ndez Alonso \/ Zunoticia Huejutla, Hgo.- Ante los pron\u00f3sticos meteorol\u00f3gicos que advierten temperaturas m\u00e1s intensas durante este a\u00f1o, autoridades de Protecci\u00f3n Civil alertaron sobre la posibilidad de una temporada de calor m\u00e1s fuerte de lo habitual y un periodo de estiaje prolongado en la regi\u00f3n. El director municipal de Protecci\u00f3n Civil en Huejutla,&hellip; <a class=\"more-link\" href=\"https:\/\/www.zunoticia.com\/noticias-de-hidalgo\/2026\/03\/19\/alertan-por-temporada-de-calor-mas-intensa-y-estiaje-prolongado-en-huejutla\/\">Seguir leyendo <span class=\"screen-reader-text\">Alertan por temporada de calor m\u00e1s intensa y estiaje prolongado en Huejutla<\/span><\/a><\/p>\n","protected":false},"author":20,"featured_media":630327,"comment_status":"open","ping_status":"open","sticky":false,"template":"","format":"standard","meta":{"rop_custom_images_group":[],"rop_custom_messages_group":[],"rop_publish_now":"initial","rop_publish_now_accounts":{"facebook_10159540855086992_322828327761733":""},"rop_publish_now_history":[],"rop_publish_now_status":"pending","footnotes":""},"categories":[181],"tags":[121],"class_list":["post-630326","post","type-post","status-publish","format-standard","has-post-thumbnail","hentry","category-huejutla","tag-huejutla","entry"],"_links":{"self":[{"href":"https:\/\/www.zunoticia.com\/noticias-de-hidalgo\/wp-json\/wp\/v2\/posts\/630326","targetHints":{"allow":["GET"]}}],"collection":[{"href":"https:\/\/www.zunoticia.com\/noticias-de-hidalgo\/wp-json\/wp\/v2\/posts"}],"about":[{"href":"https:\/\/www.zunoticia.com\/noticias-de-hidalgo\/wp-json\/wp\/v2\/types\/post"}],"author":[{"embeddable":true,"href":"https:\/\/www.zunoticia.com\/noticias-de-hidalgo\/wp-json\/wp\/v2\/users\/20"}],"replies":[{"embeddable":true,"href":"https:\/\/www.zunoticia.com\/noticias-de-hidalgo\/wp-json\/wp\/v2\/comments?post=630326"}],"version-history":[{"count":1,"href":"https:\/\/www.zunoticia.com\/noticias-de-hidalgo\/wp-json\/wp\/v2\/posts\/630326\/revisions"}],"predecessor-version":[{"id":630328,"href":"https:\/\/www.zunoticia.com\/noticias-de-hidalgo\/wp-json\/wp\/v2\/posts\/630326\/revisions\/630328"}],"wp:featuredmedia":[{"embeddable":true,"href":"https:\/\/www.zunoticia.com\/noticias-de-hidalgo\/wp-json\/wp\/v2\/media\/630327"}],"wp:attachment":[{"href":"https:\/\/www.zunoticia.com\/noticias-de-hidalgo\/wp-json\/wp\/v2\/media?parent=630326"}],"wp:term":[{"taxonomy":"category","embeddable":true,"href":"https:\/\/www.zunoticia.com\/noticias-de-hidalgo\/wp-json\/wp\/v2\/categories?post=630326"},{"taxonomy":"post_tag","embeddable":true,"href":"https:\/\/www.zunoticia.com\/noticias-de-hidalgo\/wp-json\/wp\/v2\/tags?post=630326"}],"curies":[{"name":"wp","href":"https:\/\/api.w.org\/{rel}","templated":true}]}}