{"id":630733,"date":"2026-03-23T10:50:34","date_gmt":"2026-03-23T16:50:34","guid":{"rendered":"https:\/\/www.zunoticia.com\/noticias-de-hidalgo\/?p=630733"},"modified":"2026-03-23T10:50:37","modified_gmt":"2026-03-23T16:50:37","slug":"camioneta-choco-con-motocicleta-2","status":"publish","type":"post","link":"https:\/\/www.zunoticia.com\/noticias-de-hidalgo\/2026\/03\/23\/camioneta-choco-con-motocicleta-2\/","title":{"rendered":"Camioneta choc\u00f3 con motocicleta"},"content":{"rendered":"<aside class=\"mashsb-container mashsb-main mashsb-stretched\"><div class=\"mashsb-box\"><div class=\"mashsb-count mash-large\" style=\"float:left\"><div class=\"counts mashsbcount\">0<\/div><span class=\"mashsb-sharetext\">SHARES<\/span><\/div><div class=\"mashsb-buttons\"><a class=\"mashicon-facebook mash-large mash-center mashsb-noshadow\" href=\"https:\/\/www.facebook.com\/sharer.php?u=https%3A%2F%2Fwww.zunoticia.com%2Fnoticias-de-hidalgo%2F2026%2F03%2F23%2Fcamioneta-choco-con-motocicleta-2%2F\" target=\"_top\" rel=\"nofollow\"><span class=\"icon\"><\/span><span class=\"text\">Share<\/span><\/a><a class=\"mashicon-twitter mash-large mash-center mashsb-noshadow\" href=\"https:\/\/twitter.com\/intent\/tweet?text=&amp;url=https:\/\/www.zunoticia.com\/noticias-de-hidalgo\/2026\/03\/23\/camioneta-choco-con-motocicleta-2\/\" target=\"_top\" rel=\"nofollow\"><span class=\"icon\"><\/span><span class=\"text\">Tweet<\/span><\/a><div class=\"onoffswitch2 mash-large mashsb-noshadow\" style=\"display:none\"><\/div><\/div>\n            <\/div>\n                <div style=\"clear:both\"><\/div><div class=\"mashsb-toggle-container\"><\/div><\/aside>\n            <!-- Share buttons by mashshare.net - Version: 4.0.47-->\n<p><em>Por Roberto Meza Ram\u00edrez \/Zunoticia<\/em><\/p>\n\n\n\n<p><strong>Huejutla, Hgo.<\/strong> &#8211; El choque entre una motocicleta y una camioneta dej\u00f3 un herido y da\u00f1os materiales, el accidente ocurri\u00f3 el bulevar Central, donde la falta de precauci\u00f3n fue el factor para que se diera este accidente; oficiales de Tr\u00e1nsito de la Secretar\u00eda de Seguridad P\u00fablica Municipal llegaron al lugar para intervenir en el hecho.<\/p>\n\n\n\n<p>El choque de dio a la altura de la Normal de las Huastecas, entre una camioneta Ram, color blanco y un motociclista, en donde los conductores tras el di\u00e1logo lograron llegar a un acuerdo, ya que este s\u00f3lo gener\u00f3 lesiones leves del acompa\u00f1ante del motociclista y da\u00f1os materiales.<\/p>\n\n\n\n<p>Al parecer, el accidente se hab\u00eda registrado ante la falta de precauci\u00f3n y el exceso de velocidad de la conductora de la camioneta, afortunadamente no pas\u00f3 a mayores, luego de llegar a los acuerdos ambos ch\u00f3feres firmaron los acuerdos ante la presencia de los agentes de Tr\u00e1nsito y posteriormente se retiraron del lugar.<\/p>\n\n\n\n<figure class=\"wp-block-gallery has-nested-images columns-default is-cropped wp-block-gallery-1 is-layout-flex wp-block-gallery-is-layout-flex\">\n<figure class=\"wp-block-image size-large\"><img fetchpriority=\"high\" decoding=\"async\" width=\"1024\" height=\"681\" data-id=\"630735\" src=\"https:\/\/www.zunoticia.com\/noticias-de-hidalgo\/wp-content\/uploads\/2026\/03\/WhatsApp-Image-2026-03-23-at-10.25.37-AM-1024x681.jpeg\" alt=\"\" class=\"wp-image-630735\" srcset=\"https:\/\/www.zunoticia.com\/noticias-de-hidalgo\/wp-content\/uploads\/2026\/03\/WhatsApp-Image-2026-03-23-at-10.25.37-AM-1024x681.jpeg 1024w, https:\/\/www.zunoticia.com\/noticias-de-hidalgo\/wp-content\/uploads\/2026\/03\/WhatsApp-Image-2026-03-23-at-10.25.37-AM-300x200.jpeg 300w, https:\/\/www.zunoticia.com\/noticias-de-hidalgo\/wp-content\/uploads\/2026\/03\/WhatsApp-Image-2026-03-23-at-10.25.37-AM-768x511.jpeg 768w, https:\/\/www.zunoticia.com\/noticias-de-hidalgo\/wp-content\/uploads\/2026\/03\/WhatsApp-Image-2026-03-23-at-10.25.37-AM.jpeg 1536w\" sizes=\"(max-width: 1024px) 100vw, 1024px\" \/><\/figure>\n<\/figure>\n","protected":false},"excerpt":{"rendered":"<p>Por Roberto Meza Ram\u00edrez \/Zunoticia Huejutla, Hgo. &#8211; El choque entre una motocicleta y una camioneta dej\u00f3 un herido y da\u00f1os materiales, el accidente ocurri\u00f3 el bulevar Central, donde la falta de precauci\u00f3n fue el factor para que se diera este accidente; oficiales de Tr\u00e1nsito de la Secretar\u00eda de Seguridad P\u00fablica Municipal llegaron al lugar&hellip; <a class=\"more-link\" href=\"https:\/\/www.zunoticia.com\/noticias-de-hidalgo\/2026\/03\/23\/camioneta-choco-con-motocicleta-2\/\">Seguir leyendo <span class=\"screen-reader-text\">Camioneta choc\u00f3 con motocicleta<\/span><\/a><\/p>\n","protected":false},"author":20,"featured_media":630734,"comment_status":"open","ping_status":"open","sticky":false,"template":"","format":"standard","meta":{"rop_custom_images_group":[],"rop_custom_messages_group":[],"rop_publish_now":"initial","rop_publish_now_accounts":{"facebook_10159540855086992_322828327761733":""},"rop_publish_now_history":[],"rop_publish_now_status":"pending","footnotes":""},"categories":[178],"tags":[259],"class_list":["post-630733","post","type-post","status-publish","format-standard","has-post-thumbnail","hentry","category-policiaca","tag-policiaca","entry"],"_links":{"self":[{"href":"https:\/\/www.zunoticia.com\/noticias-de-hidalgo\/wp-json\/wp\/v2\/posts\/630733","targetHints":{"allow":["GET"]}}],"collection":[{"href":"https:\/\/www.zunoticia.com\/noticias-de-hidalgo\/wp-json\/wp\/v2\/posts"}],"about":[{"href":"https:\/\/www.zunoticia.com\/noticias-de-hidalgo\/wp-json\/wp\/v2\/types\/post"}],"author":[{"embeddable":true,"href":"https:\/\/www.zunoticia.com\/noticias-de-hidalgo\/wp-json\/wp\/v2\/users\/20"}],"replies":[{"embeddable":true,"href":"https:\/\/www.zunoticia.com\/noticias-de-hidalgo\/wp-json\/wp\/v2\/comments?post=630733"}],"version-history":[{"count":1,"href":"https:\/\/www.zunoticia.com\/noticias-de-hidalgo\/wp-json\/wp\/v2\/posts\/630733\/revisions"}],"predecessor-version":[{"id":630736,"href":"https:\/\/www.zunoticia.com\/noticias-de-hidalgo\/wp-json\/wp\/v2\/posts\/630733\/revisions\/630736"}],"wp:featuredmedia":[{"embeddable":true,"href":"https:\/\/www.zunoticia.com\/noticias-de-hidalgo\/wp-json\/wp\/v2\/media\/630734"}],"wp:attachment":[{"href":"https:\/\/www.zunoticia.com\/noticias-de-hidalgo\/wp-json\/wp\/v2\/media?parent=630733"}],"wp:term":[{"taxonomy":"category","embeddable":true,"href":"https:\/\/www.zunoticia.com\/noticias-de-hidalgo\/wp-json\/wp\/v2\/categories?post=630733"},{"taxonomy":"post_tag","embeddable":true,"href":"https:\/\/www.zunoticia.com\/noticias-de-hidalgo\/wp-json\/wp\/v2\/tags?post=630733"}],"curies":[{"name":"wp","href":"https:\/\/api.w.org\/{rel}","templated":true}]}}