{"id":630896,"date":"2026-03-24T09:41:42","date_gmt":"2026-03-24T15:41:42","guid":{"rendered":"https:\/\/www.zunoticia.com\/noticias-de-hidalgo\/?p=630896"},"modified":"2026-03-24T09:41:44","modified_gmt":"2026-03-24T15:41:44","slug":"accidente-entre-automovil-y-autobus-dejo-un-lesionado-grave-en-tlanchinol","status":"publish","type":"post","link":"https:\/\/www.zunoticia.com\/noticias-de-hidalgo\/2026\/03\/24\/accidente-entre-automovil-y-autobus-dejo-un-lesionado-grave-en-tlanchinol\/","title":{"rendered":"Accidente entre autom\u00f3vil y autob\u00fas dej\u00f3 un lesionado grave en Tlanchinol"},"content":{"rendered":"<aside class=\"mashsb-container mashsb-main mashsb-stretched\"><div class=\"mashsb-box\"><div class=\"mashsb-count mash-large\" style=\"float:left\"><div class=\"counts mashsbcount\">0<\/div><span class=\"mashsb-sharetext\">SHARES<\/span><\/div><div class=\"mashsb-buttons\"><a class=\"mashicon-facebook mash-large mash-center mashsb-noshadow\" href=\"https:\/\/www.facebook.com\/sharer.php?u=https%3A%2F%2Fwww.zunoticia.com%2Fnoticias-de-hidalgo%2F2026%2F03%2F24%2Faccidente-entre-automovil-y-autobus-dejo-un-lesionado-grave-en-tlanchinol%2F\" target=\"_top\" rel=\"nofollow\"><span class=\"icon\"><\/span><span class=\"text\">Share<\/span><\/a><a class=\"mashicon-twitter mash-large mash-center mashsb-noshadow\" href=\"https:\/\/twitter.com\/intent\/tweet?text=&amp;url=https:\/\/www.zunoticia.com\/noticias-de-hidalgo\/2026\/03\/24\/accidente-entre-automovil-y-autobus-dejo-un-lesionado-grave-en-tlanchinol\/\" target=\"_top\" rel=\"nofollow\"><span class=\"icon\"><\/span><span class=\"text\">Tweet<\/span><\/a><div class=\"onoffswitch2 mash-large mashsb-noshadow\" style=\"display:none\"><\/div><\/div>\n            <\/div>\n                <div style=\"clear:both\"><\/div><div class=\"mashsb-toggle-container\"><\/div><\/aside>\n            <!-- Share buttons by mashshare.net - Version: 4.0.47-->\n<p><em>Por Karen Rivera \/ Zunoticia<\/em><\/p>\n\n\n\n<p><strong>Tlanchinol, Hgo<\/strong>.- Un fuerte accidente automovil\u00edstico registrado durante la madrugada de este martes moviliz\u00f3 a cuerpos de emergencia en el municipio, dejando como saldo una persona con lesiones de gravedad y varios pasajeros con golpes menores.<\/p>\n\n\n\n<p>De acuerdo con el reporte, el servicio fue atendido como una urgencia, acudiendo al sitio personal de Protecci\u00f3n Civil a bordo de las unidades Ambulancia 1202, Ambulancia MT01, as\u00ed como una camioneta Ford Ranger.<\/p>\n\n\n\n<p>Los hechos ocurrieron alrededor de las 01:16 horas, tras recibirse el aviso de un choque entre un autom\u00f3vil tipo Spark y un autob\u00fas de la l\u00ednea ADO, metros adelante de la falla Geol\u00f3gica.<\/p>\n\n\n\n<p>&nbsp;Al arribar al lugar, los rescatistas confirmaron el percance; sin embargo, testigos indicaron que el operador del autob\u00fas presuntamente se dio a la fuga.<\/p>\n\n\n\n<p>En el veh\u00edculo particular fue encontrado un masculino de aproximadamente 40 a\u00f1os de edad, identificado como Cuauht\u00e9moc \u201cN.\u201d, quien presentaba lesiones de consideraci\u00f3n en el brazo izquierdo y probable fractura en una de sus extremidades inferiores.<\/p>\n\n\n\n<p>Ocho pasajeros del autob\u00fas resultaron con lesiones menores, por lo que fueron atendidos en el lugar sin requerir traslado al nosocomio.<\/p>\n\n\n\n<p>La atenci\u00f3n fue proporcionada por el param\u00e9dico Jorge Azael Montiel S\u00e1nchez, bajo la coordinaci\u00f3n del director de Protecci\u00f3n Civil, Roberto Hern\u00e1ndez Ceboll\u00f3n, quienes implementaron las acciones correspondientes para salvaguardar la integridad de los involucrados.<\/p>\n\n\n\n<p>Los param\u00e9dicos brindaron atenci\u00f3n prehospitalaria en el sitio y, debido a la gravedad de las heridas, el lesionado fue trasladado de inmediato al Hospital Integral de Tlanchinol para su atenci\u00f3n m\u00e9dica especializada.<\/p>\n\n\n\n<figure class=\"wp-block-image size-full\"><img fetchpriority=\"high\" decoding=\"async\" width=\"577\" height=\"800\" src=\"https:\/\/www.zunoticia.com\/noticias-de-hidalgo\/wp-content\/uploads\/2026\/03\/WhatsApp-Image-2026-03-24-at-5.19.05-AM.jpeg\" alt=\"\" class=\"wp-image-630898\" srcset=\"https:\/\/www.zunoticia.com\/noticias-de-hidalgo\/wp-content\/uploads\/2026\/03\/WhatsApp-Image-2026-03-24-at-5.19.05-AM.jpeg 577w, https:\/\/www.zunoticia.com\/noticias-de-hidalgo\/wp-content\/uploads\/2026\/03\/WhatsApp-Image-2026-03-24-at-5.19.05-AM-216x300.jpeg 216w\" sizes=\"(max-width: 577px) 100vw, 577px\" \/><\/figure>\n","protected":false},"excerpt":{"rendered":"<p>Por Karen Rivera \/ Zunoticia Tlanchinol, Hgo.- Un fuerte accidente automovil\u00edstico registrado durante la madrugada de este martes moviliz\u00f3 a cuerpos de emergencia en el municipio, dejando como saldo una persona con lesiones de gravedad y varios pasajeros con golpes menores. De acuerdo con el reporte, el servicio fue atendido como una urgencia, acudiendo al&hellip; <a class=\"more-link\" href=\"https:\/\/www.zunoticia.com\/noticias-de-hidalgo\/2026\/03\/24\/accidente-entre-automovil-y-autobus-dejo-un-lesionado-grave-en-tlanchinol\/\">Seguir leyendo <span class=\"screen-reader-text\">Accidente entre autom\u00f3vil y autob\u00fas dej\u00f3 un lesionado grave en Tlanchinol<\/span><\/a><\/p>\n","protected":false},"author":20,"featured_media":630897,"comment_status":"open","ping_status":"open","sticky":false,"template":"","format":"standard","meta":{"rop_custom_images_group":[],"rop_custom_messages_group":[],"rop_publish_now":"initial","rop_publish_now_accounts":{"facebook_10159540855086992_322828327761733":""},"rop_publish_now_history":[],"rop_publish_now_status":"pending","footnotes":""},"categories":[178,201],"tags":[259,127],"class_list":["post-630896","post","type-post","status-publish","format-standard","has-post-thumbnail","hentry","category-policiaca","category-tlanchinol","tag-policiaca","tag-tlanchinol","entry"],"_links":{"self":[{"href":"https:\/\/www.zunoticia.com\/noticias-de-hidalgo\/wp-json\/wp\/v2\/posts\/630896","targetHints":{"allow":["GET"]}}],"collection":[{"href":"https:\/\/www.zunoticia.com\/noticias-de-hidalgo\/wp-json\/wp\/v2\/posts"}],"about":[{"href":"https:\/\/www.zunoticia.com\/noticias-de-hidalgo\/wp-json\/wp\/v2\/types\/post"}],"author":[{"embeddable":true,"href":"https:\/\/www.zunoticia.com\/noticias-de-hidalgo\/wp-json\/wp\/v2\/users\/20"}],"replies":[{"embeddable":true,"href":"https:\/\/www.zunoticia.com\/noticias-de-hidalgo\/wp-json\/wp\/v2\/comments?post=630896"}],"version-history":[{"count":1,"href":"https:\/\/www.zunoticia.com\/noticias-de-hidalgo\/wp-json\/wp\/v2\/posts\/630896\/revisions"}],"predecessor-version":[{"id":630899,"href":"https:\/\/www.zunoticia.com\/noticias-de-hidalgo\/wp-json\/wp\/v2\/posts\/630896\/revisions\/630899"}],"wp:featuredmedia":[{"embeddable":true,"href":"https:\/\/www.zunoticia.com\/noticias-de-hidalgo\/wp-json\/wp\/v2\/media\/630897"}],"wp:attachment":[{"href":"https:\/\/www.zunoticia.com\/noticias-de-hidalgo\/wp-json\/wp\/v2\/media?parent=630896"}],"wp:term":[{"taxonomy":"category","embeddable":true,"href":"https:\/\/www.zunoticia.com\/noticias-de-hidalgo\/wp-json\/wp\/v2\/categories?post=630896"},{"taxonomy":"post_tag","embeddable":true,"href":"https:\/\/www.zunoticia.com\/noticias-de-hidalgo\/wp-json\/wp\/v2\/tags?post=630896"}],"curies":[{"name":"wp","href":"https:\/\/api.w.org\/{rel}","templated":true}]}}