{"id":630971,"date":"2026-03-24T16:15:59","date_gmt":"2026-03-24T22:15:59","guid":{"rendered":"https:\/\/www.zunoticia.com\/noticias-de-hidalgo\/?p=630971"},"modified":"2026-03-24T16:16:00","modified_gmt":"2026-03-24T22:16:00","slug":"volco-camion-en-la-huejutla-platon-sanchez","status":"publish","type":"post","link":"https:\/\/www.zunoticia.com\/noticias-de-hidalgo\/2026\/03\/24\/volco-camion-en-la-huejutla-platon-sanchez\/","title":{"rendered":"Volc\u00f3 cami\u00f3n en la Huejutla -Plat\u00f3n S\u00e1nchez"},"content":{"rendered":"<aside class=\"mashsb-container mashsb-main mashsb-stretched\"><div class=\"mashsb-box\"><div class=\"mashsb-count mash-large\" style=\"float:left\"><div class=\"counts mashsbcount\">0<\/div><span class=\"mashsb-sharetext\">SHARES<\/span><\/div><div class=\"mashsb-buttons\"><a class=\"mashicon-facebook mash-large mash-center mashsb-noshadow\" href=\"https:\/\/www.facebook.com\/sharer.php?u=https%3A%2F%2Fwww.zunoticia.com%2Fnoticias-de-hidalgo%2F2026%2F03%2F24%2Fvolco-camion-en-la-huejutla-platon-sanchez%2F\" target=\"_top\" rel=\"nofollow\"><span class=\"icon\"><\/span><span class=\"text\">Share<\/span><\/a><a class=\"mashicon-twitter mash-large mash-center mashsb-noshadow\" href=\"https:\/\/twitter.com\/intent\/tweet?text=&amp;url=https:\/\/www.zunoticia.com\/noticias-de-hidalgo\/2026\/03\/24\/volco-camion-en-la-huejutla-platon-sanchez\/\" target=\"_top\" rel=\"nofollow\"><span class=\"icon\"><\/span><span class=\"text\">Tweet<\/span><\/a><div class=\"onoffswitch2 mash-large mashsb-noshadow\" style=\"display:none\"><\/div><\/div>\n            <\/div>\n                <div style=\"clear:both\"><\/div><div class=\"mashsb-toggle-container\"><\/div><\/aside>\n            <!-- Share buttons by mashshare.net - Version: 4.0.47-->\n<p>P<em>or Roberto Meza Ram\u00edrez \/Zunoticia<\/em><\/p>\n\n\n\n<p><strong>Plat\u00f3n S\u00e1nchez, Ver.<\/strong> &#8211; Aparatosa volcadura de un cami\u00f3n se registr\u00f3 sobre la carretera federal M\u00e9xico -Tampico, tramo Huejutla a Plat\u00f3n S\u00e1nchez, cuyo conductor perdi\u00f3 el control de su veh\u00edculo y volc\u00f3, al lugar de los hechos llegaron elementos de Protecci\u00f3n Civil Municipal para auxiliar al ch\u00f3fer, quien sufri\u00f3 lesiones.<\/p>\n\n\n\n<p>El percance ocurri\u00f3 entre el puente y la gasolinera de este municipio, en donde un cami\u00f3n color blanco que transportaba carnes y embutidos, su conductor presuntamente por una falla mec\u00e1nica perdi\u00f3 el control y sufri\u00f3 este accidente que dej\u00f3 cuantiosos da\u00f1os materiales, as\u00ed como una persona con lesiones.<\/p>\n\n\n\n<p>Al lugar del percance acudieron servicios de emergencia de ese municipio para la valoraci\u00f3n del conductor M.F.C.H, de Ciudad Valles S.L.P. y fue traslado al hospital de ese municipio. A este accidente tambi\u00e9n arribaron oficiales de la Guardia Nacional Carreteras para tomar conocimiento de los hechos, as\u00ed como levantar el peritaje; la unidad fue remolcada y enviada al corral\u00f3n.<\/p>\n\n\n\n<figure class=\"wp-block-image size-full\"><img fetchpriority=\"high\" decoding=\"async\" width=\"464\" height=\"223\" src=\"https:\/\/www.zunoticia.com\/noticias-de-hidalgo\/wp-content\/uploads\/2026\/03\/WhatsApp-Image-2026-03-24-at-3.24.35-PM-1.jpeg\" alt=\"\" class=\"wp-image-630973\" srcset=\"https:\/\/www.zunoticia.com\/noticias-de-hidalgo\/wp-content\/uploads\/2026\/03\/WhatsApp-Image-2026-03-24-at-3.24.35-PM-1.jpeg 464w, https:\/\/www.zunoticia.com\/noticias-de-hidalgo\/wp-content\/uploads\/2026\/03\/WhatsApp-Image-2026-03-24-at-3.24.35-PM-1-300x144.jpeg 300w\" sizes=\"(max-width: 464px) 100vw, 464px\" \/><\/figure>\n","protected":false},"excerpt":{"rendered":"<p>Por Roberto Meza Ram\u00edrez \/Zunoticia Plat\u00f3n S\u00e1nchez, Ver. &#8211; Aparatosa volcadura de un cami\u00f3n se registr\u00f3 sobre la carretera federal M\u00e9xico -Tampico, tramo Huejutla a Plat\u00f3n S\u00e1nchez, cuyo conductor perdi\u00f3 el control de su veh\u00edculo y volc\u00f3, al lugar de los hechos llegaron elementos de Protecci\u00f3n Civil Municipal para auxiliar al ch\u00f3fer, quien sufri\u00f3 lesiones.&hellip; <a class=\"more-link\" href=\"https:\/\/www.zunoticia.com\/noticias-de-hidalgo\/2026\/03\/24\/volco-camion-en-la-huejutla-platon-sanchez\/\">Seguir leyendo <span class=\"screen-reader-text\">Volc\u00f3 cami\u00f3n en la Huejutla -Plat\u00f3n S\u00e1nchez<\/span><\/a><\/p>\n","protected":false},"author":20,"featured_media":630972,"comment_status":"open","ping_status":"open","sticky":false,"template":"","format":"standard","meta":{"rop_custom_images_group":[],"rop_custom_messages_group":[],"rop_publish_now":"initial","rop_publish_now_accounts":{"facebook_10159540855086992_322828327761733":""},"rop_publish_now_history":[],"rop_publish_now_status":"pending","footnotes":""},"categories":[178],"tags":[259],"class_list":["post-630971","post","type-post","status-publish","format-standard","has-post-thumbnail","hentry","category-policiaca","tag-policiaca","entry"],"_links":{"self":[{"href":"https:\/\/www.zunoticia.com\/noticias-de-hidalgo\/wp-json\/wp\/v2\/posts\/630971","targetHints":{"allow":["GET"]}}],"collection":[{"href":"https:\/\/www.zunoticia.com\/noticias-de-hidalgo\/wp-json\/wp\/v2\/posts"}],"about":[{"href":"https:\/\/www.zunoticia.com\/noticias-de-hidalgo\/wp-json\/wp\/v2\/types\/post"}],"author":[{"embeddable":true,"href":"https:\/\/www.zunoticia.com\/noticias-de-hidalgo\/wp-json\/wp\/v2\/users\/20"}],"replies":[{"embeddable":true,"href":"https:\/\/www.zunoticia.com\/noticias-de-hidalgo\/wp-json\/wp\/v2\/comments?post=630971"}],"version-history":[{"count":1,"href":"https:\/\/www.zunoticia.com\/noticias-de-hidalgo\/wp-json\/wp\/v2\/posts\/630971\/revisions"}],"predecessor-version":[{"id":630974,"href":"https:\/\/www.zunoticia.com\/noticias-de-hidalgo\/wp-json\/wp\/v2\/posts\/630971\/revisions\/630974"}],"wp:featuredmedia":[{"embeddable":true,"href":"https:\/\/www.zunoticia.com\/noticias-de-hidalgo\/wp-json\/wp\/v2\/media\/630972"}],"wp:attachment":[{"href":"https:\/\/www.zunoticia.com\/noticias-de-hidalgo\/wp-json\/wp\/v2\/media?parent=630971"}],"wp:term":[{"taxonomy":"category","embeddable":true,"href":"https:\/\/www.zunoticia.com\/noticias-de-hidalgo\/wp-json\/wp\/v2\/categories?post=630971"},{"taxonomy":"post_tag","embeddable":true,"href":"https:\/\/www.zunoticia.com\/noticias-de-hidalgo\/wp-json\/wp\/v2\/tags?post=630971"}],"curies":[{"name":"wp","href":"https:\/\/api.w.org\/{rel}","templated":true}]}}