{"id":631172,"date":"2026-03-25T20:47:01","date_gmt":"2026-03-26T02:47:01","guid":{"rendered":"https:\/\/www.zunoticia.com\/noticias-de-hidalgo\/?p=631172"},"modified":"2026-03-25T20:47:03","modified_gmt":"2026-03-26T02:47:03","slug":"choque-de-camioneta-con-auto-dejo-danos-materiales-6","status":"publish","type":"post","link":"https:\/\/www.zunoticia.com\/noticias-de-hidalgo\/2026\/03\/25\/choque-de-camioneta-con-auto-dejo-danos-materiales-6\/","title":{"rendered":"Choque de camioneta con auto dej\u00f3 da\u00f1os materiales"},"content":{"rendered":"<aside class=\"mashsb-container mashsb-main mashsb-stretched\"><div class=\"mashsb-box\"><div class=\"mashsb-count mash-large\" style=\"float:left\"><div class=\"counts mashsbcount\">0<\/div><span class=\"mashsb-sharetext\">SHARES<\/span><\/div><div class=\"mashsb-buttons\"><a class=\"mashicon-facebook mash-large mash-center mashsb-noshadow\" href=\"https:\/\/www.facebook.com\/sharer.php?u=https%3A%2F%2Fwww.zunoticia.com%2Fnoticias-de-hidalgo%2F2026%2F03%2F25%2Fchoque-de-camioneta-con-auto-dejo-danos-materiales-6%2F\" target=\"_top\" rel=\"nofollow\"><span class=\"icon\"><\/span><span class=\"text\">Share<\/span><\/a><a class=\"mashicon-twitter mash-large mash-center mashsb-noshadow\" href=\"https:\/\/twitter.com\/intent\/tweet?text=&amp;url=https:\/\/www.zunoticia.com\/noticias-de-hidalgo\/2026\/03\/25\/choque-de-camioneta-con-auto-dejo-danos-materiales-6\/\" target=\"_top\" rel=\"nofollow\"><span class=\"icon\"><\/span><span class=\"text\">Tweet<\/span><\/a><div class=\"onoffswitch2 mash-large mashsb-noshadow\" style=\"display:none\"><\/div><\/div>\n            <\/div>\n                <div style=\"clear:both\"><\/div><div class=\"mashsb-toggle-container\"><\/div><\/aside>\n            <!-- Share buttons by mashshare.net - Version: 4.0.47-->\n<p><em>Por Roberto Ram\u00edrez\/Zunoticia<\/em><\/p>\n\n\n\n<p><strong>Huejutla, Hgo.-<\/strong> El choque de una camioneta y un autom\u00f3vil dej\u00f3 da\u00f1os materiales, sobre el bulevar central de esta ciudad, d\u00f3nde las unidades motrices colisionaron, presuntamente ante la falta de precauci\u00f3n unos de los conductores.<\/p>\n\n\n\n<p>Se trata de un autom\u00f3vil Mazda y una camioneta Ford Ranger, cuando en una intercepci\u00f3n de la gasolinera Fayad que las unidades colisionaron, donde solo hubo da\u00f1os materiales y sin v\u00edctimas humanas que lamentar, ambos conductores iniciaron con un di\u00e1logo para resarcir los da\u00f1os.<\/p>\n\n\n\n<figure class=\"wp-block-image size-large\"><img fetchpriority=\"high\" decoding=\"async\" width=\"1024\" height=\"555\" src=\"https:\/\/www.zunoticia.com\/noticias-de-hidalgo\/wp-content\/uploads\/2026\/03\/WhatsApp-Image-2026-03-25-at-8.36.30-PM-1024x555.jpeg\" alt=\"\" class=\"wp-image-631169\" srcset=\"https:\/\/www.zunoticia.com\/noticias-de-hidalgo\/wp-content\/uploads\/2026\/03\/WhatsApp-Image-2026-03-25-at-8.36.30-PM-1024x555.jpeg 1024w, https:\/\/www.zunoticia.com\/noticias-de-hidalgo\/wp-content\/uploads\/2026\/03\/WhatsApp-Image-2026-03-25-at-8.36.30-PM-300x163.jpeg 300w, https:\/\/www.zunoticia.com\/noticias-de-hidalgo\/wp-content\/uploads\/2026\/03\/WhatsApp-Image-2026-03-25-at-8.36.30-PM-768x416.jpeg 768w, https:\/\/www.zunoticia.com\/noticias-de-hidalgo\/wp-content\/uploads\/2026\/03\/WhatsApp-Image-2026-03-25-at-8.36.30-PM.jpeg 1478w\" sizes=\"(max-width: 1024px) 100vw, 1024px\" \/><\/figure>\n\n\n\n<p>Al lugar de los hechos acudieron polic\u00edas municipales y estatales para tomar conocimiento de los hechos y deslindar responsabilidades, ambos conductores hab\u00edan llegado a un acuerdo reparatorio, tras intervenci\u00f3n de las autoridades policiacas, los choferes llegaron a un arreglo para el pago de los da\u00f1os materiales.<\/p>\n","protected":false},"excerpt":{"rendered":"<p>Por Roberto Ram\u00edrez\/Zunoticia Huejutla, Hgo.- El choque de una camioneta y un autom\u00f3vil dej\u00f3 da\u00f1os materiales, sobre el bulevar central de esta ciudad, d\u00f3nde las unidades motrices colisionaron, presuntamente ante la falta de precauci\u00f3n unos de los conductores. Se trata de un autom\u00f3vil Mazda y una camioneta Ford Ranger, cuando en una intercepci\u00f3n de la&hellip; <a class=\"more-link\" href=\"https:\/\/www.zunoticia.com\/noticias-de-hidalgo\/2026\/03\/25\/choque-de-camioneta-con-auto-dejo-danos-materiales-6\/\">Seguir leyendo <span class=\"screen-reader-text\">Choque de camioneta con auto dej\u00f3 da\u00f1os materiales<\/span><\/a><\/p>\n","protected":false},"author":13,"featured_media":631168,"comment_status":"open","ping_status":"open","sticky":false,"template":"","format":"standard","meta":{"rop_custom_images_group":[],"rop_custom_messages_group":[],"rop_publish_now":"initial","rop_publish_now_accounts":{"facebook_10159540855086992_322828327761733":""},"rop_publish_now_history":[],"rop_publish_now_status":"pending","footnotes":""},"categories":[178],"tags":[259],"class_list":["post-631172","post","type-post","status-publish","format-standard","has-post-thumbnail","hentry","category-policiaca","tag-policiaca","entry"],"_links":{"self":[{"href":"https:\/\/www.zunoticia.com\/noticias-de-hidalgo\/wp-json\/wp\/v2\/posts\/631172","targetHints":{"allow":["GET"]}}],"collection":[{"href":"https:\/\/www.zunoticia.com\/noticias-de-hidalgo\/wp-json\/wp\/v2\/posts"}],"about":[{"href":"https:\/\/www.zunoticia.com\/noticias-de-hidalgo\/wp-json\/wp\/v2\/types\/post"}],"author":[{"embeddable":true,"href":"https:\/\/www.zunoticia.com\/noticias-de-hidalgo\/wp-json\/wp\/v2\/users\/13"}],"replies":[{"embeddable":true,"href":"https:\/\/www.zunoticia.com\/noticias-de-hidalgo\/wp-json\/wp\/v2\/comments?post=631172"}],"version-history":[{"count":1,"href":"https:\/\/www.zunoticia.com\/noticias-de-hidalgo\/wp-json\/wp\/v2\/posts\/631172\/revisions"}],"predecessor-version":[{"id":631173,"href":"https:\/\/www.zunoticia.com\/noticias-de-hidalgo\/wp-json\/wp\/v2\/posts\/631172\/revisions\/631173"}],"wp:featuredmedia":[{"embeddable":true,"href":"https:\/\/www.zunoticia.com\/noticias-de-hidalgo\/wp-json\/wp\/v2\/media\/631168"}],"wp:attachment":[{"href":"https:\/\/www.zunoticia.com\/noticias-de-hidalgo\/wp-json\/wp\/v2\/media?parent=631172"}],"wp:term":[{"taxonomy":"category","embeddable":true,"href":"https:\/\/www.zunoticia.com\/noticias-de-hidalgo\/wp-json\/wp\/v2\/categories?post=631172"},{"taxonomy":"post_tag","embeddable":true,"href":"https:\/\/www.zunoticia.com\/noticias-de-hidalgo\/wp-json\/wp\/v2\/tags?post=631172"}],"curies":[{"name":"wp","href":"https:\/\/api.w.org\/{rel}","templated":true}]}}