{"id":631222,"date":"2026-03-26T12:32:34","date_gmt":"2026-03-26T18:32:34","guid":{"rendered":"https:\/\/www.zunoticia.com\/noticias-de-hidalgo\/?p=631222"},"modified":"2026-03-26T12:32:36","modified_gmt":"2026-03-26T18:32:36","slug":"se-volco-automovil-en-la-huejutla-pachuca","status":"publish","type":"post","link":"https:\/\/www.zunoticia.com\/noticias-de-hidalgo\/2026\/03\/26\/se-volco-automovil-en-la-huejutla-pachuca\/","title":{"rendered":"Se volc\u00f3 autom\u00f3vil en la Huejutla -Pachuca"},"content":{"rendered":"<aside class=\"mashsb-container mashsb-main mashsb-stretched\"><div class=\"mashsb-box\"><div class=\"mashsb-count mash-large\" style=\"float:left\"><div class=\"counts mashsbcount\">0<\/div><span class=\"mashsb-sharetext\">SHARES<\/span><\/div><div class=\"mashsb-buttons\"><a class=\"mashicon-facebook mash-large mash-center mashsb-noshadow\" href=\"https:\/\/www.facebook.com\/sharer.php?u=https%3A%2F%2Fwww.zunoticia.com%2Fnoticias-de-hidalgo%2F2026%2F03%2F26%2Fse-volco-automovil-en-la-huejutla-pachuca%2F\" target=\"_top\" rel=\"nofollow\"><span class=\"icon\"><\/span><span class=\"text\">Share<\/span><\/a><a class=\"mashicon-twitter mash-large mash-center mashsb-noshadow\" href=\"https:\/\/twitter.com\/intent\/tweet?text=&amp;url=https:\/\/www.zunoticia.com\/noticias-de-hidalgo\/2026\/03\/26\/se-volco-automovil-en-la-huejutla-pachuca\/\" target=\"_top\" rel=\"nofollow\"><span class=\"icon\"><\/span><span class=\"text\">Tweet<\/span><\/a><div class=\"onoffswitch2 mash-large mashsb-noshadow\" style=\"display:none\"><\/div><\/div>\n            <\/div>\n                <div style=\"clear:both\"><\/div><div class=\"mashsb-toggle-container\"><\/div><\/aside>\n            <!-- Share buttons by mashshare.net - Version: 4.0.47-->\n<p><em>Por Roberto Meza Ram\u00edrez \/Zunoticia<\/em><\/p>\n\n\n\n<p><strong>Zacualtip\u00e1n, Hgo<\/strong>. &#8211; Un autom\u00f3vil volc\u00f3 sobre la v\u00eda federal Huejutla-Pachuca dejando cuantiosos da\u00f1os materiales, cuyo veh\u00edculo fue hallado en abandono; servicios de emergencias acudieron al lugar pero no atendieron nadie.<\/p>\n\n\n\n<p>Fue a la altura del entronque de Zoquizoquipan, donde el coche se fue a un desnivel y termin\u00f3 volcado con las llantas para arriba; al lugar llegaron elementos de Protecci\u00f3n Civil de Molango, pero no atendieron a nadie ya que en el accidente ya no hab\u00eda personas.<\/p>\n\n\n\n<p>M\u00e1s tarde, llegaron oficiales de la Guardia Nacional Carreteras quienes ordenaron que el veh\u00edculo accidentado fuera sacado del lugar, siendo traslado al corral\u00f3n. Afortunadamente este percance s\u00f3lo dej\u00f3 da\u00f1os en el veh\u00edculo automotriz. El conductor afectado se sali\u00f3 por sus medios de ese veh\u00edculo.<\/p>\n\n\n\n<p><\/p>\n","protected":false},"excerpt":{"rendered":"<p>Por Roberto Meza Ram\u00edrez \/Zunoticia Zacualtip\u00e1n, Hgo. &#8211; Un autom\u00f3vil volc\u00f3 sobre la v\u00eda federal Huejutla-Pachuca dejando cuantiosos da\u00f1os materiales, cuyo veh\u00edculo fue hallado en abandono; servicios de emergencias acudieron al lugar pero no atendieron nadie. Fue a la altura del entronque de Zoquizoquipan, donde el coche se fue a un desnivel y termin\u00f3 volcado&hellip; <a class=\"more-link\" href=\"https:\/\/www.zunoticia.com\/noticias-de-hidalgo\/2026\/03\/26\/se-volco-automovil-en-la-huejutla-pachuca\/\">Seguir leyendo <span class=\"screen-reader-text\">Se volc\u00f3 autom\u00f3vil en la Huejutla -Pachuca<\/span><\/a><\/p>\n","protected":false},"author":20,"featured_media":631223,"comment_status":"open","ping_status":"open","sticky":false,"template":"","format":"standard","meta":{"rop_custom_images_group":[],"rop_custom_messages_group":[],"rop_publish_now":"initial","rop_publish_now_accounts":{"facebook_10159540855086992_322828327761733":""},"rop_publish_now_history":[],"rop_publish_now_status":"pending","footnotes":""},"categories":[178],"tags":[259],"class_list":["post-631222","post","type-post","status-publish","format-standard","has-post-thumbnail","hentry","category-policiaca","tag-policiaca","entry"],"_links":{"self":[{"href":"https:\/\/www.zunoticia.com\/noticias-de-hidalgo\/wp-json\/wp\/v2\/posts\/631222","targetHints":{"allow":["GET"]}}],"collection":[{"href":"https:\/\/www.zunoticia.com\/noticias-de-hidalgo\/wp-json\/wp\/v2\/posts"}],"about":[{"href":"https:\/\/www.zunoticia.com\/noticias-de-hidalgo\/wp-json\/wp\/v2\/types\/post"}],"author":[{"embeddable":true,"href":"https:\/\/www.zunoticia.com\/noticias-de-hidalgo\/wp-json\/wp\/v2\/users\/20"}],"replies":[{"embeddable":true,"href":"https:\/\/www.zunoticia.com\/noticias-de-hidalgo\/wp-json\/wp\/v2\/comments?post=631222"}],"version-history":[{"count":1,"href":"https:\/\/www.zunoticia.com\/noticias-de-hidalgo\/wp-json\/wp\/v2\/posts\/631222\/revisions"}],"predecessor-version":[{"id":631224,"href":"https:\/\/www.zunoticia.com\/noticias-de-hidalgo\/wp-json\/wp\/v2\/posts\/631222\/revisions\/631224"}],"wp:featuredmedia":[{"embeddable":true,"href":"https:\/\/www.zunoticia.com\/noticias-de-hidalgo\/wp-json\/wp\/v2\/media\/631223"}],"wp:attachment":[{"href":"https:\/\/www.zunoticia.com\/noticias-de-hidalgo\/wp-json\/wp\/v2\/media?parent=631222"}],"wp:term":[{"taxonomy":"category","embeddable":true,"href":"https:\/\/www.zunoticia.com\/noticias-de-hidalgo\/wp-json\/wp\/v2\/categories?post=631222"},{"taxonomy":"post_tag","embeddable":true,"href":"https:\/\/www.zunoticia.com\/noticias-de-hidalgo\/wp-json\/wp\/v2\/tags?post=631222"}],"curies":[{"name":"wp","href":"https:\/\/api.w.org\/{rel}","templated":true}]}}