{"id":631283,"date":"2026-03-26T17:11:24","date_gmt":"2026-03-26T23:11:24","guid":{"rendered":"https:\/\/www.zunoticia.com\/noticias-de-hidalgo\/?p=631283"},"modified":"2026-03-26T17:11:26","modified_gmt":"2026-03-26T23:11:26","slug":"alumna-iba-a-la-escuela-y-desaparecio","status":"publish","type":"post","link":"https:\/\/www.zunoticia.com\/noticias-de-hidalgo\/2026\/03\/26\/alumna-iba-a-la-escuela-y-desaparecio\/","title":{"rendered":"Alumna iba a la escuela y desapareci\u00f3"},"content":{"rendered":"<aside class=\"mashsb-container mashsb-main mashsb-stretched\"><div class=\"mashsb-box\"><div class=\"mashsb-count mash-large\" style=\"float:left\"><div class=\"counts mashsbcount\">0<\/div><span class=\"mashsb-sharetext\">SHARES<\/span><\/div><div class=\"mashsb-buttons\"><a class=\"mashicon-facebook mash-large mash-center mashsb-noshadow\" href=\"https:\/\/www.facebook.com\/sharer.php?u=https%3A%2F%2Fwww.zunoticia.com%2Fnoticias-de-hidalgo%2F2026%2F03%2F26%2Falumna-iba-a-la-escuela-y-desaparecio%2F\" target=\"_top\" rel=\"nofollow\"><span class=\"icon\"><\/span><span class=\"text\">Share<\/span><\/a><a class=\"mashicon-twitter mash-large mash-center mashsb-noshadow\" href=\"https:\/\/twitter.com\/intent\/tweet?text=&amp;url=https:\/\/www.zunoticia.com\/noticias-de-hidalgo\/2026\/03\/26\/alumna-iba-a-la-escuela-y-desaparecio\/\" target=\"_top\" rel=\"nofollow\"><span class=\"icon\"><\/span><span class=\"text\">Tweet<\/span><\/a><div class=\"onoffswitch2 mash-large mashsb-noshadow\" style=\"display:none\"><\/div><\/div>\n            <\/div>\n                <div style=\"clear:both\"><\/div><div class=\"mashsb-toggle-container\"><\/div><\/aside>\n            <!-- Share buttons by mashshare.net - Version: 4.0.47-->\n<p><em>Por Roberto Meza Ram\u00edrez\/Zunoticia<\/em><\/p>\n\n\n\n<p><strong>Huejutla, Hgo<\/strong>.- Una alumna originaria de la comunidad de La Corrala, Huejutla, Hidalgo y quien radica en la ciudad de Monterrey Nuevo Le\u00f3n, desapareci\u00f3 cuando iba a su escuela, por lo que sus familiares piden la colaboraci\u00f3n de la poblaci\u00f3n en general para dar con su paradero.<\/p>\n\n\n\n<p>Se trata de la alumna Yuridia Yaretzi, de 14 a\u00f1os de edad, quien desapareci\u00f3 cuando se dirig\u00eda a la Secundaria 19 de ciudad de Monterrey, pero nunca lleg\u00f3; ante el riesgo en el que se encuentra, sus familiares piden la ayuda de la ciudadan\u00eda para localizarla; cualquier informaci\u00f3n pueden remitirla al n\u00famero de celular 8131149725.<\/p>\n\n\n\n<p>Al momento sus familiares llevan una intensa difusi\u00f3n de su ficha de b\u00fasqueda para poder localizarla. Se desconoce si estos ya hayan acudido ante las autoridades de la fiscal\u00eda general de justicia de ese estado, para proseguir con su proceso de b\u00fasqueda.<\/p>\n\n\n\n<p><\/p>\n","protected":false},"excerpt":{"rendered":"<p>Por Roberto Meza Ram\u00edrez\/Zunoticia Huejutla, Hgo.- Una alumna originaria de la comunidad de La Corrala, Huejutla, Hidalgo y quien radica en la ciudad de Monterrey Nuevo Le\u00f3n, desapareci\u00f3 cuando iba a su escuela, por lo que sus familiares piden la colaboraci\u00f3n de la poblaci\u00f3n en general para dar con su paradero. Se trata de la&hellip; <a class=\"more-link\" href=\"https:\/\/www.zunoticia.com\/noticias-de-hidalgo\/2026\/03\/26\/alumna-iba-a-la-escuela-y-desaparecio\/\">Seguir leyendo <span class=\"screen-reader-text\">Alumna iba a la escuela y desapareci\u00f3<\/span><\/a><\/p>\n","protected":false},"author":20,"featured_media":631284,"comment_status":"open","ping_status":"open","sticky":false,"template":"","format":"standard","meta":{"rop_custom_images_group":[],"rop_custom_messages_group":[],"rop_publish_now":"initial","rop_publish_now_accounts":{"facebook_10159540855086992_322828327761733":""},"rop_publish_now_history":[],"rop_publish_now_status":"pending","footnotes":""},"categories":[178],"tags":[259],"class_list":["post-631283","post","type-post","status-publish","format-standard","has-post-thumbnail","hentry","category-policiaca","tag-policiaca","entry"],"_links":{"self":[{"href":"https:\/\/www.zunoticia.com\/noticias-de-hidalgo\/wp-json\/wp\/v2\/posts\/631283","targetHints":{"allow":["GET"]}}],"collection":[{"href":"https:\/\/www.zunoticia.com\/noticias-de-hidalgo\/wp-json\/wp\/v2\/posts"}],"about":[{"href":"https:\/\/www.zunoticia.com\/noticias-de-hidalgo\/wp-json\/wp\/v2\/types\/post"}],"author":[{"embeddable":true,"href":"https:\/\/www.zunoticia.com\/noticias-de-hidalgo\/wp-json\/wp\/v2\/users\/20"}],"replies":[{"embeddable":true,"href":"https:\/\/www.zunoticia.com\/noticias-de-hidalgo\/wp-json\/wp\/v2\/comments?post=631283"}],"version-history":[{"count":1,"href":"https:\/\/www.zunoticia.com\/noticias-de-hidalgo\/wp-json\/wp\/v2\/posts\/631283\/revisions"}],"predecessor-version":[{"id":631285,"href":"https:\/\/www.zunoticia.com\/noticias-de-hidalgo\/wp-json\/wp\/v2\/posts\/631283\/revisions\/631285"}],"wp:featuredmedia":[{"embeddable":true,"href":"https:\/\/www.zunoticia.com\/noticias-de-hidalgo\/wp-json\/wp\/v2\/media\/631284"}],"wp:attachment":[{"href":"https:\/\/www.zunoticia.com\/noticias-de-hidalgo\/wp-json\/wp\/v2\/media?parent=631283"}],"wp:term":[{"taxonomy":"category","embeddable":true,"href":"https:\/\/www.zunoticia.com\/noticias-de-hidalgo\/wp-json\/wp\/v2\/categories?post=631283"},{"taxonomy":"post_tag","embeddable":true,"href":"https:\/\/www.zunoticia.com\/noticias-de-hidalgo\/wp-json\/wp\/v2\/tags?post=631283"}],"curies":[{"name":"wp","href":"https:\/\/api.w.org\/{rel}","templated":true}]}}