{"id":631641,"date":"2026-03-30T09:19:08","date_gmt":"2026-03-30T15:19:08","guid":{"rendered":"https:\/\/www.zunoticia.com\/noticias-de-hidalgo\/?p=631641"},"modified":"2026-03-30T09:19:09","modified_gmt":"2026-03-30T15:19:09","slug":"choco-con-un-arbol-tras-salida-de-camino","status":"publish","type":"post","link":"https:\/\/www.zunoticia.com\/noticias-de-hidalgo\/2026\/03\/30\/choco-con-un-arbol-tras-salida-de-camino\/","title":{"rendered":"Choc\u00f3 con un \u00e1rbol tras salida de camino"},"content":{"rendered":"<aside class=\"mashsb-container mashsb-main mashsb-stretched\"><div class=\"mashsb-box\"><div class=\"mashsb-count mash-large\" style=\"float:left\"><div class=\"counts mashsbcount\">0<\/div><span class=\"mashsb-sharetext\">SHARES<\/span><\/div><div class=\"mashsb-buttons\"><a class=\"mashicon-facebook mash-large mash-center mashsb-noshadow\" href=\"https:\/\/www.facebook.com\/sharer.php?u=https%3A%2F%2Fwww.zunoticia.com%2Fnoticias-de-hidalgo%2F2026%2F03%2F30%2Fchoco-con-un-arbol-tras-salida-de-camino%2F\" target=\"_top\" rel=\"nofollow\"><span class=\"icon\"><\/span><span class=\"text\">Share<\/span><\/a><a class=\"mashicon-twitter mash-large mash-center mashsb-noshadow\" href=\"https:\/\/twitter.com\/intent\/tweet?text=&amp;url=https:\/\/www.zunoticia.com\/noticias-de-hidalgo\/2026\/03\/30\/choco-con-un-arbol-tras-salida-de-camino\/\" target=\"_top\" rel=\"nofollow\"><span class=\"icon\"><\/span><span class=\"text\">Tweet<\/span><\/a><div class=\"onoffswitch2 mash-large mashsb-noshadow\" style=\"display:none\"><\/div><\/div>\n            <\/div>\n                <div style=\"clear:both\"><\/div><div class=\"mashsb-toggle-container\"><\/div><\/aside>\n            <!-- Share buttons by mashshare.net - Version: 4.0.47-->\n<p><em>Por Roberto Meza Ram\u00edrez \/Zunoticia<\/em><\/p>\n\n\n\n<p><strong>Huejutla, Hgo<\/strong>. \u2013 Conductor, quien presuntamente evit\u00f3 chocar de frente con otro veh\u00edculo automotriz, impact\u00f3 su autom\u00f3vil con un \u00e1rbol luego de una salida de camino sobre la v\u00eda Huejutla-Atlapexco, en las inmediaciones de la localidad de Humotitla Candelaria.<\/p>\n\n\n\n<p>El autom\u00f3vil que choc\u00f3 con un \u00e1rbol es un veh\u00edculo Volkswagen, mismo que circulaba con sentido a hacia Atlapexco, pero en ese punto el ch\u00f3fer perdi\u00f3 el control de la unidad y termin\u00f3 retach\u00e1ndose; automovilistas y habitantes de ese lugar auxiliaron a la persona, quien viajaba en ese veh\u00edculo y movilizaron a los servicios de emergencias. Tras el impacto el autom\u00f3vil qued\u00f3 destrozado de la parte frontal y el conductor result\u00f3 con lesiones leves. Elementos de la Guardia Nacional Carreteras arribaron al lugar y se hicieron cargo del accidente para deslindar<\/p>\n","protected":false},"excerpt":{"rendered":"<p>Por Roberto Meza Ram\u00edrez \/Zunoticia Huejutla, Hgo. \u2013 Conductor, quien presuntamente evit\u00f3 chocar de frente con otro veh\u00edculo automotriz, impact\u00f3 su autom\u00f3vil con un \u00e1rbol luego de una salida de camino sobre la v\u00eda Huejutla-Atlapexco, en las inmediaciones de la localidad de Humotitla Candelaria. El autom\u00f3vil que choc\u00f3 con un \u00e1rbol es un veh\u00edculo Volkswagen,&hellip; <a class=\"more-link\" href=\"https:\/\/www.zunoticia.com\/noticias-de-hidalgo\/2026\/03\/30\/choco-con-un-arbol-tras-salida-de-camino\/\">Seguir leyendo <span class=\"screen-reader-text\">Choc\u00f3 con un \u00e1rbol tras salida de camino<\/span><\/a><\/p>\n","protected":false},"author":20,"featured_media":631642,"comment_status":"open","ping_status":"open","sticky":false,"template":"","format":"standard","meta":{"rop_custom_images_group":[],"rop_custom_messages_group":[],"rop_publish_now":"initial","rop_publish_now_accounts":{"facebook_10159540855086992_322828327761733":""},"rop_publish_now_history":[],"rop_publish_now_status":"pending","footnotes":""},"categories":[178],"tags":[259],"class_list":["post-631641","post","type-post","status-publish","format-standard","has-post-thumbnail","hentry","category-policiaca","tag-policiaca","entry"],"_links":{"self":[{"href":"https:\/\/www.zunoticia.com\/noticias-de-hidalgo\/wp-json\/wp\/v2\/posts\/631641","targetHints":{"allow":["GET"]}}],"collection":[{"href":"https:\/\/www.zunoticia.com\/noticias-de-hidalgo\/wp-json\/wp\/v2\/posts"}],"about":[{"href":"https:\/\/www.zunoticia.com\/noticias-de-hidalgo\/wp-json\/wp\/v2\/types\/post"}],"author":[{"embeddable":true,"href":"https:\/\/www.zunoticia.com\/noticias-de-hidalgo\/wp-json\/wp\/v2\/users\/20"}],"replies":[{"embeddable":true,"href":"https:\/\/www.zunoticia.com\/noticias-de-hidalgo\/wp-json\/wp\/v2\/comments?post=631641"}],"version-history":[{"count":1,"href":"https:\/\/www.zunoticia.com\/noticias-de-hidalgo\/wp-json\/wp\/v2\/posts\/631641\/revisions"}],"predecessor-version":[{"id":631643,"href":"https:\/\/www.zunoticia.com\/noticias-de-hidalgo\/wp-json\/wp\/v2\/posts\/631641\/revisions\/631643"}],"wp:featuredmedia":[{"embeddable":true,"href":"https:\/\/www.zunoticia.com\/noticias-de-hidalgo\/wp-json\/wp\/v2\/media\/631642"}],"wp:attachment":[{"href":"https:\/\/www.zunoticia.com\/noticias-de-hidalgo\/wp-json\/wp\/v2\/media?parent=631641"}],"wp:term":[{"taxonomy":"category","embeddable":true,"href":"https:\/\/www.zunoticia.com\/noticias-de-hidalgo\/wp-json\/wp\/v2\/categories?post=631641"},{"taxonomy":"post_tag","embeddable":true,"href":"https:\/\/www.zunoticia.com\/noticias-de-hidalgo\/wp-json\/wp\/v2\/tags?post=631641"}],"curies":[{"name":"wp","href":"https:\/\/api.w.org\/{rel}","templated":true}]}}