{"id":633723,"date":"2026-04-17T09:29:37","date_gmt":"2026-04-17T15:29:37","guid":{"rendered":"https:\/\/www.zunoticia.com\/noticias-de-hidalgo\/?p=633723"},"modified":"2026-04-17T09:29:39","modified_gmt":"2026-04-17T15:29:39","slug":"inicia-la-venta-de-la-flor-de-alcatraz-en-huejutla","status":"publish","type":"post","link":"https:\/\/www.zunoticia.com\/noticias-de-hidalgo\/2026\/04\/17\/inicia-la-venta-de-la-flor-de-alcatraz-en-huejutla\/","title":{"rendered":"Inicia la venta de la flor de alcatraz en Huejutla"},"content":{"rendered":"<aside class=\"mashsb-container mashsb-main mashsb-stretched\"><div class=\"mashsb-box\"><div class=\"mashsb-count mash-large\" style=\"float:left\"><div class=\"counts mashsbcount\">0<\/div><span class=\"mashsb-sharetext\">SHARES<\/span><\/div><div class=\"mashsb-buttons\"><a class=\"mashicon-facebook mash-large mash-center mashsb-noshadow\" href=\"https:\/\/www.facebook.com\/sharer.php?u=https%3A%2F%2Fwww.zunoticia.com%2Fnoticias-de-hidalgo%2F2026%2F04%2F17%2Finicia-la-venta-de-la-flor-de-alcatraz-en-huejutla%2F\" target=\"_top\" rel=\"nofollow\"><span class=\"icon\"><\/span><span class=\"text\">Share<\/span><\/a><a class=\"mashicon-twitter mash-large mash-center mashsb-noshadow\" href=\"https:\/\/twitter.com\/intent\/tweet?text=&amp;url=https:\/\/www.zunoticia.com\/noticias-de-hidalgo\/2026\/04\/17\/inicia-la-venta-de-la-flor-de-alcatraz-en-huejutla\/\" target=\"_top\" rel=\"nofollow\"><span class=\"icon\"><\/span><span class=\"text\">Tweet<\/span><\/a><div class=\"onoffswitch2 mash-large mashsb-noshadow\" style=\"display:none\"><\/div><\/div>\n            <\/div>\n                <div style=\"clear:both\"><\/div><div class=\"mashsb-toggle-container\"><\/div><\/aside>\n            <!-- Share buttons by mashshare.net - Version: 4.0.47-->\n<p><em>Por Salvador Altamirano\/Zunoticia<\/em><\/p>\n\n\n\n<p><strong>Huejutla, Hgo.-<\/strong> La ma\u00f1ana de este jueves, vendedoras ocasionales de flor de alcatraz, ubicadas en un costado del estacionamiento del mercado municipal, llamaron de manera paulatina la atenci\u00f3n de las personas.<\/p>\n\n\n\n<p>Al respecto, Mar\u00eda Concepci\u00f3n Diaz, vendedora, coment\u00f3 que la temporada principal de la flor de alcatraz, en su mayor esplendor, es durante el invierno hasta finales de primavera.<\/p>\n\n\n\n<p>Agreg\u00f3 que dicha flor, del gusto popular, en especial de las mujeres, se da en climas templados, por lo que las traen principalmente del municipio de Tlanchinol.<\/p>\n\n\n\n<p>Especific\u00f3 que, aunque la blanca cl\u00e1sica se asocia al invierno\/primavera, las variedades de colores rojo, amarillos y rosas, suelen florecer de mediados de primavera hasta principios de oto\u00f1o.<\/p>\n\n\n\n<p>Asimismo, una cliente que dijo llamarse Roc\u00edo Diaz Mart\u00ednez, refiri\u00f3 que la flor de alcatraz es de su predilecci\u00f3n desde ni\u00f1a, ya que es elegante, llena de pulcritud, firmeza y durabilidad.<\/p>\n\n\n\n<figure class=\"wp-block-image size-large\"><img fetchpriority=\"high\" decoding=\"async\" width=\"1024\" height=\"768\" src=\"https:\/\/www.zunoticia.com\/noticias-de-hidalgo\/wp-content\/uploads\/2026\/04\/ALCATRAZ-2-1024x768.jpeg\" alt=\"\" class=\"wp-image-633725\" srcset=\"https:\/\/www.zunoticia.com\/noticias-de-hidalgo\/wp-content\/uploads\/2026\/04\/ALCATRAZ-2-1024x768.jpeg 1024w, https:\/\/www.zunoticia.com\/noticias-de-hidalgo\/wp-content\/uploads\/2026\/04\/ALCATRAZ-2-300x225.jpeg 300w, https:\/\/www.zunoticia.com\/noticias-de-hidalgo\/wp-content\/uploads\/2026\/04\/ALCATRAZ-2-768x576.jpeg 768w, https:\/\/www.zunoticia.com\/noticias-de-hidalgo\/wp-content\/uploads\/2026\/04\/ALCATRAZ-2-1536x1152.jpeg 1536w, https:\/\/www.zunoticia.com\/noticias-de-hidalgo\/wp-content\/uploads\/2026\/04\/ALCATRAZ-2-1568x1176.jpeg 1568w, https:\/\/www.zunoticia.com\/noticias-de-hidalgo\/wp-content\/uploads\/2026\/04\/ALCATRAZ-2.jpeg 1600w\" sizes=\"(max-width: 1024px) 100vw, 1024px\" \/><\/figure>\n","protected":false},"excerpt":{"rendered":"<p>Por Salvador Altamirano\/Zunoticia Huejutla, Hgo.- La ma\u00f1ana de este jueves, vendedoras ocasionales de flor de alcatraz, ubicadas en un costado del estacionamiento del mercado municipal, llamaron de manera paulatina la atenci\u00f3n de las personas. Al respecto, Mar\u00eda Concepci\u00f3n Diaz, vendedora, coment\u00f3 que la temporada principal de la flor de alcatraz, en su mayor esplendor, es&hellip; <a class=\"more-link\" href=\"https:\/\/www.zunoticia.com\/noticias-de-hidalgo\/2026\/04\/17\/inicia-la-venta-de-la-flor-de-alcatraz-en-huejutla\/\">Seguir leyendo <span class=\"screen-reader-text\">Inicia la venta de la flor de alcatraz en Huejutla<\/span><\/a><\/p>\n","protected":false},"author":20,"featured_media":633724,"comment_status":"open","ping_status":"open","sticky":false,"template":"","format":"standard","meta":{"rop_custom_images_group":[],"rop_custom_messages_group":[],"rop_publish_now":"initial","rop_publish_now_accounts":{"facebook_10159540855086992_322828327761733":""},"rop_publish_now_history":[],"rop_publish_now_status":"pending","footnotes":""},"categories":[181],"tags":[121],"class_list":["post-633723","post","type-post","status-publish","format-standard","has-post-thumbnail","hentry","category-huejutla","tag-huejutla","entry"],"_links":{"self":[{"href":"https:\/\/www.zunoticia.com\/noticias-de-hidalgo\/wp-json\/wp\/v2\/posts\/633723","targetHints":{"allow":["GET"]}}],"collection":[{"href":"https:\/\/www.zunoticia.com\/noticias-de-hidalgo\/wp-json\/wp\/v2\/posts"}],"about":[{"href":"https:\/\/www.zunoticia.com\/noticias-de-hidalgo\/wp-json\/wp\/v2\/types\/post"}],"author":[{"embeddable":true,"href":"https:\/\/www.zunoticia.com\/noticias-de-hidalgo\/wp-json\/wp\/v2\/users\/20"}],"replies":[{"embeddable":true,"href":"https:\/\/www.zunoticia.com\/noticias-de-hidalgo\/wp-json\/wp\/v2\/comments?post=633723"}],"version-history":[{"count":1,"href":"https:\/\/www.zunoticia.com\/noticias-de-hidalgo\/wp-json\/wp\/v2\/posts\/633723\/revisions"}],"predecessor-version":[{"id":633726,"href":"https:\/\/www.zunoticia.com\/noticias-de-hidalgo\/wp-json\/wp\/v2\/posts\/633723\/revisions\/633726"}],"wp:featuredmedia":[{"embeddable":true,"href":"https:\/\/www.zunoticia.com\/noticias-de-hidalgo\/wp-json\/wp\/v2\/media\/633724"}],"wp:attachment":[{"href":"https:\/\/www.zunoticia.com\/noticias-de-hidalgo\/wp-json\/wp\/v2\/media?parent=633723"}],"wp:term":[{"taxonomy":"category","embeddable":true,"href":"https:\/\/www.zunoticia.com\/noticias-de-hidalgo\/wp-json\/wp\/v2\/categories?post=633723"},{"taxonomy":"post_tag","embeddable":true,"href":"https:\/\/www.zunoticia.com\/noticias-de-hidalgo\/wp-json\/wp\/v2\/tags?post=633723"}],"curies":[{"name":"wp","href":"https:\/\/api.w.org\/{rel}","templated":true}]}}