{"id":634133,"date":"2026-04-21T12:32:52","date_gmt":"2026-04-21T18:32:52","guid":{"rendered":"https:\/\/www.zunoticia.com\/noticias-de-hidalgo\/?p=634133"},"modified":"2026-04-21T12:33:13","modified_gmt":"2026-04-21T18:33:13","slug":"preparan-festejos-del-dia-del-nino-en-primaria-benito-juarez-de-huejutla","status":"publish","type":"post","link":"https:\/\/www.zunoticia.com\/noticias-de-hidalgo\/2026\/04\/21\/preparan-festejos-del-dia-del-nino-en-primaria-benito-juarez-de-huejutla\/","title":{"rendered":"Preparan festejos del D\u00eda del Ni\u00f1o en Primaria \u201cBenito Ju\u00e1rez\u201d de Huejutla"},"content":{"rendered":"<aside class=\"mashsb-container mashsb-main mashsb-stretched\"><div class=\"mashsb-box\"><div class=\"mashsb-count mash-large\" style=\"float:left\"><div class=\"counts mashsbcount\">0<\/div><span class=\"mashsb-sharetext\">SHARES<\/span><\/div><div class=\"mashsb-buttons\"><a class=\"mashicon-facebook mash-large mash-center mashsb-noshadow\" href=\"https:\/\/www.facebook.com\/sharer.php?u=https%3A%2F%2Fwww.zunoticia.com%2Fnoticias-de-hidalgo%2F2026%2F04%2F21%2Fpreparan-festejos-del-dia-del-nino-en-primaria-benito-juarez-de-huejutla%2F\" target=\"_top\" rel=\"nofollow\"><span class=\"icon\"><\/span><span class=\"text\">Share<\/span><\/a><a class=\"mashicon-twitter mash-large mash-center mashsb-noshadow\" href=\"https:\/\/twitter.com\/intent\/tweet?text=&amp;url=https:\/\/www.zunoticia.com\/noticias-de-hidalgo\/2026\/04\/21\/preparan-festejos-del-dia-del-nino-en-primaria-benito-juarez-de-huejutla\/\" target=\"_top\" rel=\"nofollow\"><span class=\"icon\"><\/span><span class=\"text\">Tweet<\/span><\/a><div class=\"onoffswitch2 mash-large mashsb-noshadow\" style=\"display:none\"><\/div><\/div>\n            <\/div>\n                <div style=\"clear:both\"><\/div><div class=\"mashsb-toggle-container\"><\/div><\/aside>\n            <!-- Share buttons by mashshare.net - Version: 4.0.47-->\n<p><em>Por Enedino Hern\u00e1ndez \/ Zunoticia<\/em><\/p>\n\n\n\n<p><strong>Huejutla, Hgo<\/strong>.- Con toda anticipaci\u00f3n y en un ambiente de organizaci\u00f3n conjunta, la Escuela Primaria \u201cBenito Ju\u00e1rez\u201d del Centro de Huejutla de Reyes alista las actividades para celebrar el D\u00eda del Ni\u00f1o, el pr\u00f3ximo 30 de abril.<\/p>\n\n\n\n<p>El director del plantel educativo, Miguel Cruz Reyes, inform\u00f3 que docentes, padres de familia y comit\u00e9s escolares ya trabajan de manera coordinada para garantizar que los alumnos disfruten de una celebraci\u00f3n especial.<\/p>\n\n\n\n<p>Detall\u00f3 que, adem\u00e1s del festival principal programado para el 30 de abril, se desarrollar\u00e1 una serie de actividades durante la llamada \u201cSemana del Ni\u00f1o\u201d, la cual iniciar\u00e1 desde el lunes previo con din\u00e1micas recreativas y de convivencia, culminando con el festejo central el jueves.<\/p>\n\n\n\n<p>\u201cEl objetivo es que nuestros ni\u00f1os disfruten no s\u00f3lo un d\u00eda, sino toda una semana dedicada a ellos, como cada a\u00f1o se realiza en las instituciones educativas desde nivel inicial hasta primaria\u201d.<\/p>\n\n\n\n<p>El directivo destac\u00f3 el respaldo del Comit\u00e9 de Padres de Familia, el Comit\u00e9 de Participaci\u00f3n Social y de las vocales de la instituci\u00f3n, quienes se han sumado activamente en la organizaci\u00f3n del evento.<\/p>\n\n\n\n<p>Finalmente, Miguel Cruz Reyes agradeci\u00f3 la confianza de los padres de familia e hizo un llamado para que contin\u00faen involucr\u00e1ndose en este tipo de actividades escolares, ya que su participaci\u00f3n es fundamental para fortalecer la convivencia y el bienestar de los estudiantes.<\/p>\n","protected":false},"excerpt":{"rendered":"<p>Por Enedino Hern\u00e1ndez \/ Zunoticia Huejutla, Hgo.- Con toda anticipaci\u00f3n y en un ambiente de organizaci\u00f3n conjunta, la Escuela Primaria \u201cBenito Ju\u00e1rez\u201d del Centro de Huejutla de Reyes alista las actividades para celebrar el D\u00eda del Ni\u00f1o, el pr\u00f3ximo 30 de abril. El director del plantel educativo, Miguel Cruz Reyes, inform\u00f3 que docentes, padres de&hellip; <a class=\"more-link\" href=\"https:\/\/www.zunoticia.com\/noticias-de-hidalgo\/2026\/04\/21\/preparan-festejos-del-dia-del-nino-en-primaria-benito-juarez-de-huejutla\/\">Seguir leyendo <span class=\"screen-reader-text\">Preparan festejos del D\u00eda del Ni\u00f1o en Primaria \u201cBenito Ju\u00e1rez\u201d de Huejutla<\/span><\/a><\/p>\n","protected":false},"author":20,"featured_media":634134,"comment_status":"open","ping_status":"open","sticky":false,"template":"","format":"standard","meta":{"rop_custom_images_group":[],"rop_custom_messages_group":[],"rop_publish_now":"initial","rop_publish_now_accounts":{"facebook_10159540855086992_322828327761733":""},"rop_publish_now_history":[],"rop_publish_now_status":"pending","footnotes":""},"categories":[181],"tags":[121],"class_list":["post-634133","post","type-post","status-publish","format-standard","has-post-thumbnail","hentry","category-huejutla","tag-huejutla","entry"],"_links":{"self":[{"href":"https:\/\/www.zunoticia.com\/noticias-de-hidalgo\/wp-json\/wp\/v2\/posts\/634133","targetHints":{"allow":["GET"]}}],"collection":[{"href":"https:\/\/www.zunoticia.com\/noticias-de-hidalgo\/wp-json\/wp\/v2\/posts"}],"about":[{"href":"https:\/\/www.zunoticia.com\/noticias-de-hidalgo\/wp-json\/wp\/v2\/types\/post"}],"author":[{"embeddable":true,"href":"https:\/\/www.zunoticia.com\/noticias-de-hidalgo\/wp-json\/wp\/v2\/users\/20"}],"replies":[{"embeddable":true,"href":"https:\/\/www.zunoticia.com\/noticias-de-hidalgo\/wp-json\/wp\/v2\/comments?post=634133"}],"version-history":[{"count":2,"href":"https:\/\/www.zunoticia.com\/noticias-de-hidalgo\/wp-json\/wp\/v2\/posts\/634133\/revisions"}],"predecessor-version":[{"id":634136,"href":"https:\/\/www.zunoticia.com\/noticias-de-hidalgo\/wp-json\/wp\/v2\/posts\/634133\/revisions\/634136"}],"wp:featuredmedia":[{"embeddable":true,"href":"https:\/\/www.zunoticia.com\/noticias-de-hidalgo\/wp-json\/wp\/v2\/media\/634134"}],"wp:attachment":[{"href":"https:\/\/www.zunoticia.com\/noticias-de-hidalgo\/wp-json\/wp\/v2\/media?parent=634133"}],"wp:term":[{"taxonomy":"category","embeddable":true,"href":"https:\/\/www.zunoticia.com\/noticias-de-hidalgo\/wp-json\/wp\/v2\/categories?post=634133"},{"taxonomy":"post_tag","embeddable":true,"href":"https:\/\/www.zunoticia.com\/noticias-de-hidalgo\/wp-json\/wp\/v2\/tags?post=634133"}],"curies":[{"name":"wp","href":"https:\/\/api.w.org\/{rel}","templated":true}]}}