{"id":634144,"date":"2026-04-21T13:44:04","date_gmt":"2026-04-21T19:44:04","guid":{"rendered":"https:\/\/www.zunoticia.com\/noticias-de-hidalgo\/?p=634144"},"modified":"2026-04-21T13:44:06","modified_gmt":"2026-04-21T19:44:06","slug":"cecyteh-atlapexco-celebrara-30-aniversario-con-encuentro-estatal-raices-vivas","status":"publish","type":"post","link":"https:\/\/www.zunoticia.com\/noticias-de-hidalgo\/2026\/04\/21\/cecyteh-atlapexco-celebrara-30-aniversario-con-encuentro-estatal-raices-vivas\/","title":{"rendered":"CECyTEH Atlapexco celebrar\u00e1 30 aniversario con encuentro estatal \u201cRa\u00edces Vivas\u201d"},"content":{"rendered":"<aside class=\"mashsb-container mashsb-main mashsb-stretched\"><div class=\"mashsb-box\"><div class=\"mashsb-count mash-large\" style=\"float:left\"><div class=\"counts mashsbcount\">0<\/div><span class=\"mashsb-sharetext\">SHARES<\/span><\/div><div class=\"mashsb-buttons\"><a class=\"mashicon-facebook mash-large mash-center mashsb-noshadow\" href=\"https:\/\/www.facebook.com\/sharer.php?u=https%3A%2F%2Fwww.zunoticia.com%2Fnoticias-de-hidalgo%2F2026%2F04%2F21%2Fcecyteh-atlapexco-celebrara-30-aniversario-con-encuentro-estatal-raices-vivas%2F\" target=\"_top\" rel=\"nofollow\"><span class=\"icon\"><\/span><span class=\"text\">Share<\/span><\/a><a class=\"mashicon-twitter mash-large mash-center mashsb-noshadow\" href=\"https:\/\/twitter.com\/intent\/tweet?text=&amp;url=https:\/\/www.zunoticia.com\/noticias-de-hidalgo\/2026\/04\/21\/cecyteh-atlapexco-celebrara-30-aniversario-con-encuentro-estatal-raices-vivas\/\" target=\"_top\" rel=\"nofollow\"><span class=\"icon\"><\/span><span class=\"text\">Tweet<\/span><\/a><div class=\"onoffswitch2 mash-large mashsb-noshadow\" style=\"display:none\"><\/div><\/div>\n            <\/div>\n                <div style=\"clear:both\"><\/div><div class=\"mashsb-toggle-container\"><\/div><\/aside>\n            <!-- Share buttons by mashshare.net - Version: 4.0.47-->\n<p><em>Por Karen Rivera\/ Zunoticia<\/em><\/p>\n\n\n\n<p><strong>Atlapexco, Hgo<\/strong>.- En el marco del 30 aniversario del CECyTEH plantel 09, se llevar\u00e1 a cabo un encuentro estatal denominado &#8220;Ra\u00edces Vivas&#8221;.<\/p>\n\n\n\n<p>El director del plantel, Maestro Jening Ibarra Hern\u00e1ndez, inform\u00f3 que se llevar\u00e1n a cabo diversas actividades culturales y art\u00edsticas, destacando la posible visita del director general del subsistema, Jos\u00e9 Edmundo Ram\u00edrez Mart\u00ednez.<\/p>\n\n\n\n<p>El directivo detall\u00f3 que durante esta semana se desarrollar\u00e1 el evento estatal de Arte, Cultura e Interculturalidad denominado \u201cRa\u00edces Vivas\u201d, teniendo como sede el plantel de Atlapexco, logro que fue posible gracias a las gestiones institucionales y al respaldo de las autoridades municipales.<\/p>\n\n\n\n<p>Las actividades iniciar\u00e1n el jueves 23 del presente mes, a partir de las 14:00 horas, con la recepci\u00f3n de delegaciones provenientes de los 42 planteles del CECyTEH en el estado.<\/p>\n\n\n\n<p>Posteriormente, a las 16:30 horas, comenzar\u00e1n las primeras evaluaciones en distintas disciplinas dentro de las instalaciones educativas.<\/p>\n\n\n\n<p>Para las 18:00 horas, los participantes se trasladar\u00e1n a la galera municipal, donde se llevar\u00e1 a cabo el concurso de danza tradicional.<\/p>\n\n\n\n<p>Al concluir, se realizar\u00e1n actividades recreativas y culturales, incluyendo la participaci\u00f3n de grupos musicales estudiantiles y la tradicional quema de un \u201ctorito\u201d, con el objetivo de fomentar la convivencia entre los j\u00f3venes asistentes.<\/p>\n\n\n\n<p>El viernes 24, las actividades iniciar\u00e1n desde temprana hora con la atenci\u00f3n a las delegaciones y, a partir de las 08:30 horas, continuar\u00e1n las evaluaciones en diversas disciplinas.<\/p>\n\n\n\n<p>La inauguraci\u00f3n oficial est\u00e1 programada para las 10:00 de la ma\u00f1ana, donde se espera la presencia del director general del CECyTEH y autoridades educativas estatales.<\/p>\n\n\n\n<p>Los espacios p\u00fablicos del centro de Atlapexco, como el kiosco, el Callej\u00f3n del Beso, la Quinta Nochebuena y \u00e1reas verdes, ser\u00e1n utilizados como sedes alternas para el desarrollo de las actividades culturales.<\/p>\n\n\n\n<p>Asimismo, la premiaci\u00f3n se realizar\u00e1 conforme concluyan las participaciones, facilitando la organizaci\u00f3n del regreso de cada delegaci\u00f3n.<\/p>\n\n\n\n<p>Se estima la asistencia de alrededor de 550 personas, entre estudiantes, directivos y asesores, quienes representar\u00e1n a cinco regiones del estado, consolidando este evento como uno de los m\u00e1s relevantes en la agenda cultural y educativa del CECyTEH.<\/p>\n\n\n\n<p><\/p>\n","protected":false},"excerpt":{"rendered":"<p>Por Karen Rivera\/ Zunoticia Atlapexco, Hgo.- En el marco del 30 aniversario del CECyTEH plantel 09, se llevar\u00e1 a cabo un encuentro estatal denominado &#8220;Ra\u00edces Vivas&#8221;. El director del plantel, Maestro Jening Ibarra Hern\u00e1ndez, inform\u00f3 que se llevar\u00e1n a cabo diversas actividades culturales y art\u00edsticas, destacando la posible visita del director general del subsistema, Jos\u00e9&hellip; <a class=\"more-link\" href=\"https:\/\/www.zunoticia.com\/noticias-de-hidalgo\/2026\/04\/21\/cecyteh-atlapexco-celebrara-30-aniversario-con-encuentro-estatal-raices-vivas\/\">Seguir leyendo <span class=\"screen-reader-text\">CECyTEH Atlapexco celebrar\u00e1 30 aniversario con encuentro estatal \u201cRa\u00edces Vivas\u201d<\/span><\/a><\/p>\n","protected":false},"author":20,"featured_media":634145,"comment_status":"open","ping_status":"open","sticky":false,"template":"","format":"standard","meta":{"rop_custom_images_group":[],"rop_custom_messages_group":[],"rop_publish_now":"initial","rop_publish_now_accounts":{"facebook_10159540855086992_322828327761733":""},"rop_publish_now_history":[],"rop_publish_now_status":"pending","footnotes":""},"categories":[182,179],"tags":[133,229],"class_list":["post-634144","post","type-post","status-publish","format-standard","has-post-thumbnail","hentry","category-atlapexco","category-huasteca","tag-atlapexco","tag-huasteca","entry"],"_links":{"self":[{"href":"https:\/\/www.zunoticia.com\/noticias-de-hidalgo\/wp-json\/wp\/v2\/posts\/634144","targetHints":{"allow":["GET"]}}],"collection":[{"href":"https:\/\/www.zunoticia.com\/noticias-de-hidalgo\/wp-json\/wp\/v2\/posts"}],"about":[{"href":"https:\/\/www.zunoticia.com\/noticias-de-hidalgo\/wp-json\/wp\/v2\/types\/post"}],"author":[{"embeddable":true,"href":"https:\/\/www.zunoticia.com\/noticias-de-hidalgo\/wp-json\/wp\/v2\/users\/20"}],"replies":[{"embeddable":true,"href":"https:\/\/www.zunoticia.com\/noticias-de-hidalgo\/wp-json\/wp\/v2\/comments?post=634144"}],"version-history":[{"count":1,"href":"https:\/\/www.zunoticia.com\/noticias-de-hidalgo\/wp-json\/wp\/v2\/posts\/634144\/revisions"}],"predecessor-version":[{"id":634146,"href":"https:\/\/www.zunoticia.com\/noticias-de-hidalgo\/wp-json\/wp\/v2\/posts\/634144\/revisions\/634146"}],"wp:featuredmedia":[{"embeddable":true,"href":"https:\/\/www.zunoticia.com\/noticias-de-hidalgo\/wp-json\/wp\/v2\/media\/634145"}],"wp:attachment":[{"href":"https:\/\/www.zunoticia.com\/noticias-de-hidalgo\/wp-json\/wp\/v2\/media?parent=634144"}],"wp:term":[{"taxonomy":"category","embeddable":true,"href":"https:\/\/www.zunoticia.com\/noticias-de-hidalgo\/wp-json\/wp\/v2\/categories?post=634144"},{"taxonomy":"post_tag","embeddable":true,"href":"https:\/\/www.zunoticia.com\/noticias-de-hidalgo\/wp-json\/wp\/v2\/tags?post=634144"}],"curies":[{"name":"wp","href":"https:\/\/api.w.org\/{rel}","templated":true}]}}