{"id":634150,"date":"2026-04-21T14:15:36","date_gmt":"2026-04-21T20:15:36","guid":{"rendered":"https:\/\/www.zunoticia.com\/noticias-de-hidalgo\/?p=634150"},"modified":"2026-04-21T14:15:38","modified_gmt":"2026-04-21T20:15:38","slug":"pcm-advierte-que-la-epoca-de-calor-del-2026-sera-la-mas-severa-de-la-decada","status":"publish","type":"post","link":"https:\/\/www.zunoticia.com\/noticias-de-hidalgo\/2026\/04\/21\/pcm-advierte-que-la-epoca-de-calor-del-2026-sera-la-mas-severa-de-la-decada\/","title":{"rendered":"PCM advierte que la \u00e9poca de calor del 2026 ser\u00e1 la m\u00e1s severa de la d\u00e9cada"},"content":{"rendered":"<aside class=\"mashsb-container mashsb-main mashsb-stretched\"><div class=\"mashsb-box\"><div class=\"mashsb-count mash-large\" style=\"float:left\"><div class=\"counts mashsbcount\">0<\/div><span class=\"mashsb-sharetext\">SHARES<\/span><\/div><div class=\"mashsb-buttons\"><a class=\"mashicon-facebook mash-large mash-center mashsb-noshadow\" href=\"https:\/\/www.facebook.com\/sharer.php?u=https%3A%2F%2Fwww.zunoticia.com%2Fnoticias-de-hidalgo%2F2026%2F04%2F21%2Fpcm-advierte-que-la-epoca-de-calor-del-2026-sera-la-mas-severa-de-la-decada%2F\" target=\"_top\" rel=\"nofollow\"><span class=\"icon\"><\/span><span class=\"text\">Share<\/span><\/a><a class=\"mashicon-twitter mash-large mash-center mashsb-noshadow\" href=\"https:\/\/twitter.com\/intent\/tweet?text=&amp;url=https:\/\/www.zunoticia.com\/noticias-de-hidalgo\/2026\/04\/21\/pcm-advierte-que-la-epoca-de-calor-del-2026-sera-la-mas-severa-de-la-decada\/\" target=\"_top\" rel=\"nofollow\"><span class=\"icon\"><\/span><span class=\"text\">Tweet<\/span><\/a><div class=\"onoffswitch2 mash-large mashsb-noshadow\" style=\"display:none\"><\/div><\/div>\n            <\/div>\n                <div style=\"clear:both\"><\/div><div class=\"mashsb-toggle-container\"><\/div><\/aside>\n            <!-- Share buttons by mashshare.net - Version: 4.0.47-->\n<p><em>Por Salvador Altamirano\/Zunoticia<\/em><\/p>\n\n\n\n<p><strong>Huejutla, Hgo.-<\/strong> \u201cEst\u00e1 por terminar la temporada de frentes fr\u00edos, faltan tres o cuatro, fen\u00f3menos naturales que nos han favorecido con un clima agradable, salvo dos que nos atacaron de manera considerable, los dem\u00e1s nos han tra\u00eddo lluvias que generaron beneficios a la regi\u00f3n Huasteca\u201d.<\/p>\n\n\n\n<p>Lo anterior, fue expresado por el director de Protecci\u00f3n Civil Municipal, H\u00e9ctor G\u00f3mez Hern\u00e1ndez, quien explic\u00f3 que, la temporada de calor comenz\u00f3 el mes pasado y termina en octubre, durante la cual se prev\u00e9n varias olas intensas de altas temperaturas, y seg\u00fan pron\u00f3sticos de la Comisi\u00f3n Nacional del Agua (CONAGUA), ser\u00e1 el a\u00f1o m\u00e1s caluroso de la \u00faltima d\u00e9cada a lo largo y ancho del pa\u00eds<\/p>\n\n\n\n<p>Subray\u00f3 que la temporada de calor siempre ha causado estragos en la regi\u00f3n, \u201cpor lo que se recomienda a la ciudadan\u00eda en general a estar preparada para lo que viene, y nosotros estamos trabajando en ello\u201d.<\/p>\n\n\n\n<p>A pregunta expresa, refiri\u00f3 que, de acuerdo con el programa de Protecci\u00f3n Civil siempre prev\u00e9n acciones antes, durante y despu\u00e9s de cada fen\u00f3meno natural, en este caso el de estiaje, por lo que actualmente est\u00e1n manteniendo un monitoreo a trav\u00e9s de la CAPASHH de los niveles de los r\u00edos, que hasta ahorita son bastantes aceptables y esperemos que as\u00ed contin\u00faen.<\/p>\n\n\n\n<p>De cualquier manera -dijo-, la recomendaci\u00f3n a las personas es que cuiden el agua, que hagan uso correcto del vital l\u00edquido, ya que se escasea, incluso para darle de beber a los animales, quienes tienen ganado.<\/p>\n\n\n\n<p>En el mismo contexto, recomend\u00f3 a quienes practican la agricultura que tengan cuidado al hacer quemas de parcelas, para no generar, aunque de manera no intencional, incendios que se puedan extender a otros espacios como ya ha sucedido, as\u00ed como evitar quemas de basura.<\/p>\n\n\n\n<p>Para finalizar, G\u00f3mez Hern\u00e1ndez coment\u00f3 que en la dependencia siguen manteniendo las actividades al 100 %, como se los ha indicado el presidente municipal, Alfredo San Rom\u00e1n Duval, \u201cy mientras estemos aqu\u00ed, vamos a hacerlo lo mejor posible\u201d.<\/p>\n\n\n\n<p>Pie:<\/p>\n\n\n\n<p>H\u00e9ctor G\u00f3mez Hern\u00e1ndez.<\/p>\n","protected":false},"excerpt":{"rendered":"<p>Por Salvador Altamirano\/Zunoticia Huejutla, Hgo.- \u201cEst\u00e1 por terminar la temporada de frentes fr\u00edos, faltan tres o cuatro, fen\u00f3menos naturales que nos han favorecido con un clima agradable, salvo dos que nos atacaron de manera considerable, los dem\u00e1s nos han tra\u00eddo lluvias que generaron beneficios a la regi\u00f3n Huasteca\u201d. Lo anterior, fue expresado por el director&hellip; <a class=\"more-link\" href=\"https:\/\/www.zunoticia.com\/noticias-de-hidalgo\/2026\/04\/21\/pcm-advierte-que-la-epoca-de-calor-del-2026-sera-la-mas-severa-de-la-decada\/\">Seguir leyendo <span class=\"screen-reader-text\">PCM advierte que la \u00e9poca de calor del 2026 ser\u00e1 la m\u00e1s severa de la d\u00e9cada<\/span><\/a><\/p>\n","protected":false},"author":20,"featured_media":634151,"comment_status":"open","ping_status":"open","sticky":false,"template":"","format":"standard","meta":{"rop_custom_images_group":[],"rop_custom_messages_group":[],"rop_publish_now":"initial","rop_publish_now_accounts":{"facebook_10159540855086992_322828327761733":""},"rop_publish_now_history":[],"rop_publish_now_status":"pending","footnotes":""},"categories":[181],"tags":[121],"class_list":["post-634150","post","type-post","status-publish","format-standard","has-post-thumbnail","hentry","category-huejutla","tag-huejutla","entry"],"_links":{"self":[{"href":"https:\/\/www.zunoticia.com\/noticias-de-hidalgo\/wp-json\/wp\/v2\/posts\/634150","targetHints":{"allow":["GET"]}}],"collection":[{"href":"https:\/\/www.zunoticia.com\/noticias-de-hidalgo\/wp-json\/wp\/v2\/posts"}],"about":[{"href":"https:\/\/www.zunoticia.com\/noticias-de-hidalgo\/wp-json\/wp\/v2\/types\/post"}],"author":[{"embeddable":true,"href":"https:\/\/www.zunoticia.com\/noticias-de-hidalgo\/wp-json\/wp\/v2\/users\/20"}],"replies":[{"embeddable":true,"href":"https:\/\/www.zunoticia.com\/noticias-de-hidalgo\/wp-json\/wp\/v2\/comments?post=634150"}],"version-history":[{"count":1,"href":"https:\/\/www.zunoticia.com\/noticias-de-hidalgo\/wp-json\/wp\/v2\/posts\/634150\/revisions"}],"predecessor-version":[{"id":634152,"href":"https:\/\/www.zunoticia.com\/noticias-de-hidalgo\/wp-json\/wp\/v2\/posts\/634150\/revisions\/634152"}],"wp:featuredmedia":[{"embeddable":true,"href":"https:\/\/www.zunoticia.com\/noticias-de-hidalgo\/wp-json\/wp\/v2\/media\/634151"}],"wp:attachment":[{"href":"https:\/\/www.zunoticia.com\/noticias-de-hidalgo\/wp-json\/wp\/v2\/media?parent=634150"}],"wp:term":[{"taxonomy":"category","embeddable":true,"href":"https:\/\/www.zunoticia.com\/noticias-de-hidalgo\/wp-json\/wp\/v2\/categories?post=634150"},{"taxonomy":"post_tag","embeddable":true,"href":"https:\/\/www.zunoticia.com\/noticias-de-hidalgo\/wp-json\/wp\/v2\/tags?post=634150"}],"curies":[{"name":"wp","href":"https:\/\/api.w.org\/{rel}","templated":true}]}}