{"id":634163,"date":"2026-04-21T15:55:22","date_gmt":"2026-04-21T21:55:22","guid":{"rendered":"https:\/\/www.zunoticia.com\/noticias-de-hidalgo\/?p=634163"},"modified":"2026-04-21T15:55:23","modified_gmt":"2026-04-21T21:55:23","slug":"realizan-jornada-ambiental-por-el-dia-de-la-madre-tierra-en-huejutla","status":"publish","type":"post","link":"https:\/\/www.zunoticia.com\/noticias-de-hidalgo\/2026\/04\/21\/realizan-jornada-ambiental-por-el-dia-de-la-madre-tierra-en-huejutla\/","title":{"rendered":"Realizan Jornada Ambiental por el D\u00eda de la Madre Tierra en Huejutla"},"content":{"rendered":"<aside class=\"mashsb-container mashsb-main mashsb-stretched\"><div class=\"mashsb-box\"><div class=\"mashsb-count mash-large\" style=\"float:left\"><div class=\"counts mashsbcount\">0<\/div><span class=\"mashsb-sharetext\">SHARES<\/span><\/div><div class=\"mashsb-buttons\"><a class=\"mashicon-facebook mash-large mash-center mashsb-noshadow\" href=\"https:\/\/www.facebook.com\/sharer.php?u=https%3A%2F%2Fwww.zunoticia.com%2Fnoticias-de-hidalgo%2F2026%2F04%2F21%2Frealizan-jornada-ambiental-por-el-dia-de-la-madre-tierra-en-huejutla%2F\" target=\"_top\" rel=\"nofollow\"><span class=\"icon\"><\/span><span class=\"text\">Share<\/span><\/a><a class=\"mashicon-twitter mash-large mash-center mashsb-noshadow\" href=\"https:\/\/twitter.com\/intent\/tweet?text=&amp;url=https:\/\/www.zunoticia.com\/noticias-de-hidalgo\/2026\/04\/21\/realizan-jornada-ambiental-por-el-dia-de-la-madre-tierra-en-huejutla\/\" target=\"_top\" rel=\"nofollow\"><span class=\"icon\"><\/span><span class=\"text\">Tweet<\/span><\/a><div class=\"onoffswitch2 mash-large mashsb-noshadow\" style=\"display:none\"><\/div><\/div>\n            <\/div>\n                <div style=\"clear:both\"><\/div><div class=\"mashsb-toggle-container\"><\/div><\/aside>\n            <!-- Share buttons by mashshare.net - Version: 4.0.47-->\n<p><em>Por Enedino Hern\u00e1ndez \/ Zunoticia<\/em><\/p>\n\n\n\n<p><strong>Huejutla, Hgo<\/strong>.- En el marco del D\u00eda Internacional de la Madre Tierra, la Secretar\u00eda del Medio Ambiente y Recursos Naturales del Estado de Hidalgo, a trav\u00e9s del Centro de Educaci\u00f3n y Capacitaci\u00f3n Ambiental Regi\u00f3n Huasteca (CECAH), llev\u00f3 a cabo el segundo d\u00eda de actividades de su jornada conmemorativa, enfocada en talleres y acciones de educaci\u00f3n ambiental.<\/p>\n\n\n\n<p>El responsable del CECAH, Nicol\u00e1s Reyes Ramos, inform\u00f3 que dentro de las actividades destac\u00f3 el taller de elaboraci\u00f3n de shampoo con plantas medicinales, en el que participaron alumnos de la escuela primaria de la localidad de Chacatitla, as\u00ed como de la Escuela \u201c5 de Mayo\u201d del municipio de Jaltoc\u00e1n.<\/p>\n\n\n\n<p>Precis\u00f3 que, en esta jornada ambiental se cont\u00f3 con la asistencia de 71 visitantes, quienes aprovecharon estas estrategias orientadas al cuidado del medio ambiente y al uso responsable de los recursos naturales.<\/p>\n\n\n\n<figure class=\"wp-block-gallery has-nested-images columns-default is-cropped wp-block-gallery-1 is-layout-flex wp-block-gallery-is-layout-flex\">\n<figure class=\"wp-block-image size-large\"><img fetchpriority=\"high\" decoding=\"async\" width=\"933\" height=\"524\" data-id=\"634166\" src=\"https:\/\/www.zunoticia.com\/noticias-de-hidalgo\/wp-content\/uploads\/2026\/04\/3-16.png\" alt=\"\" class=\"wp-image-634166\" srcset=\"https:\/\/www.zunoticia.com\/noticias-de-hidalgo\/wp-content\/uploads\/2026\/04\/3-16.png 933w, https:\/\/www.zunoticia.com\/noticias-de-hidalgo\/wp-content\/uploads\/2026\/04\/3-16-300x168.png 300w, https:\/\/www.zunoticia.com\/noticias-de-hidalgo\/wp-content\/uploads\/2026\/04\/3-16-768x431.png 768w\" sizes=\"(max-width: 933px) 100vw, 933px\" \/><\/figure>\n<\/figure>\n\n\n\n<p>Agreg\u00f3 que durante la semana se desarrollan diversas actividades en el Centro de Educaci\u00f3n y Capacitaci\u00f3n Ambiental Regi\u00f3n Huasteca, con la participaci\u00f3n de estudiantes de distintas instituciones educativas de la regi\u00f3n.<\/p>\n\n\n\n<p>Finalmente, explic\u00f3 que estas acciones, dirigidas a alumnos y docentes, tienen como prop\u00f3sito principal el generar conciencia sobre la importancia de proteger el entorno ecol\u00f3gico, promoviendo pr\u00e1cticas sustentables en el marco del D\u00eda Internacional de la Madre Tierra.<\/p>\n","protected":false},"excerpt":{"rendered":"<p>Por Enedino Hern\u00e1ndez \/ Zunoticia Huejutla, Hgo.- En el marco del D\u00eda Internacional de la Madre Tierra, la Secretar\u00eda del Medio Ambiente y Recursos Naturales del Estado de Hidalgo, a trav\u00e9s del Centro de Educaci\u00f3n y Capacitaci\u00f3n Ambiental Regi\u00f3n Huasteca (CECAH), llev\u00f3 a cabo el segundo d\u00eda de actividades de su jornada conmemorativa, enfocada en&hellip; <a class=\"more-link\" href=\"https:\/\/www.zunoticia.com\/noticias-de-hidalgo\/2026\/04\/21\/realizan-jornada-ambiental-por-el-dia-de-la-madre-tierra-en-huejutla\/\">Seguir leyendo <span class=\"screen-reader-text\">Realizan Jornada Ambiental por el D\u00eda de la Madre Tierra en Huejutla<\/span><\/a><\/p>\n","protected":false},"author":20,"featured_media":634164,"comment_status":"open","ping_status":"open","sticky":false,"template":"","format":"standard","meta":{"rop_custom_images_group":[],"rop_custom_messages_group":[],"rop_publish_now":"initial","rop_publish_now_accounts":{"facebook_10159540855086992_322828327761733":""},"rop_publish_now_history":[],"rop_publish_now_status":"pending","footnotes":""},"categories":[181],"tags":[121],"class_list":["post-634163","post","type-post","status-publish","format-standard","has-post-thumbnail","hentry","category-huejutla","tag-huejutla","entry"],"_links":{"self":[{"href":"https:\/\/www.zunoticia.com\/noticias-de-hidalgo\/wp-json\/wp\/v2\/posts\/634163","targetHints":{"allow":["GET"]}}],"collection":[{"href":"https:\/\/www.zunoticia.com\/noticias-de-hidalgo\/wp-json\/wp\/v2\/posts"}],"about":[{"href":"https:\/\/www.zunoticia.com\/noticias-de-hidalgo\/wp-json\/wp\/v2\/types\/post"}],"author":[{"embeddable":true,"href":"https:\/\/www.zunoticia.com\/noticias-de-hidalgo\/wp-json\/wp\/v2\/users\/20"}],"replies":[{"embeddable":true,"href":"https:\/\/www.zunoticia.com\/noticias-de-hidalgo\/wp-json\/wp\/v2\/comments?post=634163"}],"version-history":[{"count":1,"href":"https:\/\/www.zunoticia.com\/noticias-de-hidalgo\/wp-json\/wp\/v2\/posts\/634163\/revisions"}],"predecessor-version":[{"id":634167,"href":"https:\/\/www.zunoticia.com\/noticias-de-hidalgo\/wp-json\/wp\/v2\/posts\/634163\/revisions\/634167"}],"wp:featuredmedia":[{"embeddable":true,"href":"https:\/\/www.zunoticia.com\/noticias-de-hidalgo\/wp-json\/wp\/v2\/media\/634164"}],"wp:attachment":[{"href":"https:\/\/www.zunoticia.com\/noticias-de-hidalgo\/wp-json\/wp\/v2\/media?parent=634163"}],"wp:term":[{"taxonomy":"category","embeddable":true,"href":"https:\/\/www.zunoticia.com\/noticias-de-hidalgo\/wp-json\/wp\/v2\/categories?post=634163"},{"taxonomy":"post_tag","embeddable":true,"href":"https:\/\/www.zunoticia.com\/noticias-de-hidalgo\/wp-json\/wp\/v2\/tags?post=634163"}],"curies":[{"name":"wp","href":"https:\/\/api.w.org\/{rel}","templated":true}]}}