{"id":634188,"date":"2026-04-21T16:47:51","date_gmt":"2026-04-21T22:47:51","guid":{"rendered":"https:\/\/www.zunoticia.com\/noticias-de-hidalgo\/?p=634188"},"modified":"2026-04-21T16:47:52","modified_gmt":"2026-04-21T22:47:52","slug":"estudiantes-del-fes-aragon-de-la-unam-fortalecen-formacion-con-practicas-comunitarias","status":"publish","type":"post","link":"https:\/\/www.zunoticia.com\/noticias-de-hidalgo\/2026\/04\/21\/estudiantes-del-fes-aragon-de-la-unam-fortalecen-formacion-con-practicas-comunitarias\/","title":{"rendered":"Estudiantes del FES Arag\u00f3n de la UNAM fortalecen formaci\u00f3n con pr\u00e1cticas comunitarias"},"content":{"rendered":"<aside class=\"mashsb-container mashsb-main mashsb-stretched\"><div class=\"mashsb-box\"><div class=\"mashsb-count mash-large\" style=\"float:left\"><div class=\"counts mashsbcount\">0<\/div><span class=\"mashsb-sharetext\">SHARES<\/span><\/div><div class=\"mashsb-buttons\"><a class=\"mashicon-facebook mash-large mash-center mashsb-noshadow\" href=\"https:\/\/www.facebook.com\/sharer.php?u=https%3A%2F%2Fwww.zunoticia.com%2Fnoticias-de-hidalgo%2F2026%2F04%2F21%2Festudiantes-del-fes-aragon-de-la-unam-fortalecen-formacion-con-practicas-comunitarias%2F\" target=\"_top\" rel=\"nofollow\"><span class=\"icon\"><\/span><span class=\"text\">Share<\/span><\/a><a class=\"mashicon-twitter mash-large mash-center mashsb-noshadow\" href=\"https:\/\/twitter.com\/intent\/tweet?text=&amp;url=https:\/\/www.zunoticia.com\/noticias-de-hidalgo\/2026\/04\/21\/estudiantes-del-fes-aragon-de-la-unam-fortalecen-formacion-con-practicas-comunitarias\/\" target=\"_top\" rel=\"nofollow\"><span class=\"icon\"><\/span><span class=\"text\">Tweet<\/span><\/a><div class=\"onoffswitch2 mash-large mashsb-noshadow\" style=\"display:none\"><\/div><\/div>\n            <\/div>\n                <div style=\"clear:both\"><\/div><div class=\"mashsb-toggle-container\"><\/div><\/aside>\n            <!-- Share buttons by mashshare.net - Version: 4.0.47-->\n<ul class=\"wp-block-list\">\n<li>Visitaron Atlaltipa y Tecolotitla.<\/li>\n<\/ul>\n\n\n\n<p><em>Por Karen Rivera \/ Zunoticia<\/em><\/p>\n\n\n\n<p><strong>Atlapexco, Hgo<\/strong>.\u2013 Un grupo de 19 estudiantes de octavo semestre, de la Facultad de Estudios Superiores Arag\u00f3n de la UNAM, realiza un recorrido acad\u00e9mico por la Sierra y la Huasteca hidalguense, con el prop\u00f3sito de poner en pr\u00e1ctica los conocimientos adquiridos durante su formaci\u00f3n profesional.<\/p>\n\n\n\n<p>De acuerdo con David Ju\u00e1rez Castillo, profesor de tiempo completo de dicha facultad, el grupo est\u00e1 conformado por 13 mujeres y 6 hombres, quienes participan en esta pr\u00e1ctica de campo enfocada en el desarrollo de habilidades vinculadas al trabajo comunitario y al di\u00e1logo intercultural.<\/p>\n\n\n\n<p>El docente explic\u00f3 que, durante esta actividad, los alumnos llevan a cabo talleres, grupos de enfoque, sociodramas y diversas din\u00e1micas que permiten la interacci\u00f3n directa con habitantes de distintas comunidades, fortaleciendo as\u00ed su experiencia en contextos reales.<\/p>\n\n\n\n<p>En cuanto al itinerario, detall\u00f3 que las actividades acad\u00e9micas se desarrollan tanto en la universidad como en diferentes municipios de la regi\u00f3n.<\/p>\n\n\n\n<p>Este martes las actividades se realizaron en Atlapexco, mientras que el mi\u00e9rcoles visitar\u00e1n Calnali y el jueves continuar\u00e1n en Molango, donde replicar\u00e1n las din\u00e1micas implementadas, con la intenci\u00f3n de mejorar continuamente su intervenci\u00f3n comunitaria.<\/p>\n\n\n\n<p>Ju\u00e1rez Castillo, se\u00f1al\u00f3 que las autoridades municipales son quienes orientan a los estudiantes sobre las comunidades y delegaciones a visitar, facilitando as\u00ed el desarrollo de las actividades programadas.<\/p>\n\n\n\n<p>Asimismo, destac\u00f3 que como parte del recorrido se contempla la entrega de reconocimientos a los ayuntamientos, en agradecimiento por la apertura y el apoyo brindado para la realizaci\u00f3n de estas pr\u00e1cticas.<\/p>\n\n\n\n<p>Finalmente, el acad\u00e9mico subray\u00f3 que una de las principales riquezas de esta experiencia es la diversidad cultural presente en la regi\u00f3n, la cual representa un reto importante, pero tambi\u00e9n una oportunidad para que los estudiantes aprendan a interactuar y atender las particularidades de cada comunidad, fortaleciendo as\u00ed su formaci\u00f3n profesional.<\/p>\n\n\n\n<p><\/p>\n","protected":false},"excerpt":{"rendered":"<p>Por Karen Rivera \/ Zunoticia Atlapexco, Hgo.\u2013 Un grupo de 19 estudiantes de octavo semestre, de la Facultad de Estudios Superiores Arag\u00f3n de la UNAM, realiza un recorrido acad\u00e9mico por la Sierra y la Huasteca hidalguense, con el prop\u00f3sito de poner en pr\u00e1ctica los conocimientos adquiridos durante su formaci\u00f3n profesional. De acuerdo con David Ju\u00e1rez&hellip; <a class=\"more-link\" href=\"https:\/\/www.zunoticia.com\/noticias-de-hidalgo\/2026\/04\/21\/estudiantes-del-fes-aragon-de-la-unam-fortalecen-formacion-con-practicas-comunitarias\/\">Seguir leyendo <span class=\"screen-reader-text\">Estudiantes del FES Arag\u00f3n de la UNAM fortalecen formaci\u00f3n con pr\u00e1cticas comunitarias<\/span><\/a><\/p>\n","protected":false},"author":20,"featured_media":634189,"comment_status":"open","ping_status":"open","sticky":false,"template":"","format":"standard","meta":{"rop_custom_images_group":[],"rop_custom_messages_group":[],"rop_publish_now":"initial","rop_publish_now_accounts":{"facebook_10159540855086992_322828327761733":""},"rop_publish_now_history":[],"rop_publish_now_status":"pending","footnotes":""},"categories":[182,179],"tags":[133,229],"class_list":["post-634188","post","type-post","status-publish","format-standard","has-post-thumbnail","hentry","category-atlapexco","category-huasteca","tag-atlapexco","tag-huasteca","entry"],"_links":{"self":[{"href":"https:\/\/www.zunoticia.com\/noticias-de-hidalgo\/wp-json\/wp\/v2\/posts\/634188","targetHints":{"allow":["GET"]}}],"collection":[{"href":"https:\/\/www.zunoticia.com\/noticias-de-hidalgo\/wp-json\/wp\/v2\/posts"}],"about":[{"href":"https:\/\/www.zunoticia.com\/noticias-de-hidalgo\/wp-json\/wp\/v2\/types\/post"}],"author":[{"embeddable":true,"href":"https:\/\/www.zunoticia.com\/noticias-de-hidalgo\/wp-json\/wp\/v2\/users\/20"}],"replies":[{"embeddable":true,"href":"https:\/\/www.zunoticia.com\/noticias-de-hidalgo\/wp-json\/wp\/v2\/comments?post=634188"}],"version-history":[{"count":1,"href":"https:\/\/www.zunoticia.com\/noticias-de-hidalgo\/wp-json\/wp\/v2\/posts\/634188\/revisions"}],"predecessor-version":[{"id":634190,"href":"https:\/\/www.zunoticia.com\/noticias-de-hidalgo\/wp-json\/wp\/v2\/posts\/634188\/revisions\/634190"}],"wp:featuredmedia":[{"embeddable":true,"href":"https:\/\/www.zunoticia.com\/noticias-de-hidalgo\/wp-json\/wp\/v2\/media\/634189"}],"wp:attachment":[{"href":"https:\/\/www.zunoticia.com\/noticias-de-hidalgo\/wp-json\/wp\/v2\/media?parent=634188"}],"wp:term":[{"taxonomy":"category","embeddable":true,"href":"https:\/\/www.zunoticia.com\/noticias-de-hidalgo\/wp-json\/wp\/v2\/categories?post=634188"},{"taxonomy":"post_tag","embeddable":true,"href":"https:\/\/www.zunoticia.com\/noticias-de-hidalgo\/wp-json\/wp\/v2\/tags?post=634188"}],"curies":[{"name":"wp","href":"https:\/\/api.w.org\/{rel}","templated":true}]}}