{"id":634226,"date":"2026-04-21T20:54:58","date_gmt":"2026-04-22T02:54:58","guid":{"rendered":"https:\/\/www.zunoticia.com\/noticias-de-hidalgo\/?p=634226"},"modified":"2026-04-21T20:55:00","modified_gmt":"2026-04-22T02:55:00","slug":"brutal-choque-en-la-mexico-tampico","status":"publish","type":"post","link":"https:\/\/www.zunoticia.com\/noticias-de-hidalgo\/2026\/04\/21\/brutal-choque-en-la-mexico-tampico\/","title":{"rendered":"Brutal choque en la M\u00e9xico -Tampico"},"content":{"rendered":"<aside class=\"mashsb-container mashsb-main mashsb-stretched\"><div class=\"mashsb-box\"><div class=\"mashsb-count mash-large\" style=\"float:left\"><div class=\"counts mashsbcount\">0<\/div><span class=\"mashsb-sharetext\">SHARES<\/span><\/div><div class=\"mashsb-buttons\"><a class=\"mashicon-facebook mash-large mash-center mashsb-noshadow\" href=\"https:\/\/www.facebook.com\/sharer.php?u=https%3A%2F%2Fwww.zunoticia.com%2Fnoticias-de-hidalgo%2F2026%2F04%2F21%2Fbrutal-choque-en-la-mexico-tampico%2F\" target=\"_top\" rel=\"nofollow\"><span class=\"icon\"><\/span><span class=\"text\">Share<\/span><\/a><a class=\"mashicon-twitter mash-large mash-center mashsb-noshadow\" href=\"https:\/\/twitter.com\/intent\/tweet?text=&amp;url=https:\/\/www.zunoticia.com\/noticias-de-hidalgo\/2026\/04\/21\/brutal-choque-en-la-mexico-tampico\/\" target=\"_top\" rel=\"nofollow\"><span class=\"icon\"><\/span><span class=\"text\">Tweet<\/span><\/a><div class=\"onoffswitch2 mash-large mashsb-noshadow\" style=\"display:none\"><\/div><\/div>\n            <\/div>\n                <div style=\"clear:both\"><\/div><div class=\"mashsb-toggle-container\"><\/div><\/aside>\n            <!-- Share buttons by mashshare.net - Version: 4.0.47-->\n<ul class=\"wp-block-list\">\n<li>Presuntamente uno de los conductores invadi\u00f3 el carril contrario.<\/li>\n<\/ul>\n\n\n\n<p><em>Por Roberto Ram\u00edrez\/Zunoticia<\/em><\/p>\n\n\n\n<p><strong>Huejutla, Hgo.-<\/strong> Un choque entre dos unidades motoras se registr\u00f3 sobre la v\u00eda federal M\u00e9xico \u2013 Tampico, dejando cuantiosos da\u00f1os materiales y lesionados, quienes fueron auxiliados por automovilistas, esto ante la falta de precauci\u00f3n de un conductor que al parecer invadi\u00f3 carril contrario.<\/p>\n\n\n\n<p>El accidente ocurri\u00f3 en frente de la gasolinera de Tehuetl\u00e1n, donde presuntamente el conductor de una unidad motriz entr\u00f3 en un retorno y sobrevino el choque, dejando las unidades motoras con cuantiosos da\u00f1os y personas lesionadas que fueron auxiliadas por voluntarios de esa zona poblacional.<\/p>\n\n\n\n<p>Al lugar de los hechos acudieron elementos de la Guardia Nacional Carreteras para intervenir en el hecho, requiriendo a los protagonistas de este accidente como parte del deslinde de responsabilidades.<\/p>\n","protected":false},"excerpt":{"rendered":"<p>Por Roberto Ram\u00edrez\/Zunoticia Huejutla, Hgo.- Un choque entre dos unidades motoras se registr\u00f3 sobre la v\u00eda federal M\u00e9xico \u2013 Tampico, dejando cuantiosos da\u00f1os materiales y lesionados, quienes fueron auxiliados por automovilistas, esto ante la falta de precauci\u00f3n de un conductor que al parecer invadi\u00f3 carril contrario. El accidente ocurri\u00f3 en frente de la gasolinera de&hellip; <a class=\"more-link\" href=\"https:\/\/www.zunoticia.com\/noticias-de-hidalgo\/2026\/04\/21\/brutal-choque-en-la-mexico-tampico\/\">Seguir leyendo <span class=\"screen-reader-text\">Brutal choque en la M\u00e9xico -Tampico<\/span><\/a><\/p>\n","protected":false},"author":13,"featured_media":634227,"comment_status":"open","ping_status":"open","sticky":false,"template":"","format":"standard","meta":{"rop_custom_images_group":[],"rop_custom_messages_group":[],"rop_publish_now":"initial","rop_publish_now_accounts":{"facebook_10159540855086992_322828327761733":""},"rop_publish_now_history":[],"rop_publish_now_status":"pending","footnotes":""},"categories":[178],"tags":[259],"class_list":["post-634226","post","type-post","status-publish","format-standard","has-post-thumbnail","hentry","category-policiaca","tag-policiaca","entry"],"_links":{"self":[{"href":"https:\/\/www.zunoticia.com\/noticias-de-hidalgo\/wp-json\/wp\/v2\/posts\/634226","targetHints":{"allow":["GET"]}}],"collection":[{"href":"https:\/\/www.zunoticia.com\/noticias-de-hidalgo\/wp-json\/wp\/v2\/posts"}],"about":[{"href":"https:\/\/www.zunoticia.com\/noticias-de-hidalgo\/wp-json\/wp\/v2\/types\/post"}],"author":[{"embeddable":true,"href":"https:\/\/www.zunoticia.com\/noticias-de-hidalgo\/wp-json\/wp\/v2\/users\/13"}],"replies":[{"embeddable":true,"href":"https:\/\/www.zunoticia.com\/noticias-de-hidalgo\/wp-json\/wp\/v2\/comments?post=634226"}],"version-history":[{"count":1,"href":"https:\/\/www.zunoticia.com\/noticias-de-hidalgo\/wp-json\/wp\/v2\/posts\/634226\/revisions"}],"predecessor-version":[{"id":634228,"href":"https:\/\/www.zunoticia.com\/noticias-de-hidalgo\/wp-json\/wp\/v2\/posts\/634226\/revisions\/634228"}],"wp:featuredmedia":[{"embeddable":true,"href":"https:\/\/www.zunoticia.com\/noticias-de-hidalgo\/wp-json\/wp\/v2\/media\/634227"}],"wp:attachment":[{"href":"https:\/\/www.zunoticia.com\/noticias-de-hidalgo\/wp-json\/wp\/v2\/media?parent=634226"}],"wp:term":[{"taxonomy":"category","embeddable":true,"href":"https:\/\/www.zunoticia.com\/noticias-de-hidalgo\/wp-json\/wp\/v2\/categories?post=634226"},{"taxonomy":"post_tag","embeddable":true,"href":"https:\/\/www.zunoticia.com\/noticias-de-hidalgo\/wp-json\/wp\/v2\/tags?post=634226"}],"curies":[{"name":"wp","href":"https:\/\/api.w.org\/{rel}","templated":true}]}}