{"id":634233,"date":"2026-04-22T09:23:59","date_gmt":"2026-04-22T15:23:59","guid":{"rendered":"https:\/\/www.zunoticia.com\/noticias-de-hidalgo\/?p=634233"},"modified":"2026-04-22T09:24:01","modified_gmt":"2026-04-22T15:24:01","slug":"solicitan-rehabilitacion-o-retiro-de-los-bustos-de-la-plaza-de-la-revolucion-mexicana","status":"publish","type":"post","link":"https:\/\/www.zunoticia.com\/noticias-de-hidalgo\/2026\/04\/22\/solicitan-rehabilitacion-o-retiro-de-los-bustos-de-la-plaza-de-la-revolucion-mexicana\/","title":{"rendered":"Solicitan rehabilitaci\u00f3n o retiro de los bustos de la Plaza de la Revoluci\u00f3n Mexicana"},"content":{"rendered":"<aside class=\"mashsb-container mashsb-main mashsb-stretched\"><div class=\"mashsb-box\"><div class=\"mashsb-count mash-large\" style=\"float:left\"><div class=\"counts mashsbcount\">0<\/div><span class=\"mashsb-sharetext\">SHARES<\/span><\/div><div class=\"mashsb-buttons\"><a class=\"mashicon-facebook mash-large mash-center mashsb-noshadow\" href=\"https:\/\/www.facebook.com\/sharer.php?u=https%3A%2F%2Fwww.zunoticia.com%2Fnoticias-de-hidalgo%2F2026%2F04%2F22%2Fsolicitan-rehabilitacion-o-retiro-de-los-bustos-de-la-plaza-de-la-revolucion-mexicana%2F\" target=\"_top\" rel=\"nofollow\"><span class=\"icon\"><\/span><span class=\"text\">Share<\/span><\/a><a class=\"mashicon-twitter mash-large mash-center mashsb-noshadow\" href=\"https:\/\/twitter.com\/intent\/tweet?text=&amp;url=https:\/\/www.zunoticia.com\/noticias-de-hidalgo\/2026\/04\/22\/solicitan-rehabilitacion-o-retiro-de-los-bustos-de-la-plaza-de-la-revolucion-mexicana\/\" target=\"_top\" rel=\"nofollow\"><span class=\"icon\"><\/span><span class=\"text\">Tweet<\/span><\/a><div class=\"onoffswitch2 mash-large mashsb-noshadow\" style=\"display:none\"><\/div><\/div>\n            <\/div>\n                <div style=\"clear:both\"><\/div><div class=\"mashsb-toggle-container\"><\/div><\/aside>\n            <!-- Share buttons by mashshare.net - Version: 4.0.47-->\n<p><em>Por Salvador Altamirano\/Zunoticia<\/em><\/p>\n\n\n\n<p><strong>Huejutla, Hgo.-<\/strong> Habitantes de la poblaci\u00f3n interesados en preservar los monumentos hist\u00f3ricos, manifestaron que los bustos de los generales que se encuentran en el templete de la Plaza de la Revoluci\u00f3n Mexicana exhiben un acentuado deterioro.<\/p>\n\n\n\n<p>Explicaron que en materia de pintura ya no son dorados, su color original, sino ahumados, por lo que es necesario que se rehabiliten como se hizo en el a\u00f1o 2022.<\/p>\n\n\n\n<p>Al respecto, Rafael G\u00f3mez Garc\u00eda, coment\u00f3 que los bustos no fueron colocados todos en una fecha \u00fanica, citando como ejemplo que el del General Amado Azuara Sarmiento fue puesto en 1959 y el de Venustiano Carranza en 1969, por lo que es un monumento con elementos de distintos periodos.<\/p>\n\n\n\n<figure class=\"wp-block-image size-large\"><img fetchpriority=\"high\" decoding=\"async\" width=\"1024\" height=\"768\" src=\"https:\/\/www.zunoticia.com\/noticias-de-hidalgo\/wp-content\/uploads\/2026\/04\/BUSTOS-2-1024x768.jpeg\" alt=\"\" class=\"wp-image-634235\" srcset=\"https:\/\/www.zunoticia.com\/noticias-de-hidalgo\/wp-content\/uploads\/2026\/04\/BUSTOS-2-1024x768.jpeg 1024w, https:\/\/www.zunoticia.com\/noticias-de-hidalgo\/wp-content\/uploads\/2026\/04\/BUSTOS-2-300x225.jpeg 300w, https:\/\/www.zunoticia.com\/noticias-de-hidalgo\/wp-content\/uploads\/2026\/04\/BUSTOS-2-768x576.jpeg 768w, https:\/\/www.zunoticia.com\/noticias-de-hidalgo\/wp-content\/uploads\/2026\/04\/BUSTOS-2-1536x1152.jpeg 1536w, https:\/\/www.zunoticia.com\/noticias-de-hidalgo\/wp-content\/uploads\/2026\/04\/BUSTOS-2-1568x1176.jpeg 1568w, https:\/\/www.zunoticia.com\/noticias-de-hidalgo\/wp-content\/uploads\/2026\/04\/BUSTOS-2.jpeg 1600w\" sizes=\"(max-width: 1024px) 100vw, 1024px\" \/><\/figure>\n\n\n\n<p>Agreg\u00f3 que, no obstante, en donde se concentran los bustos, seis en total, es un espacio central de la memoria hist\u00f3rica de Huejutla, ya que rinden homenaje a personajes destacados de la regi\u00f3n.<\/p>\n\n\n\n<p>Para finalizar, subray\u00f3 que por tal motivo los bustos deben de volver a remozar y preservarse en buen estado, o de lo contrario, retirarlos y guardarlos en un rinc\u00f3n olvidado, ya que su deterioro no los enaltece y no es de m\u00e9rito exhibirlos as\u00ed.<\/p>\n","protected":false},"excerpt":{"rendered":"<p>Por Salvador Altamirano\/Zunoticia Huejutla, Hgo.- Habitantes de la poblaci\u00f3n interesados en preservar los monumentos hist\u00f3ricos, manifestaron que los bustos de los generales que se encuentran en el templete de la Plaza de la Revoluci\u00f3n Mexicana exhiben un acentuado deterioro. Explicaron que en materia de pintura ya no son dorados, su color original, sino ahumados, por&hellip; <a class=\"more-link\" href=\"https:\/\/www.zunoticia.com\/noticias-de-hidalgo\/2026\/04\/22\/solicitan-rehabilitacion-o-retiro-de-los-bustos-de-la-plaza-de-la-revolucion-mexicana\/\">Seguir leyendo <span class=\"screen-reader-text\">Solicitan rehabilitaci\u00f3n o retiro de los bustos de la Plaza de la Revoluci\u00f3n Mexicana<\/span><\/a><\/p>\n","protected":false},"author":20,"featured_media":634234,"comment_status":"open","ping_status":"open","sticky":false,"template":"","format":"standard","meta":{"rop_custom_images_group":[],"rop_custom_messages_group":[],"rop_publish_now":"initial","rop_publish_now_accounts":{"facebook_10159540855086992_322828327761733":""},"rop_publish_now_history":[],"rop_publish_now_status":"pending","footnotes":""},"categories":[181],"tags":[121],"class_list":["post-634233","post","type-post","status-publish","format-standard","has-post-thumbnail","hentry","category-huejutla","tag-huejutla","entry"],"_links":{"self":[{"href":"https:\/\/www.zunoticia.com\/noticias-de-hidalgo\/wp-json\/wp\/v2\/posts\/634233","targetHints":{"allow":["GET"]}}],"collection":[{"href":"https:\/\/www.zunoticia.com\/noticias-de-hidalgo\/wp-json\/wp\/v2\/posts"}],"about":[{"href":"https:\/\/www.zunoticia.com\/noticias-de-hidalgo\/wp-json\/wp\/v2\/types\/post"}],"author":[{"embeddable":true,"href":"https:\/\/www.zunoticia.com\/noticias-de-hidalgo\/wp-json\/wp\/v2\/users\/20"}],"replies":[{"embeddable":true,"href":"https:\/\/www.zunoticia.com\/noticias-de-hidalgo\/wp-json\/wp\/v2\/comments?post=634233"}],"version-history":[{"count":1,"href":"https:\/\/www.zunoticia.com\/noticias-de-hidalgo\/wp-json\/wp\/v2\/posts\/634233\/revisions"}],"predecessor-version":[{"id":634236,"href":"https:\/\/www.zunoticia.com\/noticias-de-hidalgo\/wp-json\/wp\/v2\/posts\/634233\/revisions\/634236"}],"wp:featuredmedia":[{"embeddable":true,"href":"https:\/\/www.zunoticia.com\/noticias-de-hidalgo\/wp-json\/wp\/v2\/media\/634234"}],"wp:attachment":[{"href":"https:\/\/www.zunoticia.com\/noticias-de-hidalgo\/wp-json\/wp\/v2\/media?parent=634233"}],"wp:term":[{"taxonomy":"category","embeddable":true,"href":"https:\/\/www.zunoticia.com\/noticias-de-hidalgo\/wp-json\/wp\/v2\/categories?post=634233"},{"taxonomy":"post_tag","embeddable":true,"href":"https:\/\/www.zunoticia.com\/noticias-de-hidalgo\/wp-json\/wp\/v2\/tags?post=634233"}],"curies":[{"name":"wp","href":"https:\/\/api.w.org\/{rel}","templated":true}]}}