{"id":634237,"date":"2026-04-22T09:27:06","date_gmt":"2026-04-22T15:27:06","guid":{"rendered":"https:\/\/www.zunoticia.com\/noticias-de-hidalgo\/?p=634237"},"modified":"2026-04-22T09:27:08","modified_gmt":"2026-04-22T15:27:08","slug":"exhortan-a-padres-de-familia-con-hijos-con-discapacidad-a-prepararlos","status":"publish","type":"post","link":"https:\/\/www.zunoticia.com\/noticias-de-hidalgo\/2026\/04\/22\/exhortan-a-padres-de-familia-con-hijos-con-discapacidad-a-prepararlos\/","title":{"rendered":"Exhortan a padres de familia con hijos con discapacidad a prepararlos"},"content":{"rendered":"<aside class=\"mashsb-container mashsb-main mashsb-stretched\"><div class=\"mashsb-box\"><div class=\"mashsb-count mash-large\" style=\"float:left\"><div class=\"counts mashsbcount\">0<\/div><span class=\"mashsb-sharetext\">SHARES<\/span><\/div><div class=\"mashsb-buttons\"><a class=\"mashicon-facebook mash-large mash-center mashsb-noshadow\" href=\"https:\/\/www.facebook.com\/sharer.php?u=https%3A%2F%2Fwww.zunoticia.com%2Fnoticias-de-hidalgo%2F2026%2F04%2F22%2Fexhortan-a-padres-de-familia-con-hijos-con-discapacidad-a-prepararlos%2F\" target=\"_top\" rel=\"nofollow\"><span class=\"icon\"><\/span><span class=\"text\">Share<\/span><\/a><a class=\"mashicon-twitter mash-large mash-center mashsb-noshadow\" href=\"https:\/\/twitter.com\/intent\/tweet?text=&amp;url=https:\/\/www.zunoticia.com\/noticias-de-hidalgo\/2026\/04\/22\/exhortan-a-padres-de-familia-con-hijos-con-discapacidad-a-prepararlos\/\" target=\"_top\" rel=\"nofollow\"><span class=\"icon\"><\/span><span class=\"text\">Tweet<\/span><\/a><div class=\"onoffswitch2 mash-large mashsb-noshadow\" style=\"display:none\"><\/div><\/div>\n            <\/div>\n                <div style=\"clear:both\"><\/div><div class=\"mashsb-toggle-container\"><\/div><\/aside>\n            <!-- Share buttons by mashshare.net - Version: 4.0.47-->\n<ul class=\"wp-block-list\">\n<li>Para que sean funcionales ante la sociedad.<\/li>\n<\/ul>\n\n\n\n<p><em>Por Salvador Altamirano\/Zunoticia<\/em><\/p>\n\n\n\n<p><strong>Huejutla, Hgo.-<\/strong> La fundadora y directora del &#8220;Club de Tarea Crece, Aprende y Vive&#8221;, Ana Garfias, exhorta a los padres de familia que tengan hijos con alguna discapacidad, a prepararlos para que en el futuro sean funcionales ante la sociedad.<\/p>\n\n\n\n<p>Subray\u00f3 que hay que hacer conciencia que como pap\u00e1s hoy estamos ma\u00f1ana no, por lo que hay que prepararlos para que tengan a futuro una vida sin nosotros, que sean aut\u00f3nomos y capaces.<\/p>\n\n\n\n<p>Subray\u00f3 que, para tal efecto, hay centros de capacitaci\u00f3n como el que dirige, y como padres nos corresponde acompa\u00f1arlos de manera positiva, y estar al pendiente para corregir lo que hay que corregir, pero dejar que las expectativas crezcan de acuerdo con las necesidades que tengan.<\/p>\n\n\n\n<p>Agreg\u00f3 que tal vez no puedan trabajar como ingenieros, cirujanos o psic\u00f3logos, pero tienen habilidades extraordinarias que a veces en las escuelas normales no tienen la capacidad de explorar esas \u00e1reas que les puedan permitir tener una vida funcional y aut\u00f3noma.<\/p>\n\n\n\n<p>Para finalizar, invit\u00f3 a los padres de familia que sus hijos tengan alg\u00fan detalle, como no aprehender, que no les d\u00e9 la cara o que tenga una conducta repetitiva, que busquen asistencia como la que oferta.<\/p>\n","protected":false},"excerpt":{"rendered":"<p>Por Salvador Altamirano\/Zunoticia Huejutla, Hgo.- La fundadora y directora del &#8220;Club de Tarea Crece, Aprende y Vive&#8221;, Ana Garfias, exhorta a los padres de familia que tengan hijos con alguna discapacidad, a prepararlos para que en el futuro sean funcionales ante la sociedad. Subray\u00f3 que hay que hacer conciencia que como pap\u00e1s hoy estamos ma\u00f1ana&hellip; <a class=\"more-link\" href=\"https:\/\/www.zunoticia.com\/noticias-de-hidalgo\/2026\/04\/22\/exhortan-a-padres-de-familia-con-hijos-con-discapacidad-a-prepararlos\/\">Seguir leyendo <span class=\"screen-reader-text\">Exhortan a padres de familia con hijos con discapacidad a prepararlos<\/span><\/a><\/p>\n","protected":false},"author":20,"featured_media":634238,"comment_status":"open","ping_status":"open","sticky":false,"template":"","format":"standard","meta":{"rop_custom_images_group":[],"rop_custom_messages_group":[],"rop_publish_now":"initial","rop_publish_now_accounts":{"facebook_10159540855086992_322828327761733":""},"rop_publish_now_history":[],"rop_publish_now_status":"pending","footnotes":""},"categories":[181],"tags":[121],"class_list":["post-634237","post","type-post","status-publish","format-standard","has-post-thumbnail","hentry","category-huejutla","tag-huejutla","entry"],"_links":{"self":[{"href":"https:\/\/www.zunoticia.com\/noticias-de-hidalgo\/wp-json\/wp\/v2\/posts\/634237","targetHints":{"allow":["GET"]}}],"collection":[{"href":"https:\/\/www.zunoticia.com\/noticias-de-hidalgo\/wp-json\/wp\/v2\/posts"}],"about":[{"href":"https:\/\/www.zunoticia.com\/noticias-de-hidalgo\/wp-json\/wp\/v2\/types\/post"}],"author":[{"embeddable":true,"href":"https:\/\/www.zunoticia.com\/noticias-de-hidalgo\/wp-json\/wp\/v2\/users\/20"}],"replies":[{"embeddable":true,"href":"https:\/\/www.zunoticia.com\/noticias-de-hidalgo\/wp-json\/wp\/v2\/comments?post=634237"}],"version-history":[{"count":1,"href":"https:\/\/www.zunoticia.com\/noticias-de-hidalgo\/wp-json\/wp\/v2\/posts\/634237\/revisions"}],"predecessor-version":[{"id":634239,"href":"https:\/\/www.zunoticia.com\/noticias-de-hidalgo\/wp-json\/wp\/v2\/posts\/634237\/revisions\/634239"}],"wp:featuredmedia":[{"embeddable":true,"href":"https:\/\/www.zunoticia.com\/noticias-de-hidalgo\/wp-json\/wp\/v2\/media\/634238"}],"wp:attachment":[{"href":"https:\/\/www.zunoticia.com\/noticias-de-hidalgo\/wp-json\/wp\/v2\/media?parent=634237"}],"wp:term":[{"taxonomy":"category","embeddable":true,"href":"https:\/\/www.zunoticia.com\/noticias-de-hidalgo\/wp-json\/wp\/v2\/categories?post=634237"},{"taxonomy":"post_tag","embeddable":true,"href":"https:\/\/www.zunoticia.com\/noticias-de-hidalgo\/wp-json\/wp\/v2\/tags?post=634237"}],"curies":[{"name":"wp","href":"https:\/\/api.w.org\/{rel}","templated":true}]}}