{"id":634252,"date":"2026-04-22T12:28:37","date_gmt":"2026-04-22T18:28:37","guid":{"rendered":"https:\/\/www.zunoticia.com\/noticias-de-hidalgo\/?p=634252"},"modified":"2026-04-22T12:28:39","modified_gmt":"2026-04-22T18:28:39","slug":"parque-ecologico-de-huejutla-recibira-a-estudiantes-por-festejos-del-dia-del-nino","status":"publish","type":"post","link":"https:\/\/www.zunoticia.com\/noticias-de-hidalgo\/2026\/04\/22\/parque-ecologico-de-huejutla-recibira-a-estudiantes-por-festejos-del-dia-del-nino\/","title":{"rendered":"Parque Ecol\u00f3gico de Huejutla recibir\u00e1 a estudiantes por festejos del D\u00eda del Ni\u00f1o"},"content":{"rendered":"<aside class=\"mashsb-container mashsb-main mashsb-stretched\"><div class=\"mashsb-box\"><div class=\"mashsb-count mash-large\" style=\"float:left\"><div class=\"counts mashsbcount\">0<\/div><span class=\"mashsb-sharetext\">SHARES<\/span><\/div><div class=\"mashsb-buttons\"><a class=\"mashicon-facebook mash-large mash-center mashsb-noshadow\" href=\"https:\/\/www.facebook.com\/sharer.php?u=https%3A%2F%2Fwww.zunoticia.com%2Fnoticias-de-hidalgo%2F2026%2F04%2F22%2Fparque-ecologico-de-huejutla-recibira-a-estudiantes-por-festejos-del-dia-del-nino%2F\" target=\"_top\" rel=\"nofollow\"><span class=\"icon\"><\/span><span class=\"text\">Share<\/span><\/a><a class=\"mashicon-twitter mash-large mash-center mashsb-noshadow\" href=\"https:\/\/twitter.com\/intent\/tweet?text=&amp;url=https:\/\/www.zunoticia.com\/noticias-de-hidalgo\/2026\/04\/22\/parque-ecologico-de-huejutla-recibira-a-estudiantes-por-festejos-del-dia-del-nino\/\" target=\"_top\" rel=\"nofollow\"><span class=\"icon\"><\/span><span class=\"text\">Tweet<\/span><\/a><div class=\"onoffswitch2 mash-large mashsb-noshadow\" style=\"display:none\"><\/div><\/div>\n            <\/div>\n                <div style=\"clear:both\"><\/div><div class=\"mashsb-toggle-container\"><\/div><\/aside>\n            <!-- Share buttons by mashshare.net - Version: 4.0.47-->\n<p><em>Por Enedino Hern\u00e1ndez \/ Zunoticia<\/em><\/p>\n\n\n\n<p><strong>Huejutla, Hgo<\/strong>.- Alumnos de nivel Preescolar y Primaria, acompa\u00f1ados de maestros y padres de familia, utilizar\u00e1n las instalaciones del Parque Ecol\u00f3gico de Huejutla del 28 al 30 de abril, con motivo de las celebraciones del D\u00eda del Ni\u00f1o.<\/p>\n\n\n\n<p>El director del citado espacio recreativo, Salvador Santos Hern\u00e1ndez, inform\u00f3 que diversas instituciones educativas han solicitado permiso para realizar actividades recreativas durante esos d\u00edas, por lo que el personal se mantendr\u00e1 atento para brindar la atenci\u00f3n necesaria a los visitantes.<\/p>\n\n\n\n<p>\u201cVarios maestros ya pidieron permiso para los d\u00edas 28, 29 y 30 de abril; son tres d\u00edas en los que diferentes escuelas de Preescolar y Primaria estar\u00e1n realizando actividades en el Parque Ecol\u00f3gico\u201d.<\/p>\n\n\n\n<p>Se prev\u00e9 una importante afluencia de asistentes, ya que algunas instituciones acudir\u00e1n con grupos de hasta 240 personas, mientras que otras contemplan entre 160 y 180 participantes, incluyendo alumnos, docentes y padres de familia.<\/p>\n\n\n\n<p>Ante ello, el funcionario se\u00f1al\u00f3 que se reforzar\u00e1n las labores de limpieza para mantener en \u00f3ptimas condiciones los espacios, a fin de que los visitantes puedan disfrutar de sus actividades en un ambiente adecuado.<\/p>\n\n\n\n<p>Asimismo, hizo un llamado a los asistentes para colaborar en el cuidado del lugar, depositando la basura en los espacios destinados para ello al t\u00e9rmino de sus actividades.<\/p>\n\n\n\n<p>Finalmente, destac\u00f3 que entre las escuelas participantes se encuentran tanto de colonias como de comunidades, lo que contribuir\u00e1 a una mayor convivencia familiar durante estas jornadas recreativas.<\/p>\n","protected":false},"excerpt":{"rendered":"<p>Por Enedino Hern\u00e1ndez \/ Zunoticia Huejutla, Hgo.- Alumnos de nivel Preescolar y Primaria, acompa\u00f1ados de maestros y padres de familia, utilizar\u00e1n las instalaciones del Parque Ecol\u00f3gico de Huejutla del 28 al 30 de abril, con motivo de las celebraciones del D\u00eda del Ni\u00f1o. El director del citado espacio recreativo, Salvador Santos Hern\u00e1ndez, inform\u00f3 que diversas&hellip; <a class=\"more-link\" href=\"https:\/\/www.zunoticia.com\/noticias-de-hidalgo\/2026\/04\/22\/parque-ecologico-de-huejutla-recibira-a-estudiantes-por-festejos-del-dia-del-nino\/\">Seguir leyendo <span class=\"screen-reader-text\">Parque Ecol\u00f3gico de Huejutla recibir\u00e1 a estudiantes por festejos del D\u00eda del Ni\u00f1o<\/span><\/a><\/p>\n","protected":false},"author":20,"featured_media":634253,"comment_status":"open","ping_status":"open","sticky":false,"template":"","format":"standard","meta":{"rop_custom_images_group":[],"rop_custom_messages_group":[],"rop_publish_now":"initial","rop_publish_now_accounts":{"facebook_10159540855086992_322828327761733":""},"rop_publish_now_history":[],"rop_publish_now_status":"pending","footnotes":""},"categories":[181],"tags":[121],"class_list":["post-634252","post","type-post","status-publish","format-standard","has-post-thumbnail","hentry","category-huejutla","tag-huejutla","entry"],"_links":{"self":[{"href":"https:\/\/www.zunoticia.com\/noticias-de-hidalgo\/wp-json\/wp\/v2\/posts\/634252","targetHints":{"allow":["GET"]}}],"collection":[{"href":"https:\/\/www.zunoticia.com\/noticias-de-hidalgo\/wp-json\/wp\/v2\/posts"}],"about":[{"href":"https:\/\/www.zunoticia.com\/noticias-de-hidalgo\/wp-json\/wp\/v2\/types\/post"}],"author":[{"embeddable":true,"href":"https:\/\/www.zunoticia.com\/noticias-de-hidalgo\/wp-json\/wp\/v2\/users\/20"}],"replies":[{"embeddable":true,"href":"https:\/\/www.zunoticia.com\/noticias-de-hidalgo\/wp-json\/wp\/v2\/comments?post=634252"}],"version-history":[{"count":1,"href":"https:\/\/www.zunoticia.com\/noticias-de-hidalgo\/wp-json\/wp\/v2\/posts\/634252\/revisions"}],"predecessor-version":[{"id":634254,"href":"https:\/\/www.zunoticia.com\/noticias-de-hidalgo\/wp-json\/wp\/v2\/posts\/634252\/revisions\/634254"}],"wp:featuredmedia":[{"embeddable":true,"href":"https:\/\/www.zunoticia.com\/noticias-de-hidalgo\/wp-json\/wp\/v2\/media\/634253"}],"wp:attachment":[{"href":"https:\/\/www.zunoticia.com\/noticias-de-hidalgo\/wp-json\/wp\/v2\/media?parent=634252"}],"wp:term":[{"taxonomy":"category","embeddable":true,"href":"https:\/\/www.zunoticia.com\/noticias-de-hidalgo\/wp-json\/wp\/v2\/categories?post=634252"},{"taxonomy":"post_tag","embeddable":true,"href":"https:\/\/www.zunoticia.com\/noticias-de-hidalgo\/wp-json\/wp\/v2\/tags?post=634252"}],"curies":[{"name":"wp","href":"https:\/\/api.w.org\/{rel}","templated":true}]}}