{"id":634269,"date":"2026-04-22T15:49:15","date_gmt":"2026-04-22T21:49:15","guid":{"rendered":"https:\/\/www.zunoticia.com\/noticias-de-hidalgo\/?p=634269"},"modified":"2026-04-22T15:49:16","modified_gmt":"2026-04-22T21:49:16","slug":"resguardan-a-joven-extraviado","status":"publish","type":"post","link":"https:\/\/www.zunoticia.com\/noticias-de-hidalgo\/2026\/04\/22\/resguardan-a-joven-extraviado\/","title":{"rendered":"Resguardan a joven extraviado"},"content":{"rendered":"<aside class=\"mashsb-container mashsb-main mashsb-stretched\"><div class=\"mashsb-box\"><div class=\"mashsb-count mash-large\" style=\"float:left\"><div class=\"counts mashsbcount\">0<\/div><span class=\"mashsb-sharetext\">SHARES<\/span><\/div><div class=\"mashsb-buttons\"><a class=\"mashicon-facebook mash-large mash-center mashsb-noshadow\" href=\"https:\/\/www.facebook.com\/sharer.php?u=https%3A%2F%2Fwww.zunoticia.com%2Fnoticias-de-hidalgo%2F2026%2F04%2F22%2Fresguardan-a-joven-extraviado%2F\" target=\"_top\" rel=\"nofollow\"><span class=\"icon\"><\/span><span class=\"text\">Share<\/span><\/a><a class=\"mashicon-twitter mash-large mash-center mashsb-noshadow\" href=\"https:\/\/twitter.com\/intent\/tweet?text=&amp;url=https:\/\/www.zunoticia.com\/noticias-de-hidalgo\/2026\/04\/22\/resguardan-a-joven-extraviado\/\" target=\"_top\" rel=\"nofollow\"><span class=\"icon\"><\/span><span class=\"text\">Tweet<\/span><\/a><div class=\"onoffswitch2 mash-large mashsb-noshadow\" style=\"display:none\"><\/div><\/div>\n            <\/div>\n                <div style=\"clear:both\"><\/div><div class=\"mashsb-toggle-container\"><\/div><\/aside>\n            <!-- Share buttons by mashshare.net - Version: 4.0.47-->\n<p><em>Por Roberto Ram\u00edrez Zunoticia<\/em><\/p>\n\n\n\n<p><strong>Tlanchinol, Hgo<\/strong>.- Autoridades polic\u00edacas resguardaron y&nbsp; buscan a familiares de un joven extraviado, quien fue hallado desorientado en este municipio, para que se hagan cargo de esta persona, ya fue resguardada en esa corporaci\u00f3n de la Sierra.<\/p>\n\n\n\n<p>Esta persona responde al nombre de Gerardo Hern\u00e1ndez Hern\u00e1ndez de 20 a\u00f1os, quien fue hallada en la v\u00eda p\u00fablica en este municipio, por lo que est\u00e1n solicitando la colaboraci\u00f3n de la ciudadan\u00eda en general para que avisen a sus familiares y acudan a recogerla.<\/p>\n\n\n\n<p>Las autoridades policiacas informan que este masculino est\u00e1 enfermo de sus facultades mentales, por lo que es necesario que sus familiares se hagan responsables; es en la comandancia en donde lo tienen resguardado para evitar situaciones lamentables con su integridad. Se logr\u00f3 saber que el joven es de la localidad de Aquixcuatitla, del municipio de Huejutla.<\/p>\n\n\n\n<p><\/p>\n","protected":false},"excerpt":{"rendered":"<p>Por Roberto Ram\u00edrez Zunoticia Tlanchinol, Hgo.- Autoridades polic\u00edacas resguardaron y&nbsp; buscan a familiares de un joven extraviado, quien fue hallado desorientado en este municipio, para que se hagan cargo de esta persona, ya fue resguardada en esa corporaci\u00f3n de la Sierra. Esta persona responde al nombre de Gerardo Hern\u00e1ndez Hern\u00e1ndez de 20 a\u00f1os, quien fue&hellip; <a class=\"more-link\" href=\"https:\/\/www.zunoticia.com\/noticias-de-hidalgo\/2026\/04\/22\/resguardan-a-joven-extraviado\/\">Seguir leyendo <span class=\"screen-reader-text\">Resguardan a joven extraviado<\/span><\/a><\/p>\n","protected":false},"author":20,"featured_media":634270,"comment_status":"open","ping_status":"open","sticky":false,"template":"","format":"standard","meta":{"rop_custom_images_group":[],"rop_custom_messages_group":[],"rop_publish_now":"initial","rop_publish_now_accounts":{"facebook_10159540855086992_322828327761733":""},"rop_publish_now_history":[],"rop_publish_now_status":"pending","footnotes":""},"categories":[178],"tags":[259],"class_list":["post-634269","post","type-post","status-publish","format-standard","has-post-thumbnail","hentry","category-policiaca","tag-policiaca","entry"],"_links":{"self":[{"href":"https:\/\/www.zunoticia.com\/noticias-de-hidalgo\/wp-json\/wp\/v2\/posts\/634269","targetHints":{"allow":["GET"]}}],"collection":[{"href":"https:\/\/www.zunoticia.com\/noticias-de-hidalgo\/wp-json\/wp\/v2\/posts"}],"about":[{"href":"https:\/\/www.zunoticia.com\/noticias-de-hidalgo\/wp-json\/wp\/v2\/types\/post"}],"author":[{"embeddable":true,"href":"https:\/\/www.zunoticia.com\/noticias-de-hidalgo\/wp-json\/wp\/v2\/users\/20"}],"replies":[{"embeddable":true,"href":"https:\/\/www.zunoticia.com\/noticias-de-hidalgo\/wp-json\/wp\/v2\/comments?post=634269"}],"version-history":[{"count":1,"href":"https:\/\/www.zunoticia.com\/noticias-de-hidalgo\/wp-json\/wp\/v2\/posts\/634269\/revisions"}],"predecessor-version":[{"id":634271,"href":"https:\/\/www.zunoticia.com\/noticias-de-hidalgo\/wp-json\/wp\/v2\/posts\/634269\/revisions\/634271"}],"wp:featuredmedia":[{"embeddable":true,"href":"https:\/\/www.zunoticia.com\/noticias-de-hidalgo\/wp-json\/wp\/v2\/media\/634270"}],"wp:attachment":[{"href":"https:\/\/www.zunoticia.com\/noticias-de-hidalgo\/wp-json\/wp\/v2\/media?parent=634269"}],"wp:term":[{"taxonomy":"category","embeddable":true,"href":"https:\/\/www.zunoticia.com\/noticias-de-hidalgo\/wp-json\/wp\/v2\/categories?post=634269"},{"taxonomy":"post_tag","embeddable":true,"href":"https:\/\/www.zunoticia.com\/noticias-de-hidalgo\/wp-json\/wp\/v2\/tags?post=634269"}],"curies":[{"name":"wp","href":"https:\/\/api.w.org\/{rel}","templated":true}]}}