{"id":634272,"date":"2026-04-22T15:55:59","date_gmt":"2026-04-22T21:55:59","guid":{"rendered":"https:\/\/www.zunoticia.com\/noticias-de-hidalgo\/?p=634272"},"modified":"2026-04-22T15:56:01","modified_gmt":"2026-04-22T21:56:01","slug":"chocaron-moto-con-vehiculo-particular","status":"publish","type":"post","link":"https:\/\/www.zunoticia.com\/noticias-de-hidalgo\/2026\/04\/22\/chocaron-moto-con-vehiculo-particular\/","title":{"rendered":"Chocaron moto con veh\u00edculo particular"},"content":{"rendered":"<aside class=\"mashsb-container mashsb-main mashsb-stretched\"><div class=\"mashsb-box\"><div class=\"mashsb-count mash-large\" style=\"float:left\"><div class=\"counts mashsbcount\">0<\/div><span class=\"mashsb-sharetext\">SHARES<\/span><\/div><div class=\"mashsb-buttons\"><a class=\"mashicon-facebook mash-large mash-center mashsb-noshadow\" href=\"https:\/\/www.facebook.com\/sharer.php?u=https%3A%2F%2Fwww.zunoticia.com%2Fnoticias-de-hidalgo%2F2026%2F04%2F22%2Fchocaron-moto-con-vehiculo-particular%2F\" target=\"_top\" rel=\"nofollow\"><span class=\"icon\"><\/span><span class=\"text\">Share<\/span><\/a><a class=\"mashicon-twitter mash-large mash-center mashsb-noshadow\" href=\"https:\/\/twitter.com\/intent\/tweet?text=&amp;url=https:\/\/www.zunoticia.com\/noticias-de-hidalgo\/2026\/04\/22\/chocaron-moto-con-vehiculo-particular\/\" target=\"_top\" rel=\"nofollow\"><span class=\"icon\"><\/span><span class=\"text\">Tweet<\/span><\/a><div class=\"onoffswitch2 mash-large mashsb-noshadow\" style=\"display:none\"><\/div><\/div>\n            <\/div>\n                <div style=\"clear:both\"><\/div><div class=\"mashsb-toggle-container\"><\/div><\/aside>\n            <!-- Share buttons by mashshare.net - Version: 4.0.47-->\n<p><em>Por Roberto Meza Ram\u00edrez\/Zunoticia<\/em><\/p>\n\n\n\n<p><strong>Huejutla, Hgo<\/strong>. &#8211; Motociclista se vio involucrado en un aparatoso accidente que se registr\u00f3 sobre el bulevar Adolfo L\u00f3pez Mateos, en la colonia Aviaci\u00f3n civil de esta ciudad; el herido fue auxiliado por automovilistas y vecinos del lugar.<\/p>\n\n\n\n<p>El percance ocurri\u00f3 en las inmediaciones de la gasolinera, en donde el motorista presuntamente viajaba con exceso de velocidad y colision\u00f3 con un veh\u00edculo automotriz, quedando tirado en la cinta asf\u00e1ltica; r\u00e1pidamente el conductor de la unidad baj\u00f3 y auxilio al motociclista para despu\u00e9s orillarse.<\/p>\n\n\n\n<p>El tripulante de la unidad de dos ruedas sufri\u00f3 lesiones leves, quien se neg\u00f3 a que solicitaran la presencia de param\u00e9dicos. La Polic\u00eda Municipal lleg\u00f3 al lugar, pero los implicados en este accidente firmaron un acuerdo.<\/p>\n\n\n\n<p><\/p>\n","protected":false},"excerpt":{"rendered":"<p>Por Roberto Meza Ram\u00edrez\/Zunoticia Huejutla, Hgo. &#8211; Motociclista se vio involucrado en un aparatoso accidente que se registr\u00f3 sobre el bulevar Adolfo L\u00f3pez Mateos, en la colonia Aviaci\u00f3n civil de esta ciudad; el herido fue auxiliado por automovilistas y vecinos del lugar. El percance ocurri\u00f3 en las inmediaciones de la gasolinera, en donde el motorista&hellip; <a class=\"more-link\" href=\"https:\/\/www.zunoticia.com\/noticias-de-hidalgo\/2026\/04\/22\/chocaron-moto-con-vehiculo-particular\/\">Seguir leyendo <span class=\"screen-reader-text\">Chocaron moto con veh\u00edculo particular<\/span><\/a><\/p>\n","protected":false},"author":20,"featured_media":634273,"comment_status":"open","ping_status":"open","sticky":false,"template":"","format":"standard","meta":{"rop_custom_images_group":[],"rop_custom_messages_group":[],"rop_publish_now":"initial","rop_publish_now_accounts":{"facebook_10159540855086992_322828327761733":""},"rop_publish_now_history":[],"rop_publish_now_status":"pending","footnotes":""},"categories":[178],"tags":[259],"class_list":["post-634272","post","type-post","status-publish","format-standard","has-post-thumbnail","hentry","category-policiaca","tag-policiaca","entry"],"_links":{"self":[{"href":"https:\/\/www.zunoticia.com\/noticias-de-hidalgo\/wp-json\/wp\/v2\/posts\/634272","targetHints":{"allow":["GET"]}}],"collection":[{"href":"https:\/\/www.zunoticia.com\/noticias-de-hidalgo\/wp-json\/wp\/v2\/posts"}],"about":[{"href":"https:\/\/www.zunoticia.com\/noticias-de-hidalgo\/wp-json\/wp\/v2\/types\/post"}],"author":[{"embeddable":true,"href":"https:\/\/www.zunoticia.com\/noticias-de-hidalgo\/wp-json\/wp\/v2\/users\/20"}],"replies":[{"embeddable":true,"href":"https:\/\/www.zunoticia.com\/noticias-de-hidalgo\/wp-json\/wp\/v2\/comments?post=634272"}],"version-history":[{"count":1,"href":"https:\/\/www.zunoticia.com\/noticias-de-hidalgo\/wp-json\/wp\/v2\/posts\/634272\/revisions"}],"predecessor-version":[{"id":634274,"href":"https:\/\/www.zunoticia.com\/noticias-de-hidalgo\/wp-json\/wp\/v2\/posts\/634272\/revisions\/634274"}],"wp:featuredmedia":[{"embeddable":true,"href":"https:\/\/www.zunoticia.com\/noticias-de-hidalgo\/wp-json\/wp\/v2\/media\/634273"}],"wp:attachment":[{"href":"https:\/\/www.zunoticia.com\/noticias-de-hidalgo\/wp-json\/wp\/v2\/media?parent=634272"}],"wp:term":[{"taxonomy":"category","embeddable":true,"href":"https:\/\/www.zunoticia.com\/noticias-de-hidalgo\/wp-json\/wp\/v2\/categories?post=634272"},{"taxonomy":"post_tag","embeddable":true,"href":"https:\/\/www.zunoticia.com\/noticias-de-hidalgo\/wp-json\/wp\/v2\/tags?post=634272"}],"curies":[{"name":"wp","href":"https:\/\/api.w.org\/{rel}","templated":true}]}}