{"id":634287,"date":"2026-04-22T16:27:09","date_gmt":"2026-04-22T22:27:09","guid":{"rendered":"https:\/\/www.zunoticia.com\/noticias-de-hidalgo\/?p=634287"},"modified":"2026-04-22T16:27:12","modified_gmt":"2026-04-22T22:27:12","slug":"maximo-hasta-el-10-de-mayo-permaneceran-los-comerciantes-en-el-centro","status":"publish","type":"post","link":"https:\/\/www.zunoticia.com\/noticias-de-hidalgo\/2026\/04\/22\/maximo-hasta-el-10-de-mayo-permaneceran-los-comerciantes-en-el-centro\/","title":{"rendered":"M\u00e1ximo hasta el 10 de mayo permanecer\u00e1n los comerciantes en el centro"},"content":{"rendered":"<aside class=\"mashsb-container mashsb-main mashsb-stretched\"><div class=\"mashsb-box\"><div class=\"mashsb-count mash-large\" style=\"float:left\"><div class=\"counts mashsbcount\">0<\/div><span class=\"mashsb-sharetext\">SHARES<\/span><\/div><div class=\"mashsb-buttons\"><a class=\"mashicon-facebook mash-large mash-center mashsb-noshadow\" href=\"https:\/\/www.facebook.com\/sharer.php?u=https%3A%2F%2Fwww.zunoticia.com%2Fnoticias-de-hidalgo%2F2026%2F04%2F22%2Fmaximo-hasta-el-10-de-mayo-permaneceran-los-comerciantes-en-el-centro%2F\" target=\"_top\" rel=\"nofollow\"><span class=\"icon\"><\/span><span class=\"text\">Share<\/span><\/a><a class=\"mashicon-twitter mash-large mash-center mashsb-noshadow\" href=\"https:\/\/twitter.com\/intent\/tweet?text=&amp;url=https:\/\/www.zunoticia.com\/noticias-de-hidalgo\/2026\/04\/22\/maximo-hasta-el-10-de-mayo-permaneceran-los-comerciantes-en-el-centro\/\" target=\"_top\" rel=\"nofollow\"><span class=\"icon\"><\/span><span class=\"text\">Tweet<\/span><\/a><div class=\"onoffswitch2 mash-large mashsb-noshadow\" style=\"display:none\"><\/div><\/div>\n            <\/div>\n                <div style=\"clear:both\"><\/div><div class=\"mashsb-toggle-container\"><\/div><\/aside>\n            <!-- Share buttons by mashshare.net - Version: 4.0.47-->\n<p><em>Por Karen Rivera\/ Zunoticia<\/em><\/p>\n\n\n\n<p><strong>Huejutla de Reyes, Hgo<\/strong>.- Con motivo de los festejos por el D\u00eda del Ni\u00f1o y las celebraciones del 10 de mayo, comerciantes permanecer\u00e1n instalados en la zona centro de la ciudad durante los pr\u00f3ximos d\u00edas.<\/p>\n\n\n\n<p>El director de Reglamentos, Abdul Lisandro Lara, inform\u00f3 que inicialmente se autoriz\u00f3 la permanencia de los comerciantes hasta el 3 de mayo en la plaza principal; sin embargo, algunos de ellos han solicitado una ampliaci\u00f3n del plazo.<\/p>\n\n\n\n<p>Indic\u00f3 que, aunque la fecha l\u00edmite establecida es el 3 de mayo, existe la posibilidad de extender el permiso hasta el 10 de mayo, siempre y cuando se cumplan las disposiciones correspondientes.<\/p>\n\n\n\n<p>Se\u00f1al\u00f3 que esta medida busca apoyar la actividad econ\u00f3mica local durante una temporada en la que se incrementa la afluencia de compradores por las celebraciones mencionadas.<\/p>\n\n\n\n<figure class=\"wp-block-image size-full\"><img fetchpriority=\"high\" decoding=\"async\" width=\"933\" height=\"524\" src=\"https:\/\/www.zunoticia.com\/noticias-de-hidalgo\/wp-content\/uploads\/2026\/04\/Zunoticia-Huejutla-5-2.png\" alt=\"\" class=\"wp-image-634289\" srcset=\"https:\/\/www.zunoticia.com\/noticias-de-hidalgo\/wp-content\/uploads\/2026\/04\/Zunoticia-Huejutla-5-2.png 933w, https:\/\/www.zunoticia.com\/noticias-de-hidalgo\/wp-content\/uploads\/2026\/04\/Zunoticia-Huejutla-5-2-300x168.png 300w, https:\/\/www.zunoticia.com\/noticias-de-hidalgo\/wp-content\/uploads\/2026\/04\/Zunoticia-Huejutla-5-2-768x431.png 768w\" sizes=\"(max-width: 933px) 100vw, 933px\" \/><\/figure>\n","protected":false},"excerpt":{"rendered":"<p>Por Karen Rivera\/ Zunoticia Huejutla de Reyes, Hgo.- Con motivo de los festejos por el D\u00eda del Ni\u00f1o y las celebraciones del 10 de mayo, comerciantes permanecer\u00e1n instalados en la zona centro de la ciudad durante los pr\u00f3ximos d\u00edas. El director de Reglamentos, Abdul Lisandro Lara, inform\u00f3 que inicialmente se autoriz\u00f3 la permanencia de los&hellip; <a class=\"more-link\" href=\"https:\/\/www.zunoticia.com\/noticias-de-hidalgo\/2026\/04\/22\/maximo-hasta-el-10-de-mayo-permaneceran-los-comerciantes-en-el-centro\/\">Seguir leyendo <span class=\"screen-reader-text\">M\u00e1ximo hasta el 10 de mayo permanecer\u00e1n los comerciantes en el centro<\/span><\/a><\/p>\n","protected":false},"author":20,"featured_media":634288,"comment_status":"open","ping_status":"open","sticky":false,"template":"","format":"standard","meta":{"rop_custom_images_group":[],"rop_custom_messages_group":[],"rop_publish_now":"initial","rop_publish_now_accounts":{"facebook_10159540855086992_322828327761733":""},"rop_publish_now_history":[],"rop_publish_now_status":"pending","footnotes":""},"categories":[181],"tags":[121],"class_list":["post-634287","post","type-post","status-publish","format-standard","has-post-thumbnail","hentry","category-huejutla","tag-huejutla","entry"],"_links":{"self":[{"href":"https:\/\/www.zunoticia.com\/noticias-de-hidalgo\/wp-json\/wp\/v2\/posts\/634287","targetHints":{"allow":["GET"]}}],"collection":[{"href":"https:\/\/www.zunoticia.com\/noticias-de-hidalgo\/wp-json\/wp\/v2\/posts"}],"about":[{"href":"https:\/\/www.zunoticia.com\/noticias-de-hidalgo\/wp-json\/wp\/v2\/types\/post"}],"author":[{"embeddable":true,"href":"https:\/\/www.zunoticia.com\/noticias-de-hidalgo\/wp-json\/wp\/v2\/users\/20"}],"replies":[{"embeddable":true,"href":"https:\/\/www.zunoticia.com\/noticias-de-hidalgo\/wp-json\/wp\/v2\/comments?post=634287"}],"version-history":[{"count":1,"href":"https:\/\/www.zunoticia.com\/noticias-de-hidalgo\/wp-json\/wp\/v2\/posts\/634287\/revisions"}],"predecessor-version":[{"id":634290,"href":"https:\/\/www.zunoticia.com\/noticias-de-hidalgo\/wp-json\/wp\/v2\/posts\/634287\/revisions\/634290"}],"wp:featuredmedia":[{"embeddable":true,"href":"https:\/\/www.zunoticia.com\/noticias-de-hidalgo\/wp-json\/wp\/v2\/media\/634288"}],"wp:attachment":[{"href":"https:\/\/www.zunoticia.com\/noticias-de-hidalgo\/wp-json\/wp\/v2\/media?parent=634287"}],"wp:term":[{"taxonomy":"category","embeddable":true,"href":"https:\/\/www.zunoticia.com\/noticias-de-hidalgo\/wp-json\/wp\/v2\/categories?post=634287"},{"taxonomy":"post_tag","embeddable":true,"href":"https:\/\/www.zunoticia.com\/noticias-de-hidalgo\/wp-json\/wp\/v2\/tags?post=634287"}],"curies":[{"name":"wp","href":"https:\/\/api.w.org\/{rel}","templated":true}]}}