{"id":634297,"date":"2026-04-22T16:41:14","date_gmt":"2026-04-22T22:41:14","guid":{"rendered":"https:\/\/www.zunoticia.com\/noticias-de-hidalgo\/?p=634297"},"modified":"2026-04-22T16:41:17","modified_gmt":"2026-04-22T22:41:17","slug":"baja-ocupacion-hotelera-preocupa-al-sector-en-huejutla","status":"publish","type":"post","link":"https:\/\/www.zunoticia.com\/noticias-de-hidalgo\/2026\/04\/22\/baja-ocupacion-hotelera-preocupa-al-sector-en-huejutla\/","title":{"rendered":"Baja ocupaci\u00f3n hotelera preocupa al sector en Huejutla"},"content":{"rendered":"<aside class=\"mashsb-container mashsb-main mashsb-stretched\"><div class=\"mashsb-box\"><div class=\"mashsb-count mash-large\" style=\"float:left\"><div class=\"counts mashsbcount\">0<\/div><span class=\"mashsb-sharetext\">SHARES<\/span><\/div><div class=\"mashsb-buttons\"><a class=\"mashicon-facebook mash-large mash-center mashsb-noshadow\" href=\"https:\/\/www.facebook.com\/sharer.php?u=https%3A%2F%2Fwww.zunoticia.com%2Fnoticias-de-hidalgo%2F2026%2F04%2F22%2Fbaja-ocupacion-hotelera-preocupa-al-sector-en-huejutla%2F\" target=\"_top\" rel=\"nofollow\"><span class=\"icon\"><\/span><span class=\"text\">Share<\/span><\/a><a class=\"mashicon-twitter mash-large mash-center mashsb-noshadow\" href=\"https:\/\/twitter.com\/intent\/tweet?text=&amp;url=https:\/\/www.zunoticia.com\/noticias-de-hidalgo\/2026\/04\/22\/baja-ocupacion-hotelera-preocupa-al-sector-en-huejutla\/\" target=\"_top\" rel=\"nofollow\"><span class=\"icon\"><\/span><span class=\"text\">Tweet<\/span><\/a><div class=\"onoffswitch2 mash-large mashsb-noshadow\" style=\"display:none\"><\/div><\/div>\n            <\/div>\n                <div style=\"clear:both\"><\/div><div class=\"mashsb-toggle-container\"><\/div><\/aside>\n            <!-- Share buttons by mashshare.net - Version: 4.0.47-->\n<p><em>Por Enedino Hern\u00e1ndez \/ Zunoticia<\/em><\/p>\n\n\n\n<p><strong>Huejutla, Hgo<\/strong>.- El presidente de la Asociaci\u00f3n de Hoteles y Moteles de Huejutla, Jos\u00e9 Luis Aguirre Zavala, inform\u00f3 que actualmente la ocupaci\u00f3n hotelera en la ciudad se encuentra a niveles muy bajos, situaci\u00f3n que atribuye a diversos factores econ\u00f3micos y de infraestructura.<\/p>\n\n\n\n<p>Se\u00f1al\u00f3 que la falta de promoci\u00f3n tur\u00edstica ha impactado directamente en la llegada de visitantes, por lo que consider\u00f3 necesario que las autoridades del sector turismo refuercen las estrategias para atraer m\u00e1s personas a la regi\u00f3n \u201cEs importante que se le ponga m\u00e1s atenci\u00f3n a Huejutla, porque en estos momentos la ocupaci\u00f3n est\u00e1 muy baja; pr\u00e1cticamente no hay visitantes\u201d.<\/p>\n\n\n\n<p>Jos\u00e9 Luis Aguirre Zavala, agreg\u00f3 que, adem\u00e1s de la situaci\u00f3n econ\u00f3mica, el mal estado de las carreteras representa otro obst\u00e1culo importante para el arribo de turistas, lo que limita el crecimiento del sector hotelero y comercial en la zona.<\/p>\n\n\n\n<p>Asimismo, lament\u00f3 que no se est\u00e9n implementando campa\u00f1as de promoci\u00f3n que impulsen a Huejutla como destino, lo que ha generado preocupaci\u00f3n entre los prestadores de servicios.<\/p>\n\n\n\n<p>Ante este panorama, hizo un llamado a sus compa\u00f1eros hoteleros a mantenerse unidos y resistir esta etapa complicada, adem\u00e1s de trabajar de manera coordinada con las autoridades municipales para buscar alternativas que permitan reactivar la actividad tur\u00edstica.<\/p>\n\n\n\n<p>Finalmente, subray\u00f3 la importancia de gestionar mejoras en la infraestructura carretera, al considerar que contar con v\u00edas de comunicaci\u00f3n en buen estado podr\u00eda detonar una mayor afluencia de visitantes y, con ello, un repunte en la econom\u00eda local.<\/p>\n","protected":false},"excerpt":{"rendered":"<p>Por Enedino Hern\u00e1ndez \/ Zunoticia Huejutla, Hgo.- El presidente de la Asociaci\u00f3n de Hoteles y Moteles de Huejutla, Jos\u00e9 Luis Aguirre Zavala, inform\u00f3 que actualmente la ocupaci\u00f3n hotelera en la ciudad se encuentra a niveles muy bajos, situaci\u00f3n que atribuye a diversos factores econ\u00f3micos y de infraestructura. Se\u00f1al\u00f3 que la falta de promoci\u00f3n tur\u00edstica ha&hellip; <a class=\"more-link\" href=\"https:\/\/www.zunoticia.com\/noticias-de-hidalgo\/2026\/04\/22\/baja-ocupacion-hotelera-preocupa-al-sector-en-huejutla\/\">Seguir leyendo <span class=\"screen-reader-text\">Baja ocupaci\u00f3n hotelera preocupa al sector en Huejutla<\/span><\/a><\/p>\n","protected":false},"author":20,"featured_media":634298,"comment_status":"open","ping_status":"open","sticky":false,"template":"","format":"standard","meta":{"rop_custom_images_group":[],"rop_custom_messages_group":[],"rop_publish_now":"initial","rop_publish_now_accounts":{"facebook_10159540855086992_322828327761733":""},"rop_publish_now_history":[],"rop_publish_now_status":"pending","footnotes":""},"categories":[181],"tags":[121],"class_list":["post-634297","post","type-post","status-publish","format-standard","has-post-thumbnail","hentry","category-huejutla","tag-huejutla","entry"],"_links":{"self":[{"href":"https:\/\/www.zunoticia.com\/noticias-de-hidalgo\/wp-json\/wp\/v2\/posts\/634297","targetHints":{"allow":["GET"]}}],"collection":[{"href":"https:\/\/www.zunoticia.com\/noticias-de-hidalgo\/wp-json\/wp\/v2\/posts"}],"about":[{"href":"https:\/\/www.zunoticia.com\/noticias-de-hidalgo\/wp-json\/wp\/v2\/types\/post"}],"author":[{"embeddable":true,"href":"https:\/\/www.zunoticia.com\/noticias-de-hidalgo\/wp-json\/wp\/v2\/users\/20"}],"replies":[{"embeddable":true,"href":"https:\/\/www.zunoticia.com\/noticias-de-hidalgo\/wp-json\/wp\/v2\/comments?post=634297"}],"version-history":[{"count":1,"href":"https:\/\/www.zunoticia.com\/noticias-de-hidalgo\/wp-json\/wp\/v2\/posts\/634297\/revisions"}],"predecessor-version":[{"id":634299,"href":"https:\/\/www.zunoticia.com\/noticias-de-hidalgo\/wp-json\/wp\/v2\/posts\/634297\/revisions\/634299"}],"wp:featuredmedia":[{"embeddable":true,"href":"https:\/\/www.zunoticia.com\/noticias-de-hidalgo\/wp-json\/wp\/v2\/media\/634298"}],"wp:attachment":[{"href":"https:\/\/www.zunoticia.com\/noticias-de-hidalgo\/wp-json\/wp\/v2\/media?parent=634297"}],"wp:term":[{"taxonomy":"category","embeddable":true,"href":"https:\/\/www.zunoticia.com\/noticias-de-hidalgo\/wp-json\/wp\/v2\/categories?post=634297"},{"taxonomy":"post_tag","embeddable":true,"href":"https:\/\/www.zunoticia.com\/noticias-de-hidalgo\/wp-json\/wp\/v2\/tags?post=634297"}],"curies":[{"name":"wp","href":"https:\/\/api.w.org\/{rel}","templated":true}]}}