{"id":634300,"date":"2026-04-22T16:45:14","date_gmt":"2026-04-22T22:45:14","guid":{"rendered":"https:\/\/www.zunoticia.com\/noticias-de-hidalgo\/?p=634300"},"modified":"2026-04-22T16:45:17","modified_gmt":"2026-04-22T22:45:17","slug":"jubilados-de-huejutla-se-preparan-para-participar-en-desfile-del-primero-de-mayo","status":"publish","type":"post","link":"https:\/\/www.zunoticia.com\/noticias-de-hidalgo\/2026\/04\/22\/jubilados-de-huejutla-se-preparan-para-participar-en-desfile-del-primero-de-mayo\/","title":{"rendered":"Jubilados de Huejutla se preparan para participar en desfile del Primero de Mayo"},"content":{"rendered":"<aside class=\"mashsb-container mashsb-main mashsb-stretched\"><div class=\"mashsb-box\"><div class=\"mashsb-count mash-large\" style=\"float:left\"><div class=\"counts mashsbcount\">0<\/div><span class=\"mashsb-sharetext\">SHARES<\/span><\/div><div class=\"mashsb-buttons\"><a class=\"mashicon-facebook mash-large mash-center mashsb-noshadow\" href=\"https:\/\/www.facebook.com\/sharer.php?u=https%3A%2F%2Fwww.zunoticia.com%2Fnoticias-de-hidalgo%2F2026%2F04%2F22%2Fjubilados-de-huejutla-se-preparan-para-participar-en-desfile-del-primero-de-mayo%2F\" target=\"_top\" rel=\"nofollow\"><span class=\"icon\"><\/span><span class=\"text\">Share<\/span><\/a><a class=\"mashicon-twitter mash-large mash-center mashsb-noshadow\" href=\"https:\/\/twitter.com\/intent\/tweet?text=&amp;url=https:\/\/www.zunoticia.com\/noticias-de-hidalgo\/2026\/04\/22\/jubilados-de-huejutla-se-preparan-para-participar-en-desfile-del-primero-de-mayo\/\" target=\"_top\" rel=\"nofollow\"><span class=\"icon\"><\/span><span class=\"text\">Tweet<\/span><\/a><div class=\"onoffswitch2 mash-large mashsb-noshadow\" style=\"display:none\"><\/div><\/div>\n            <\/div>\n                <div style=\"clear:both\"><\/div><div class=\"mashsb-toggle-container\"><\/div><\/aside>\n            <!-- Share buttons by mashshare.net - Version: 4.0.47-->\n<p><em>Por Enedino Hern\u00e1ndez \/ Zunoticia<\/em><\/p>\n\n\n\n<p><strong>Huejutla, Hgo<\/strong>.- Un promedio de 750 agremiados al Sindicato de Jubilados y Pensionados de Huejutla de Reyes se alistan para participar en el desfile conmemorativo del D\u00eda del Trabajo, que se llevar\u00e1 a cabo el pr\u00f3ximo primero de mayo en la ciudad de Pachuca.<\/p>\n\n\n\n<p>El secretario general del gremio, Francisco Javier Rivera Castillo, inform\u00f3 que esta participaci\u00f3n se realiza a\u00f1o con a\u00f1o, y en esta ocasi\u00f3n contemplan el traslado de los contingentes en al menos tres autobuses, adem\u00e1s de veh\u00edculos particulares en los que tambi\u00e9n viajar\u00e1n varios jubilados.<\/p>\n\n\n\n<p>\u201cTenemos que estar all\u00e1 a las seis y media de la ma\u00f1ana, ya que iniciamos nuestra participaci\u00f3n despu\u00e9s de las siete, porque somos de los primeros en desfilar, para ello ya estamos prepar\u00e1ndonos\u201d.<\/p>\n\n\n\n<p>El dirigente sindical se\u00f1al\u00f3 que durante esta movilizaci\u00f3n tambi\u00e9n se busca visibilizar diversas demandas del sector, destacando principalmente el desabasto de medicamentos en el Instituto de Seguridad y Servicios Sociales de los Trabajadores del Estado (ISSSTE) \u201cnecesitamos que se garantice el suministro de medicamentos, ya que actualmente no se cuenta con la totalidad de estos en el ISSSTE\u201d.<\/p>\n\n\n\n<p>Francisco Javier Rivera Castillo, agreg\u00f3 que, pese al entusiasmo de los agremiados, algunos no podr\u00e1n acudir debido a problemas de salud, ya que muchos padecen enfermedades como hipertensi\u00f3n o diabetes, lo que les impide realizar el viaje.<\/p>\n\n\n\n<p>Finalmente, reiter\u00f3 el llamado a la unidad del gremio, destacando que quienes se encuentren en condiciones de asistir participar\u00e1n en el desfile para respaldar las causas del sindicato y fortalecer la representaci\u00f3n del sector jubilado.<\/p>\n","protected":false},"excerpt":{"rendered":"<p>Por Enedino Hern\u00e1ndez \/ Zunoticia Huejutla, Hgo.- Un promedio de 750 agremiados al Sindicato de Jubilados y Pensionados de Huejutla de Reyes se alistan para participar en el desfile conmemorativo del D\u00eda del Trabajo, que se llevar\u00e1 a cabo el pr\u00f3ximo primero de mayo en la ciudad de Pachuca. El secretario general del gremio, Francisco&hellip; <a class=\"more-link\" href=\"https:\/\/www.zunoticia.com\/noticias-de-hidalgo\/2026\/04\/22\/jubilados-de-huejutla-se-preparan-para-participar-en-desfile-del-primero-de-mayo\/\">Seguir leyendo <span class=\"screen-reader-text\">Jubilados de Huejutla se preparan para participar en desfile del Primero de Mayo<\/span><\/a><\/p>\n","protected":false},"author":20,"featured_media":634301,"comment_status":"open","ping_status":"open","sticky":false,"template":"","format":"standard","meta":{"rop_custom_images_group":[],"rop_custom_messages_group":[],"rop_publish_now":"initial","rop_publish_now_accounts":{"facebook_10159540855086992_322828327761733":""},"rop_publish_now_history":[],"rop_publish_now_status":"pending","footnotes":""},"categories":[181],"tags":[121],"class_list":["post-634300","post","type-post","status-publish","format-standard","has-post-thumbnail","hentry","category-huejutla","tag-huejutla","entry"],"_links":{"self":[{"href":"https:\/\/www.zunoticia.com\/noticias-de-hidalgo\/wp-json\/wp\/v2\/posts\/634300","targetHints":{"allow":["GET"]}}],"collection":[{"href":"https:\/\/www.zunoticia.com\/noticias-de-hidalgo\/wp-json\/wp\/v2\/posts"}],"about":[{"href":"https:\/\/www.zunoticia.com\/noticias-de-hidalgo\/wp-json\/wp\/v2\/types\/post"}],"author":[{"embeddable":true,"href":"https:\/\/www.zunoticia.com\/noticias-de-hidalgo\/wp-json\/wp\/v2\/users\/20"}],"replies":[{"embeddable":true,"href":"https:\/\/www.zunoticia.com\/noticias-de-hidalgo\/wp-json\/wp\/v2\/comments?post=634300"}],"version-history":[{"count":1,"href":"https:\/\/www.zunoticia.com\/noticias-de-hidalgo\/wp-json\/wp\/v2\/posts\/634300\/revisions"}],"predecessor-version":[{"id":634302,"href":"https:\/\/www.zunoticia.com\/noticias-de-hidalgo\/wp-json\/wp\/v2\/posts\/634300\/revisions\/634302"}],"wp:featuredmedia":[{"embeddable":true,"href":"https:\/\/www.zunoticia.com\/noticias-de-hidalgo\/wp-json\/wp\/v2\/media\/634301"}],"wp:attachment":[{"href":"https:\/\/www.zunoticia.com\/noticias-de-hidalgo\/wp-json\/wp\/v2\/media?parent=634300"}],"wp:term":[{"taxonomy":"category","embeddable":true,"href":"https:\/\/www.zunoticia.com\/noticias-de-hidalgo\/wp-json\/wp\/v2\/categories?post=634300"},{"taxonomy":"post_tag","embeddable":true,"href":"https:\/\/www.zunoticia.com\/noticias-de-hidalgo\/wp-json\/wp\/v2\/tags?post=634300"}],"curies":[{"name":"wp","href":"https:\/\/api.w.org\/{rel}","templated":true}]}}