{"id":634310,"date":"2026-04-22T17:00:22","date_gmt":"2026-04-22T23:00:22","guid":{"rendered":"https:\/\/www.zunoticia.com\/noticias-de-hidalgo\/?p=634310"},"modified":"2026-04-22T17:00:27","modified_gmt":"2026-04-22T23:00:27","slug":"destacan-participacion-de-medicos-tradicionales-en-jardin-botanico-del-centro-de-salud","status":"publish","type":"post","link":"https:\/\/www.zunoticia.com\/noticias-de-hidalgo\/2026\/04\/22\/destacan-participacion-de-medicos-tradicionales-en-jardin-botanico-del-centro-de-salud\/","title":{"rendered":"Destacan participaci\u00f3n de M\u00e9dicos Tradicionales en Jard\u00edn Bot\u00e1nico del Centro de Salud"},"content":{"rendered":"<aside class=\"mashsb-container mashsb-main mashsb-stretched\"><div class=\"mashsb-box\"><div class=\"mashsb-count mash-large\" style=\"float:left\"><div class=\"counts mashsbcount\">0<\/div><span class=\"mashsb-sharetext\">SHARES<\/span><\/div><div class=\"mashsb-buttons\"><a class=\"mashicon-facebook mash-large mash-center mashsb-noshadow\" href=\"https:\/\/www.facebook.com\/sharer.php?u=https%3A%2F%2Fwww.zunoticia.com%2Fnoticias-de-hidalgo%2F2026%2F04%2F22%2Fdestacan-participacion-de-medicos-tradicionales-en-jardin-botanico-del-centro-de-salud%2F\" target=\"_top\" rel=\"nofollow\"><span class=\"icon\"><\/span><span class=\"text\">Share<\/span><\/a><a class=\"mashicon-twitter mash-large mash-center mashsb-noshadow\" href=\"https:\/\/twitter.com\/intent\/tweet?text=&amp;url=https:\/\/www.zunoticia.com\/noticias-de-hidalgo\/2026\/04\/22\/destacan-participacion-de-medicos-tradicionales-en-jardin-botanico-del-centro-de-salud\/\" target=\"_top\" rel=\"nofollow\"><span class=\"icon\"><\/span><span class=\"text\">Tweet<\/span><\/a><div class=\"onoffswitch2 mash-large mashsb-noshadow\" style=\"display:none\"><\/div><\/div>\n            <\/div>\n                <div style=\"clear:both\"><\/div><div class=\"mashsb-toggle-container\"><\/div><\/aside>\n            <!-- Share buttons by mashshare.net - Version: 4.0.47-->\n<p><em>Por Enedino Hern\u00e1ndez \/ Zunoticia<\/em><\/p>\n\n\n\n<p><strong>Huejutla, Hgo<\/strong>.- Sonia Guill\u00e9n Hern\u00e1ndez, responsable de M\u00e9dicos Tradicionales del Sector Salud en la Huasteca, destac\u00f3 la participaci\u00f3n de m\u00e1s de 250 m\u00e9dicos tradicionales en la creaci\u00f3n del Jard\u00edn Bot\u00e1nico inaugurado en el Centro de Salud de Huejutla, en el marco del D\u00eda Internacional de la Madre Tierra.<\/p>\n\n\n\n<p>Explic\u00f3 que este espacio forma parte del modelo impulsado por el programa IMSS-Bienestar, el cual contempla la implementaci\u00f3n de jardines bot\u00e1nicos en unidades de primer nivel para fortalecer la medicina tradicional y su integraci\u00f3n con la medicina cient\u00edfica.<\/p>\n\n\n\n<p>Se\u00f1al\u00f3 que el proyecto comenz\u00f3 a desarrollarse desde el a\u00f1o 2020, cuando se inici\u00f3 el trabajo de siembra y conservaci\u00f3n de diversas especies medicinales, algunas de ellas con varios a\u00f1os de crecimiento.<\/p>\n\n\n\n<figure class=\"wp-block-gallery has-nested-images columns-default is-cropped wp-block-gallery-1 is-layout-flex wp-block-gallery-is-layout-flex\">\n<figure class=\"wp-block-image size-large\"><img fetchpriority=\"high\" decoding=\"async\" width=\"933\" height=\"524\" data-id=\"634312\" src=\"https:\/\/www.zunoticia.com\/noticias-de-hidalgo\/wp-content\/uploads\/2026\/04\/Zunoticia-Huejutla-2-56.png\" alt=\"\" class=\"wp-image-634312\" srcset=\"https:\/\/www.zunoticia.com\/noticias-de-hidalgo\/wp-content\/uploads\/2026\/04\/Zunoticia-Huejutla-2-56.png 933w, https:\/\/www.zunoticia.com\/noticias-de-hidalgo\/wp-content\/uploads\/2026\/04\/Zunoticia-Huejutla-2-56-300x168.png 300w, https:\/\/www.zunoticia.com\/noticias-de-hidalgo\/wp-content\/uploads\/2026\/04\/Zunoticia-Huejutla-2-56-768x431.png 768w\" sizes=\"(max-width: 933px) 100vw, 933px\" \/><\/figure>\n\n\n\n<figure class=\"wp-block-image size-large\"><img decoding=\"async\" width=\"933\" height=\"524\" data-id=\"634313\" src=\"https:\/\/www.zunoticia.com\/noticias-de-hidalgo\/wp-content\/uploads\/2026\/04\/Zunoticia-Huejutla-1-146.png\" alt=\"\" class=\"wp-image-634313\" srcset=\"https:\/\/www.zunoticia.com\/noticias-de-hidalgo\/wp-content\/uploads\/2026\/04\/Zunoticia-Huejutla-1-146.png 933w, https:\/\/www.zunoticia.com\/noticias-de-hidalgo\/wp-content\/uploads\/2026\/04\/Zunoticia-Huejutla-1-146-300x168.png 300w, https:\/\/www.zunoticia.com\/noticias-de-hidalgo\/wp-content\/uploads\/2026\/04\/Zunoticia-Huejutla-1-146-768x431.png 768w\" sizes=\"(max-width: 933px) 100vw, 933px\" \/><\/figure>\n<\/figure>\n\n\n\n<p>Asimismo, indic\u00f3 que cada m\u00e9dico tradicional tuvo la tarea de resguardar plantas en sus hogares para posteriormente trasplantarlas al \u00e1rea destinada dentro del Centro de Salud en Huejutla.<\/p>\n\n\n\n<p>Sonia Guill\u00e9n Hern\u00e1ndez, subray\u00f3 que el objetivo principal del Jard\u00edn Bot\u00e1nico es preservar el conocimiento ancestral sobre el uso de plantas medicinales, utilizadas para tratar diversos padecimientos como c\u00f3licos, fiebre, diarrea, entre otros, adem\u00e1s de su aplicaci\u00f3n en pr\u00e1cticas tradicionales como la parter\u00eda y los masajes.<\/p>\n\n\n\n<p>Record\u00f3 que durante la pandemia por COVID-19, la medicina tradicional cobr\u00f3 relevancia, ya que muchas personas recurrieron a estos conocimientos ante la saturaci\u00f3n de los servicios de salud, lo que permiti\u00f3 retomar pr\u00e1cticas ancestrales en el cuidado de la salud.<\/p>\n\n\n\n<p>Afirm\u00f3 que la medicina tradicional y la cient\u00edfica no est\u00e1n en conflicto, sino que pueden complementarse para brindar una mejor atenci\u00f3n a la poblaci\u00f3n y detall\u00f3 que, aunque actualmente existen m\u00e1s de 250 m\u00e9dicos tradicionales en la regi\u00f3n, alrededor de 120 participaron en la inauguraci\u00f3n del Jard\u00edn Bot\u00e1nico y en la demostraci\u00f3n de estas pr\u00e1cticas.<\/p>\n\n\n\n<p>Finalmente, mencion\u00f3 que durante el evento tambi\u00e9n se realiz\u00f3 un ritual y ofrenda a la Madre Tierra, destacando la importancia de mantener el v\u00ednculo con la naturaleza, reconocer su valor y agradecer los recursos que brinda para la vida y la salud de las comunidades, especialmente en las zonas rurales de la Huasteca donde prevalecen pr\u00e1cticas como el cultivo y el trueque de productos.<\/p>\n","protected":false},"excerpt":{"rendered":"<p>Por Enedino Hern\u00e1ndez \/ Zunoticia Huejutla, Hgo.- Sonia Guill\u00e9n Hern\u00e1ndez, responsable de M\u00e9dicos Tradicionales del Sector Salud en la Huasteca, destac\u00f3 la participaci\u00f3n de m\u00e1s de 250 m\u00e9dicos tradicionales en la creaci\u00f3n del Jard\u00edn Bot\u00e1nico inaugurado en el Centro de Salud de Huejutla, en el marco del D\u00eda Internacional de la Madre Tierra. Explic\u00f3 que&hellip; <a class=\"more-link\" href=\"https:\/\/www.zunoticia.com\/noticias-de-hidalgo\/2026\/04\/22\/destacan-participacion-de-medicos-tradicionales-en-jardin-botanico-del-centro-de-salud\/\">Seguir leyendo <span class=\"screen-reader-text\">Destacan participaci\u00f3n de M\u00e9dicos Tradicionales en Jard\u00edn Bot\u00e1nico del Centro de Salud<\/span><\/a><\/p>\n","protected":false},"author":20,"featured_media":634311,"comment_status":"open","ping_status":"open","sticky":false,"template":"","format":"standard","meta":{"rop_custom_images_group":[],"rop_custom_messages_group":[],"rop_publish_now":"initial","rop_publish_now_accounts":{"facebook_10159540855086992_322828327761733":""},"rop_publish_now_history":[],"rop_publish_now_status":"pending","footnotes":""},"categories":[181],"tags":[121],"class_list":["post-634310","post","type-post","status-publish","format-standard","has-post-thumbnail","hentry","category-huejutla","tag-huejutla","entry"],"_links":{"self":[{"href":"https:\/\/www.zunoticia.com\/noticias-de-hidalgo\/wp-json\/wp\/v2\/posts\/634310","targetHints":{"allow":["GET"]}}],"collection":[{"href":"https:\/\/www.zunoticia.com\/noticias-de-hidalgo\/wp-json\/wp\/v2\/posts"}],"about":[{"href":"https:\/\/www.zunoticia.com\/noticias-de-hidalgo\/wp-json\/wp\/v2\/types\/post"}],"author":[{"embeddable":true,"href":"https:\/\/www.zunoticia.com\/noticias-de-hidalgo\/wp-json\/wp\/v2\/users\/20"}],"replies":[{"embeddable":true,"href":"https:\/\/www.zunoticia.com\/noticias-de-hidalgo\/wp-json\/wp\/v2\/comments?post=634310"}],"version-history":[{"count":1,"href":"https:\/\/www.zunoticia.com\/noticias-de-hidalgo\/wp-json\/wp\/v2\/posts\/634310\/revisions"}],"predecessor-version":[{"id":634314,"href":"https:\/\/www.zunoticia.com\/noticias-de-hidalgo\/wp-json\/wp\/v2\/posts\/634310\/revisions\/634314"}],"wp:featuredmedia":[{"embeddable":true,"href":"https:\/\/www.zunoticia.com\/noticias-de-hidalgo\/wp-json\/wp\/v2\/media\/634311"}],"wp:attachment":[{"href":"https:\/\/www.zunoticia.com\/noticias-de-hidalgo\/wp-json\/wp\/v2\/media?parent=634310"}],"wp:term":[{"taxonomy":"category","embeddable":true,"href":"https:\/\/www.zunoticia.com\/noticias-de-hidalgo\/wp-json\/wp\/v2\/categories?post=634310"},{"taxonomy":"post_tag","embeddable":true,"href":"https:\/\/www.zunoticia.com\/noticias-de-hidalgo\/wp-json\/wp\/v2\/tags?post=634310"}],"curies":[{"name":"wp","href":"https:\/\/api.w.org\/{rel}","templated":true}]}}