{"id":634369,"date":"2026-04-22T20:17:57","date_gmt":"2026-04-23T02:17:57","guid":{"rendered":"https:\/\/www.zunoticia.com\/noticias-de-hidalgo\/?p=634369"},"modified":"2026-04-22T20:17:58","modified_gmt":"2026-04-23T02:17:58","slug":"upe-recibe-mencion-honorifica-en-el-premio-de-excelencia-dual-2026","status":"publish","type":"post","link":"https:\/\/www.zunoticia.com\/noticias-de-hidalgo\/2026\/04\/22\/upe-recibe-mencion-honorifica-en-el-premio-de-excelencia-dual-2026\/","title":{"rendered":"UPE recibe Menci\u00f3n Honor\u00edfica en el Premio de Excelencia Dual 2026"},"content":{"rendered":"<aside class=\"mashsb-container mashsb-main mashsb-stretched\"><div class=\"mashsb-box\"><div class=\"mashsb-count mash-large\" style=\"float:left\"><div class=\"counts mashsbcount\">0<\/div><span class=\"mashsb-sharetext\">SHARES<\/span><\/div><div class=\"mashsb-buttons\"><a class=\"mashicon-facebook mash-large mash-center mashsb-noshadow\" href=\"https:\/\/www.facebook.com\/sharer.php?u=https%3A%2F%2Fwww.zunoticia.com%2Fnoticias-de-hidalgo%2F2026%2F04%2F22%2Fupe-recibe-mencion-honorifica-en-el-premio-de-excelencia-dual-2026%2F\" target=\"_top\" rel=\"nofollow\"><span class=\"icon\"><\/span><span class=\"text\">Share<\/span><\/a><a class=\"mashicon-twitter mash-large mash-center mashsb-noshadow\" href=\"https:\/\/twitter.com\/intent\/tweet?text=&amp;url=https:\/\/www.zunoticia.com\/noticias-de-hidalgo\/2026\/04\/22\/upe-recibe-mencion-honorifica-en-el-premio-de-excelencia-dual-2026\/\" target=\"_top\" rel=\"nofollow\"><span class=\"icon\"><\/span><span class=\"text\">Tweet<\/span><\/a><div class=\"onoffswitch2 mash-large mashsb-noshadow\" style=\"display:none\"><\/div><\/div>\n            <\/div>\n                <div style=\"clear:both\"><\/div><div class=\"mashsb-toggle-container\"><\/div><\/aside>\n            <!-- Share buttons by mashshare.net - Version: 4.0.47-->\n<ul class=\"wp-block-list\">\n<li>Destacan el fortalecimiento de la formaci\u00f3n dual y la inserci\u00f3n laboral de estudiantes.<\/li>\n<\/ul>\n\n\n\n<p><em>Por Redacci\u00f3n\/Zunoticia<\/em><\/p>\n\n\n\n<p><strong>Pachuca de Soto, Hgo.-<\/strong> La Universidad Polit\u00e9cnica de la Energ\u00eda (UPE) fue distinguida con dos menciones honor\u00edficas en el Premio de Excelencia Dual 2026, en la categor\u00eda \u201cGestor de Vinculaci\u00f3n\u201d, reconocimiento que destaca las mejores pr\u00e1cticas en la implementaci\u00f3n del Modelo de Educaci\u00f3n Dual en M\u00e9xico.<\/p>\n\n\n\n<p>Este reconocimiento se otorga como parte de la segunda edici\u00f3n del Premio de Excelencia Dual, iniciativa impulsada por la C\u00e1mara Mexicano-Alemana de Comercio e Industria, el Consejo Coordinador Empresarial (CCE), la Secretar\u00eda de Educaci\u00f3n P\u00fablica (SEP) y la Deutsche Gesellschaft f\u00fcr Internationale Zusammenarbeit, organismos que promueven la calidad, la vinculaci\u00f3n entre instituciones educativas y el sector productivo, as\u00ed como el fortalecimiento de la formaci\u00f3n profesional en entornos reales.<\/p>\n\n\n\n<p>La menci\u00f3n honor\u00edfica reconoce el trabajo en materia de vinculaci\u00f3n, particularmente en la consolidaci\u00f3n de alianzas estrat\u00e9gicas, el acompa\u00f1amiento a estudiantes y la implementaci\u00f3n de estrategias que favorecen su integraci\u00f3n en espacios laborales acordes a su perfil acad\u00e9mico.<\/p>\n\n\n\n<figure class=\"wp-block-image size-large\"><img fetchpriority=\"high\" decoding=\"async\" width=\"1024\" height=\"538\" src=\"https:\/\/www.zunoticia.com\/noticias-de-hidalgo\/wp-content\/uploads\/2026\/04\/upe2-1024x538.jpg\" alt=\"\" class=\"wp-image-634341\" srcset=\"https:\/\/www.zunoticia.com\/noticias-de-hidalgo\/wp-content\/uploads\/2026\/04\/upe2-1024x538.jpg 1024w, https:\/\/www.zunoticia.com\/noticias-de-hidalgo\/wp-content\/uploads\/2026\/04\/upe2-300x158.jpg 300w, https:\/\/www.zunoticia.com\/noticias-de-hidalgo\/wp-content\/uploads\/2026\/04\/upe2-768x403.jpg 768w, https:\/\/www.zunoticia.com\/noticias-de-hidalgo\/wp-content\/uploads\/2026\/04\/upe2.jpg 1200w\" sizes=\"(max-width: 1024px) 100vw, 1024px\" \/><\/figure>\n\n\n\n<p>La rectora Brenda Flores Alarc\u00f3n, inform\u00f3 que a trav\u00e9s del Modelo de Educaci\u00f3n Dual, la UPE ha fortalecido la formaci\u00f3n de sus estudiantes, al permitirles desarrollar competencias t\u00e9cnicas y profesionales en escenarios reales, alineados a las necesidades del sector energ\u00e9tico e industrial.<\/p>\n\n\n\n<p>Adem\u00e1s, este logro reafirma el compromiso de la UPE con la excelencia acad\u00e9mica, la innovaci\u00f3n educativa y la vinculaci\u00f3n estrat\u00e9gica como pilares para el desarrollo del talento joven.<\/p>\n\n\n\n<p>Este reconocimiento se enmarca en la pol\u00edtica educativa impulsada por el gobernador Julio Menchaca Salazar y el secretario de Educaci\u00f3n P\u00fablica de Hidalgo, Natividad Castrej\u00f3n Valdez, orientada a fortalecer la formaci\u00f3n profesional y la vinculaci\u00f3n con el sector productivo.<\/p>\n","protected":false},"excerpt":{"rendered":"<p>Por Redacci\u00f3n\/Zunoticia Pachuca de Soto, Hgo.- La Universidad Polit\u00e9cnica de la Energ\u00eda (UPE) fue distinguida con dos menciones honor\u00edficas en el Premio de Excelencia Dual 2026, en la categor\u00eda \u201cGestor de Vinculaci\u00f3n\u201d, reconocimiento que destaca las mejores pr\u00e1cticas en la implementaci\u00f3n del Modelo de Educaci\u00f3n Dual en M\u00e9xico. Este reconocimiento se otorga como parte de&hellip; <a class=\"more-link\" href=\"https:\/\/www.zunoticia.com\/noticias-de-hidalgo\/2026\/04\/22\/upe-recibe-mencion-honorifica-en-el-premio-de-excelencia-dual-2026\/\">Seguir leyendo <span class=\"screen-reader-text\">UPE recibe Menci\u00f3n Honor\u00edfica en el Premio de Excelencia Dual 2026<\/span><\/a><\/p>\n","protected":false},"author":13,"featured_media":634340,"comment_status":"open","ping_status":"open","sticky":false,"template":"","format":"standard","meta":{"rop_custom_images_group":[],"rop_custom_messages_group":[],"rop_publish_now":"initial","rop_publish_now_accounts":{"facebook_10159540855086992_322828327761733":""},"rop_publish_now_history":[],"rop_publish_now_status":"pending","footnotes":""},"categories":[208],"tags":[214],"class_list":["post-634369","post","type-post","status-publish","format-standard","has-post-thumbnail","hentry","category-estado","tag-estado","entry"],"_links":{"self":[{"href":"https:\/\/www.zunoticia.com\/noticias-de-hidalgo\/wp-json\/wp\/v2\/posts\/634369","targetHints":{"allow":["GET"]}}],"collection":[{"href":"https:\/\/www.zunoticia.com\/noticias-de-hidalgo\/wp-json\/wp\/v2\/posts"}],"about":[{"href":"https:\/\/www.zunoticia.com\/noticias-de-hidalgo\/wp-json\/wp\/v2\/types\/post"}],"author":[{"embeddable":true,"href":"https:\/\/www.zunoticia.com\/noticias-de-hidalgo\/wp-json\/wp\/v2\/users\/13"}],"replies":[{"embeddable":true,"href":"https:\/\/www.zunoticia.com\/noticias-de-hidalgo\/wp-json\/wp\/v2\/comments?post=634369"}],"version-history":[{"count":1,"href":"https:\/\/www.zunoticia.com\/noticias-de-hidalgo\/wp-json\/wp\/v2\/posts\/634369\/revisions"}],"predecessor-version":[{"id":634370,"href":"https:\/\/www.zunoticia.com\/noticias-de-hidalgo\/wp-json\/wp\/v2\/posts\/634369\/revisions\/634370"}],"wp:featuredmedia":[{"embeddable":true,"href":"https:\/\/www.zunoticia.com\/noticias-de-hidalgo\/wp-json\/wp\/v2\/media\/634340"}],"wp:attachment":[{"href":"https:\/\/www.zunoticia.com\/noticias-de-hidalgo\/wp-json\/wp\/v2\/media?parent=634369"}],"wp:term":[{"taxonomy":"category","embeddable":true,"href":"https:\/\/www.zunoticia.com\/noticias-de-hidalgo\/wp-json\/wp\/v2\/categories?post=634369"},{"taxonomy":"post_tag","embeddable":true,"href":"https:\/\/www.zunoticia.com\/noticias-de-hidalgo\/wp-json\/wp\/v2\/tags?post=634369"}],"curies":[{"name":"wp","href":"https:\/\/api.w.org\/{rel}","templated":true}]}}