{"id":634371,"date":"2026-04-22T20:21:08","date_gmt":"2026-04-23T02:21:08","guid":{"rendered":"https:\/\/www.zunoticia.com\/noticias-de-hidalgo\/?p=634371"},"modified":"2026-04-22T20:21:09","modified_gmt":"2026-04-23T02:21:09","slug":"sebiso-convoca-a-artesanos-a-participar-en-la-feria-san-francisco-2026","status":"publish","type":"post","link":"https:\/\/www.zunoticia.com\/noticias-de-hidalgo\/2026\/04\/22\/sebiso-convoca-a-artesanos-a-participar-en-la-feria-san-francisco-2026\/","title":{"rendered":"Sebiso convoca a artesanos a participar en la Feria San Francisco 2026"},"content":{"rendered":"<aside class=\"mashsb-container mashsb-main mashsb-stretched\"><div class=\"mashsb-box\"><div class=\"mashsb-count mash-large\" style=\"float:left\"><div class=\"counts mashsbcount\">0<\/div><span class=\"mashsb-sharetext\">SHARES<\/span><\/div><div class=\"mashsb-buttons\"><a class=\"mashicon-facebook mash-large mash-center mashsb-noshadow\" href=\"https:\/\/www.facebook.com\/sharer.php?u=https%3A%2F%2Fwww.zunoticia.com%2Fnoticias-de-hidalgo%2F2026%2F04%2F22%2Fsebiso-convoca-a-artesanos-a-participar-en-la-feria-san-francisco-2026%2F\" target=\"_top\" rel=\"nofollow\"><span class=\"icon\"><\/span><span class=\"text\">Share<\/span><\/a><a class=\"mashicon-twitter mash-large mash-center mashsb-noshadow\" href=\"https:\/\/twitter.com\/intent\/tweet?text=&amp;url=https:\/\/www.zunoticia.com\/noticias-de-hidalgo\/2026\/04\/22\/sebiso-convoca-a-artesanos-a-participar-en-la-feria-san-francisco-2026\/\" target=\"_top\" rel=\"nofollow\"><span class=\"icon\"><\/span><span class=\"text\">Tweet<\/span><\/a><div class=\"onoffswitch2 mash-large mashsb-noshadow\" style=\"display:none\"><\/div><\/div>\n            <\/div>\n                <div style=\"clear:both\"><\/div><div class=\"mashsb-toggle-container\"><\/div><\/aside>\n            <!-- Share buttons by mashshare.net - Version: 4.0.47-->\n<ul class=\"wp-block-list\">\n<li>Del 27 al 30 de abril podr\u00e1n registrarse para obtener un espacio gratuito de exhibici\u00f3n y venta.<\/li>\n<\/ul>\n\n\n\n<p><em>Por Redacci\u00f3n\/Zunoticia<\/em><\/p>\n\n\n\n<p><strong>Pachuca de Soto, Hgo.-<\/strong> Con el objetivo de impulsar el talento local y fortalecer la econom\u00eda de las familias hidalguenses, el gobierno de Julio Menchaca Salazar otorgar\u00e1 de forma gratuita, espacios comerciales en el Pabell\u00f3n Artesanal y Gastron\u00f3mico Artesanal de la Feria San Francisco 2026.<\/p>\n\n\n\n<p>El titular de la Secretar\u00eda de Bienestar e Inclusi\u00f3n Social (Sebiso), Ricardo G\u00f3mez Moreno, anunci\u00f3 la apertura de la convocatoria para la asignaci\u00f3n de estos espacios, que brindan una oportunidad para que las y los artesanos den a conocer sus productos y compartan la riqueza cultural del estado.<\/p>\n\n\n\n<figure class=\"wp-block-image size-large\"><img fetchpriority=\"high\" decoding=\"async\" width=\"1024\" height=\"538\" src=\"https:\/\/www.zunoticia.com\/noticias-de-hidalgo\/wp-content\/uploads\/2026\/04\/sebiso2-1024x538.jpg\" alt=\"\" class=\"wp-image-634348\" srcset=\"https:\/\/www.zunoticia.com\/noticias-de-hidalgo\/wp-content\/uploads\/2026\/04\/sebiso2-1024x538.jpg 1024w, https:\/\/www.zunoticia.com\/noticias-de-hidalgo\/wp-content\/uploads\/2026\/04\/sebiso2-300x158.jpg 300w, https:\/\/www.zunoticia.com\/noticias-de-hidalgo\/wp-content\/uploads\/2026\/04\/sebiso2-768x403.jpg 768w, https:\/\/www.zunoticia.com\/noticias-de-hidalgo\/wp-content\/uploads\/2026\/04\/sebiso2.jpg 1200w\" sizes=\"(max-width: 1024px) 100vw, 1024px\" \/><\/figure>\n\n\n\n<p>\u201cA trav\u00e9s de la Subsecretar\u00eda de Participaci\u00f3n Social y Fomento Artesanal trabajamos para generar espacios que reconozcan el esfuerzo de las personas artesanas y les permitan mejorar sus ingresos\u201d, se\u00f1al\u00f3.<\/p>\n\n\n\n<p>La recepci\u00f3n de solicitudes se llevar\u00e1 a cabo del 27 al 30 de abril, en un horario de 10:00 a 15:00 horas, en las instalaciones de la Feria, ubicadas en la carretera M\u00e9xico\u2013Pachuca, km 84.5, colonia Juan C. Doria, en Pachuca.<\/p>\n\n\n\n<p>La convocatoria est\u00e1 dirigida a personas artesanas mayores de edad que vivan en el estado de Hidalgo, principalmente de zonas de marginaci\u00f3n, pobreza o poblaci\u00f3n ind\u00edgena, y que cuenten con producci\u00f3n suficiente para su comercializaci\u00f3n.<\/p>\n\n\n\n<p>Como parte del proceso, las y los interesados deber\u00e1n presentar identificaci\u00f3n oficial vigente (INE), CURP, comprobante de domicilio, fotograf\u00edas de sus productos, registro en el Directorio de Personas Artesanas y el Formato \u00danico de Participaci\u00f3n Social (FUPS).<\/p>\n\n\n\n<p>Ser\u00e1 indispensable llevar una pieza artesanal o producto gastron\u00f3mico artesanal al momento del registro para completar su solicitud.<\/p>\n\n\n\n<p>Las artesan\u00edas participantes deben pertenecer a las siguientes categor\u00edas: alfarer\u00eda y cer\u00e1mica; bordados y textiles; madera, cerer\u00eda, metalister\u00eda, orfebrer\u00eda, plater\u00eda y joyer\u00eda; fibras vegetales, cartoner\u00eda y papel; talabarter\u00eda y peleter\u00eda; lapidaria y canter\u00eda; concha y caracol; vidrio y gastronom\u00eda artesanal.<\/p>\n\n\n\n<figure class=\"wp-block-image size-large\"><img decoding=\"async\" width=\"1024\" height=\"538\" src=\"https:\/\/www.zunoticia.com\/noticias-de-hidalgo\/wp-content\/uploads\/2026\/04\/sebiso3-1024x538.jpg\" alt=\"\" class=\"wp-image-634349\" srcset=\"https:\/\/www.zunoticia.com\/noticias-de-hidalgo\/wp-content\/uploads\/2026\/04\/sebiso3-1024x538.jpg 1024w, https:\/\/www.zunoticia.com\/noticias-de-hidalgo\/wp-content\/uploads\/2026\/04\/sebiso3-300x158.jpg 300w, https:\/\/www.zunoticia.com\/noticias-de-hidalgo\/wp-content\/uploads\/2026\/04\/sebiso3-768x403.jpg 768w, https:\/\/www.zunoticia.com\/noticias-de-hidalgo\/wp-content\/uploads\/2026\/04\/sebiso3.jpg 1200w\" sizes=\"(max-width: 1024px) 100vw, 1024px\" \/><\/figure>\n\n\n\n<p>Una vez analizadas las solicitudes y realizada la selecci\u00f3n, los espacios que se otorgar\u00e1n ser\u00e1n completamente gratuitos dentro del Pabell\u00f3n Artesanal y Gastron\u00f3mico, destinado a la venta y exhibici\u00f3n de productos elaborados en la entidad.<\/p>\n\n\n\n<p>Para mayores informes, pueden comunicarse a los tel\u00e9fonos 771 713 0412 y 771 713 0966, o escribir al correo electr\u00f3nico fomento.artesanal@hidalgo.gob.mx<\/p>\n\n\n\n<p>Los resultados se publicar\u00e1n a trav\u00e9s del sitio oficial de la Sebiso y sus redes sociales, por lo que se invita a las y los participantes a mantenerse al pendiente de estos canales de difusi\u00f3n.<\/p>\n","protected":false},"excerpt":{"rendered":"<p>Por Redacci\u00f3n\/Zunoticia Pachuca de Soto, Hgo.- Con el objetivo de impulsar el talento local y fortalecer la econom\u00eda de las familias hidalguenses, el gobierno de Julio Menchaca Salazar otorgar\u00e1 de forma gratuita, espacios comerciales en el Pabell\u00f3n Artesanal y Gastron\u00f3mico Artesanal de la Feria San Francisco 2026. El titular de la Secretar\u00eda de Bienestar e&hellip; <a class=\"more-link\" href=\"https:\/\/www.zunoticia.com\/noticias-de-hidalgo\/2026\/04\/22\/sebiso-convoca-a-artesanos-a-participar-en-la-feria-san-francisco-2026\/\">Seguir leyendo <span class=\"screen-reader-text\">Sebiso convoca a artesanos a participar en la Feria San Francisco 2026<\/span><\/a><\/p>\n","protected":false},"author":13,"featured_media":634347,"comment_status":"open","ping_status":"open","sticky":false,"template":"","format":"standard","meta":{"rop_custom_images_group":[],"rop_custom_messages_group":[],"rop_publish_now":"initial","rop_publish_now_accounts":{"facebook_10159540855086992_322828327761733":""},"rop_publish_now_history":[],"rop_publish_now_status":"pending","footnotes":""},"categories":[208],"tags":[214],"class_list":["post-634371","post","type-post","status-publish","format-standard","has-post-thumbnail","hentry","category-estado","tag-estado","entry"],"_links":{"self":[{"href":"https:\/\/www.zunoticia.com\/noticias-de-hidalgo\/wp-json\/wp\/v2\/posts\/634371","targetHints":{"allow":["GET"]}}],"collection":[{"href":"https:\/\/www.zunoticia.com\/noticias-de-hidalgo\/wp-json\/wp\/v2\/posts"}],"about":[{"href":"https:\/\/www.zunoticia.com\/noticias-de-hidalgo\/wp-json\/wp\/v2\/types\/post"}],"author":[{"embeddable":true,"href":"https:\/\/www.zunoticia.com\/noticias-de-hidalgo\/wp-json\/wp\/v2\/users\/13"}],"replies":[{"embeddable":true,"href":"https:\/\/www.zunoticia.com\/noticias-de-hidalgo\/wp-json\/wp\/v2\/comments?post=634371"}],"version-history":[{"count":1,"href":"https:\/\/www.zunoticia.com\/noticias-de-hidalgo\/wp-json\/wp\/v2\/posts\/634371\/revisions"}],"predecessor-version":[{"id":634372,"href":"https:\/\/www.zunoticia.com\/noticias-de-hidalgo\/wp-json\/wp\/v2\/posts\/634371\/revisions\/634372"}],"wp:featuredmedia":[{"embeddable":true,"href":"https:\/\/www.zunoticia.com\/noticias-de-hidalgo\/wp-json\/wp\/v2\/media\/634347"}],"wp:attachment":[{"href":"https:\/\/www.zunoticia.com\/noticias-de-hidalgo\/wp-json\/wp\/v2\/media?parent=634371"}],"wp:term":[{"taxonomy":"category","embeddable":true,"href":"https:\/\/www.zunoticia.com\/noticias-de-hidalgo\/wp-json\/wp\/v2\/categories?post=634371"},{"taxonomy":"post_tag","embeddable":true,"href":"https:\/\/www.zunoticia.com\/noticias-de-hidalgo\/wp-json\/wp\/v2\/tags?post=634371"}],"curies":[{"name":"wp","href":"https:\/\/api.w.org\/{rel}","templated":true}]}}