{"id":634389,"date":"2026-04-22T22:43:27","date_gmt":"2026-04-23T04:43:27","guid":{"rendered":"https:\/\/www.zunoticia.com\/noticias-de-hidalgo\/?p=634389"},"modified":"2026-04-22T22:43:29","modified_gmt":"2026-04-23T04:43:29","slug":"gobierno-de-huejutla-fortalece-compromiso-ambiental","status":"publish","type":"post","link":"https:\/\/www.zunoticia.com\/noticias-de-hidalgo\/2026\/04\/22\/gobierno-de-huejutla-fortalece-compromiso-ambiental\/","title":{"rendered":"Gobierno de Huejutla fortalece compromiso ambiental"},"content":{"rendered":"<aside class=\"mashsb-container mashsb-main mashsb-stretched\"><div class=\"mashsb-box\"><div class=\"mashsb-count mash-large\" style=\"float:left\"><div class=\"counts mashsbcount\">0<\/div><span class=\"mashsb-sharetext\">SHARES<\/span><\/div><div class=\"mashsb-buttons\"><a class=\"mashicon-facebook mash-large mash-center mashsb-noshadow\" href=\"https:\/\/www.facebook.com\/sharer.php?u=https%3A%2F%2Fwww.zunoticia.com%2Fnoticias-de-hidalgo%2F2026%2F04%2F22%2Fgobierno-de-huejutla-fortalece-compromiso-ambiental%2F\" target=\"_top\" rel=\"nofollow\"><span class=\"icon\"><\/span><span class=\"text\">Share<\/span><\/a><a class=\"mashicon-twitter mash-large mash-center mashsb-noshadow\" href=\"https:\/\/twitter.com\/intent\/tweet?text=&amp;url=https:\/\/www.zunoticia.com\/noticias-de-hidalgo\/2026\/04\/22\/gobierno-de-huejutla-fortalece-compromiso-ambiental\/\" target=\"_top\" rel=\"nofollow\"><span class=\"icon\"><\/span><span class=\"text\">Tweet<\/span><\/a><div class=\"onoffswitch2 mash-large mashsb-noshadow\" style=\"display:none\"><\/div><\/div>\n            <\/div>\n                <div style=\"clear:both\"><\/div><div class=\"mashsb-toggle-container\"><\/div><\/aside>\n            <!-- Share buttons by mashshare.net - Version: 4.0.47-->\n<ul class=\"wp-block-list\">\n<li>Con campa\u00f1a permanente de reforestaci\u00f3n.<\/li>\n<\/ul>\n\n\n\n<p><em>Por Redacci\u00f3n\/Zunoticia<\/em><\/p>\n\n\n\n<p><strong>Huejutla de Reyes, Hgo.-<\/strong> Con el objetivo de contribuir al cuidado del medio ambiente y fortalecer los espacios naturales, el Gobierno Municipal de Huejutla, encabezado por el Lic. Jos\u00e9 Alfredo San Rom\u00e1n Duval, mantiene activa una campa\u00f1a permanente de reforestaci\u00f3n. En este marco, el \u00e1rea de Medio Ambiente y Recursos Naturales realiz\u00f3 la entrega de alrededor de 300 plantas en el Vivero Municipal, ubicado en el Parque Ecol\u00f3gico, a autoridades de la comunidad de San Jos\u00e9 Ahuatempa, destinadas a la recuperaci\u00f3n de las inmediaciones del r\u00edo que atraviesa esa zona y al bienestar de la poblaci\u00f3n en general.<\/p>\n\n\n\n<figure class=\"wp-block-image size-large\"><img fetchpriority=\"high\" decoding=\"async\" width=\"1024\" height=\"538\" src=\"https:\/\/www.zunoticia.com\/noticias-de-hidalgo\/wp-content\/uploads\/2026\/04\/reforestacion3-1024x538.jpg\" alt=\"\" class=\"wp-image-634385\" srcset=\"https:\/\/www.zunoticia.com\/noticias-de-hidalgo\/wp-content\/uploads\/2026\/04\/reforestacion3-1024x538.jpg 1024w, https:\/\/www.zunoticia.com\/noticias-de-hidalgo\/wp-content\/uploads\/2026\/04\/reforestacion3-300x158.jpg 300w, https:\/\/www.zunoticia.com\/noticias-de-hidalgo\/wp-content\/uploads\/2026\/04\/reforestacion3-768x403.jpg 768w, https:\/\/www.zunoticia.com\/noticias-de-hidalgo\/wp-content\/uploads\/2026\/04\/reforestacion3.jpg 1200w\" sizes=\"(max-width: 1024px) 100vw, 1024px\" \/><\/figure>\n\n\n\n<p>Durante esta jornada, se distribuyeron especies como caoba, palo de rosa y framboy\u00e1n, seleccionadas por su adaptabilidad y beneficios ambientales. Asimismo, en representaci\u00f3n de la Escuela Primaria \u201cJosefa Ortiz de Dom\u00ednguez\u201d y el preescolar \u201cJuan Escutia\u201d, instituciones de la citada localidad, se entregaron plantas de almendro y guayaba. Esta campa\u00f1a se encuentra abierta de manera permanente para atender a la ciudadan\u00eda, instituciones educativas y comunidades que deseen sumarse a las acciones de reforestaci\u00f3n.<\/p>\n\n\n\n<p>La actividad cont\u00f3 con el acompa\u00f1amiento de estudiantes de la Universidad Pedag\u00f3gica Nacional (UPN), Campus Huejutla, quienes colaboran con el \u00e1rea de Medio Ambiente y Recursos Naturales, fortaleciendo el trabajo conjunto entre sociedad y gobierno para generar un impacto positivo en el entorno y fomentar la conciencia ambiental.<\/p>\n\n\n\n<figure class=\"wp-block-image size-large\"><img decoding=\"async\" width=\"1024\" height=\"538\" src=\"https:\/\/www.zunoticia.com\/noticias-de-hidalgo\/wp-content\/uploads\/2026\/04\/reforestacion2-1024x538.jpg\" alt=\"\" class=\"wp-image-634384\" srcset=\"https:\/\/www.zunoticia.com\/noticias-de-hidalgo\/wp-content\/uploads\/2026\/04\/reforestacion2-1024x538.jpg 1024w, https:\/\/www.zunoticia.com\/noticias-de-hidalgo\/wp-content\/uploads\/2026\/04\/reforestacion2-300x158.jpg 300w, https:\/\/www.zunoticia.com\/noticias-de-hidalgo\/wp-content\/uploads\/2026\/04\/reforestacion2-768x403.jpg 768w, https:\/\/www.zunoticia.com\/noticias-de-hidalgo\/wp-content\/uploads\/2026\/04\/reforestacion2.jpg 1200w\" sizes=\"(max-width: 1024px) 100vw, 1024px\" \/><\/figure>\n\n\n\n<p>Con estas acciones, el Gobierno Municipal de Huejutla refrenda su compromiso con el desarrollo sustentable y la protecci\u00f3n de los recursos naturales, impulsando iniciativas incluyentes y de largo alcance que consolidan un municipio m\u00e1s verde y responsable, bajo el firme principio de ser un Gobierno que Transforma.<\/p>\n","protected":false},"excerpt":{"rendered":"<p>Por Redacci\u00f3n\/Zunoticia Huejutla de Reyes, Hgo.- Con el objetivo de contribuir al cuidado del medio ambiente y fortalecer los espacios naturales, el Gobierno Municipal de Huejutla, encabezado por el Lic. Jos\u00e9 Alfredo San Rom\u00e1n Duval, mantiene activa una campa\u00f1a permanente de reforestaci\u00f3n. En este marco, el \u00e1rea de Medio Ambiente y Recursos Naturales realiz\u00f3 la&hellip; <a class=\"more-link\" href=\"https:\/\/www.zunoticia.com\/noticias-de-hidalgo\/2026\/04\/22\/gobierno-de-huejutla-fortalece-compromiso-ambiental\/\">Seguir leyendo <span class=\"screen-reader-text\">Gobierno de Huejutla fortalece compromiso ambiental<\/span><\/a><\/p>\n","protected":false},"author":13,"featured_media":634383,"comment_status":"open","ping_status":"open","sticky":false,"template":"","format":"standard","meta":{"rop_custom_images_group":[],"rop_custom_messages_group":[],"rop_publish_now":"initial","rop_publish_now_accounts":{"facebook_10159540855086992_322828327761733":""},"rop_publish_now_history":[],"rop_publish_now_status":"pending","footnotes":""},"categories":[181],"tags":[121],"class_list":["post-634389","post","type-post","status-publish","format-standard","has-post-thumbnail","hentry","category-huejutla","tag-huejutla","entry"],"_links":{"self":[{"href":"https:\/\/www.zunoticia.com\/noticias-de-hidalgo\/wp-json\/wp\/v2\/posts\/634389","targetHints":{"allow":["GET"]}}],"collection":[{"href":"https:\/\/www.zunoticia.com\/noticias-de-hidalgo\/wp-json\/wp\/v2\/posts"}],"about":[{"href":"https:\/\/www.zunoticia.com\/noticias-de-hidalgo\/wp-json\/wp\/v2\/types\/post"}],"author":[{"embeddable":true,"href":"https:\/\/www.zunoticia.com\/noticias-de-hidalgo\/wp-json\/wp\/v2\/users\/13"}],"replies":[{"embeddable":true,"href":"https:\/\/www.zunoticia.com\/noticias-de-hidalgo\/wp-json\/wp\/v2\/comments?post=634389"}],"version-history":[{"count":1,"href":"https:\/\/www.zunoticia.com\/noticias-de-hidalgo\/wp-json\/wp\/v2\/posts\/634389\/revisions"}],"predecessor-version":[{"id":634390,"href":"https:\/\/www.zunoticia.com\/noticias-de-hidalgo\/wp-json\/wp\/v2\/posts\/634389\/revisions\/634390"}],"wp:featuredmedia":[{"embeddable":true,"href":"https:\/\/www.zunoticia.com\/noticias-de-hidalgo\/wp-json\/wp\/v2\/media\/634383"}],"wp:attachment":[{"href":"https:\/\/www.zunoticia.com\/noticias-de-hidalgo\/wp-json\/wp\/v2\/media?parent=634389"}],"wp:term":[{"taxonomy":"category","embeddable":true,"href":"https:\/\/www.zunoticia.com\/noticias-de-hidalgo\/wp-json\/wp\/v2\/categories?post=634389"},{"taxonomy":"post_tag","embeddable":true,"href":"https:\/\/www.zunoticia.com\/noticias-de-hidalgo\/wp-json\/wp\/v2\/tags?post=634389"}],"curies":[{"name":"wp","href":"https:\/\/api.w.org\/{rel}","templated":true}]}}