{"id":634626,"date":"2026-04-24T16:01:48","date_gmt":"2026-04-24T22:01:48","guid":{"rendered":"https:\/\/www.zunoticia.com\/noticias-de-hidalgo\/?p=634626"},"modified":"2026-04-24T16:01:49","modified_gmt":"2026-04-24T22:01:49","slug":"proponen-implementar-operativo-mochila-en-escuelas-de-la-huasteca","status":"publish","type":"post","link":"https:\/\/www.zunoticia.com\/noticias-de-hidalgo\/2026\/04\/24\/proponen-implementar-operativo-mochila-en-escuelas-de-la-huasteca\/","title":{"rendered":"Proponen implementar Operativo Mochila en escuelas de la Huasteca"},"content":{"rendered":"<aside class=\"mashsb-container mashsb-main mashsb-stretched\"><div class=\"mashsb-box\"><div class=\"mashsb-count mash-large\" style=\"float:left\"><div class=\"counts mashsbcount\">0<\/div><span class=\"mashsb-sharetext\">SHARES<\/span><\/div><div class=\"mashsb-buttons\"><a class=\"mashicon-facebook mash-large mash-center mashsb-noshadow\" href=\"https:\/\/www.facebook.com\/sharer.php?u=https%3A%2F%2Fwww.zunoticia.com%2Fnoticias-de-hidalgo%2F2026%2F04%2F24%2Fproponen-implementar-operativo-mochila-en-escuelas-de-la-huasteca%2F\" target=\"_top\" rel=\"nofollow\"><span class=\"icon\"><\/span><span class=\"text\">Share<\/span><\/a><a class=\"mashicon-twitter mash-large mash-center mashsb-noshadow\" href=\"https:\/\/twitter.com\/intent\/tweet?text=&amp;url=https:\/\/www.zunoticia.com\/noticias-de-hidalgo\/2026\/04\/24\/proponen-implementar-operativo-mochila-en-escuelas-de-la-huasteca\/\" target=\"_top\" rel=\"nofollow\"><span class=\"icon\"><\/span><span class=\"text\">Tweet<\/span><\/a><div class=\"onoffswitch2 mash-large mashsb-noshadow\" style=\"display:none\"><\/div><\/div>\n            <\/div>\n                <div style=\"clear:both\"><\/div><div class=\"mashsb-toggle-container\"><\/div><\/aside>\n            <!-- Share buttons by mashshare.net - Version: 4.0.47-->\n<p><em>Por Enedino Hern\u00e1ndez \/ Zunoticia<\/em><\/p>\n\n\n\n<p><strong>Huejutla, Hgo.-<\/strong> Ante el contexto de inseguridad que se vive en el pa\u00eds, el vicepresidente de la Asociaci\u00f3n de Abogados de la Huasteca Hidalguense, Juan Fern\u00e1ndez Rojas, consider\u00f3 conveniente e indispensable la implementaci\u00f3n de programas del Operativo Mochila en las distintas instituciones educativas.<\/p>\n\n\n\n<p>El representante del gremio jur\u00eddico se\u00f1al\u00f3 que este tipo de acciones deben realizarse dentro de los planteles escolares, siempre y cuando exista la participaci\u00f3n conjunta de padres de familia, autoridades educativas y corporaciones de seguridad p\u00fablica, con el fin de evitar posibles violaciones a los derechos humanos de los estudiantes.<\/p>\n\n\n\n<p>Asimismo, explic\u00f3 que, es fundamental aplicar protocolos de seguridad adecuados y conforme a la normatividad, tomando en cuenta la coordinaci\u00f3n entre todos los involucrados y la convocatoria organizada de la comunidad escolar.<\/p>\n\n\n\n<p>Juan Fern\u00e1ndez Rojas, insisti\u00f3 en que la implementaci\u00f3n del Operativo Mochila puede contribuir a prevenir situaciones de riesgo dentro de las escuelas, siempre garantizando el respeto a los derechos de ni\u00f1as, ni\u00f1os y adolescentes.<\/p>\n\n\n\n<p>Finalmente, reiter\u00f3 la importancia de que estas acciones se realicen de manera responsable y consensuada, privilegiando en todo momento la seguridad de los estudiantes sin vulnerar sus garant\u00edas individuales.<\/p>\n","protected":false},"excerpt":{"rendered":"<p>Por Enedino Hern\u00e1ndez \/ Zunoticia Huejutla, Hgo.- Ante el contexto de inseguridad que se vive en el pa\u00eds, el vicepresidente de la Asociaci\u00f3n de Abogados de la Huasteca Hidalguense, Juan Fern\u00e1ndez Rojas, consider\u00f3 conveniente e indispensable la implementaci\u00f3n de programas del Operativo Mochila en las distintas instituciones educativas. El representante del gremio jur\u00eddico se\u00f1al\u00f3 que&hellip; <a class=\"more-link\" href=\"https:\/\/www.zunoticia.com\/noticias-de-hidalgo\/2026\/04\/24\/proponen-implementar-operativo-mochila-en-escuelas-de-la-huasteca\/\">Seguir leyendo <span class=\"screen-reader-text\">Proponen implementar Operativo Mochila en escuelas de la Huasteca<\/span><\/a><\/p>\n","protected":false},"author":20,"featured_media":634627,"comment_status":"open","ping_status":"open","sticky":false,"template":"","format":"standard","meta":{"rop_custom_images_group":[],"rop_custom_messages_group":[],"rop_publish_now":"initial","rop_publish_now_accounts":{"facebook_10159540855086992_322828327761733":""},"rop_publish_now_history":[],"rop_publish_now_status":"pending","footnotes":""},"categories":[181],"tags":[121],"class_list":["post-634626","post","type-post","status-publish","format-standard","has-post-thumbnail","hentry","category-huejutla","tag-huejutla","entry"],"_links":{"self":[{"href":"https:\/\/www.zunoticia.com\/noticias-de-hidalgo\/wp-json\/wp\/v2\/posts\/634626","targetHints":{"allow":["GET"]}}],"collection":[{"href":"https:\/\/www.zunoticia.com\/noticias-de-hidalgo\/wp-json\/wp\/v2\/posts"}],"about":[{"href":"https:\/\/www.zunoticia.com\/noticias-de-hidalgo\/wp-json\/wp\/v2\/types\/post"}],"author":[{"embeddable":true,"href":"https:\/\/www.zunoticia.com\/noticias-de-hidalgo\/wp-json\/wp\/v2\/users\/20"}],"replies":[{"embeddable":true,"href":"https:\/\/www.zunoticia.com\/noticias-de-hidalgo\/wp-json\/wp\/v2\/comments?post=634626"}],"version-history":[{"count":1,"href":"https:\/\/www.zunoticia.com\/noticias-de-hidalgo\/wp-json\/wp\/v2\/posts\/634626\/revisions"}],"predecessor-version":[{"id":634628,"href":"https:\/\/www.zunoticia.com\/noticias-de-hidalgo\/wp-json\/wp\/v2\/posts\/634626\/revisions\/634628"}],"wp:featuredmedia":[{"embeddable":true,"href":"https:\/\/www.zunoticia.com\/noticias-de-hidalgo\/wp-json\/wp\/v2\/media\/634627"}],"wp:attachment":[{"href":"https:\/\/www.zunoticia.com\/noticias-de-hidalgo\/wp-json\/wp\/v2\/media?parent=634626"}],"wp:term":[{"taxonomy":"category","embeddable":true,"href":"https:\/\/www.zunoticia.com\/noticias-de-hidalgo\/wp-json\/wp\/v2\/categories?post=634626"},{"taxonomy":"post_tag","embeddable":true,"href":"https:\/\/www.zunoticia.com\/noticias-de-hidalgo\/wp-json\/wp\/v2\/tags?post=634626"}],"curies":[{"name":"wp","href":"https:\/\/api.w.org\/{rel}","templated":true}]}}