{"id":634635,"date":"2026-04-24T16:50:01","date_gmt":"2026-04-24T22:50:01","guid":{"rendered":"https:\/\/www.zunoticia.com\/noticias-de-hidalgo\/?p=634635"},"modified":"2026-04-24T16:50:03","modified_gmt":"2026-04-24T22:50:03","slug":"ponen-en-marcha-la-semana-juridica-de-la-aje","status":"publish","type":"post","link":"https:\/\/www.zunoticia.com\/noticias-de-hidalgo\/2026\/04\/24\/ponen-en-marcha-la-semana-juridica-de-la-aje\/","title":{"rendered":"Ponen en marcha La Semana Jur\u00eddica de la AJE"},"content":{"rendered":"<aside class=\"mashsb-container mashsb-main mashsb-stretched\"><div class=\"mashsb-box\"><div class=\"mashsb-count mash-large\" style=\"float:left\"><div class=\"counts mashsbcount\">0<\/div><span class=\"mashsb-sharetext\">SHARES<\/span><\/div><div class=\"mashsb-buttons\"><a class=\"mashicon-facebook mash-large mash-center mashsb-noshadow\" href=\"https:\/\/www.facebook.com\/sharer.php?u=https%3A%2F%2Fwww.zunoticia.com%2Fnoticias-de-hidalgo%2F2026%2F04%2F24%2Fponen-en-marcha-la-semana-juridica-de-la-aje%2F\" target=\"_top\" rel=\"nofollow\"><span class=\"icon\"><\/span><span class=\"text\">Share<\/span><\/a><a class=\"mashicon-twitter mash-large mash-center mashsb-noshadow\" href=\"https:\/\/twitter.com\/intent\/tweet?text=&amp;url=https:\/\/www.zunoticia.com\/noticias-de-hidalgo\/2026\/04\/24\/ponen-en-marcha-la-semana-juridica-de-la-aje\/\" target=\"_top\" rel=\"nofollow\"><span class=\"icon\"><\/span><span class=\"text\">Tweet<\/span><\/a><div class=\"onoffswitch2 mash-large mashsb-noshadow\" style=\"display:none\"><\/div><\/div>\n            <\/div>\n                <div style=\"clear:both\"><\/div><div class=\"mashsb-toggle-container\"><\/div><\/aside>\n            <!-- Share buttons by mashshare.net - Version: 4.0.47-->\n<p><em>Por Gabriela Hern\u00e1ndez\/Zunoticia<\/em><\/p>\n\n\n\n<p><strong>Huejutla, Hgo<\/strong>.- El Licenciado Armando Zunzunegui Escamilla, director de la casa de estudios de la Escuela Superior de Huejutla, inform\u00f3 que dentro de los proyectos iniciales se tiene una Asociaci\u00f3n Jur\u00eddica Estudiantil en la cual se tiene la participaci\u00f3n activa de los estudiantes.<\/p>\n\n\n\n<p>Dentro de las actividades desarrolladas se puso en marcha \u201c100 abogados dijeron\u201d donde el conocimiento, la estrategia y el trabajo en equipo se pusieron a prueba, con la participaci\u00f3n de estudiantes de Derecho y Licenciados, compitiendo en un formato \u00fanico, din\u00e1mico y divertido.<\/p>\n\n\n\n<p>As\u00ed mismo se desarroll\u00f3 la Semana Jur\u00eddica de la AJE\u2013 abril 2026, en este ciclo de ponencias se cont\u00f3 con la participaci\u00f3n de destacados profesionales del \u00e1mbito jur\u00eddico.<\/p>\n\n\n\n<figure class=\"wp-block-image size-full\"><img fetchpriority=\"high\" decoding=\"async\" width=\"933\" height=\"524\" src=\"https:\/\/www.zunoticia.com\/noticias-de-hidalgo\/wp-content\/uploads\/2026\/04\/Zunoticia-Huejutla-6-2.png\" alt=\"\" class=\"wp-image-634637\" srcset=\"https:\/\/www.zunoticia.com\/noticias-de-hidalgo\/wp-content\/uploads\/2026\/04\/Zunoticia-Huejutla-6-2.png 933w, https:\/\/www.zunoticia.com\/noticias-de-hidalgo\/wp-content\/uploads\/2026\/04\/Zunoticia-Huejutla-6-2-300x168.png 300w, https:\/\/www.zunoticia.com\/noticias-de-hidalgo\/wp-content\/uploads\/2026\/04\/Zunoticia-Huejutla-6-2-768x431.png 768w\" sizes=\"(max-width: 933px) 100vw, 933px\" \/><\/figure>\n\n\n\n<p>Entre ellos, el abogado litigante en materia penal Licenciado Mois\u00e9s Rojas Bautista, con el tema Suspensi\u00f3n condicional del proceso; la presencia distinguida de la Jueza Primera Adriana Sosa Salazar del Juzgado Civil y Familiar de Huejutla de Reyes, con el tema: Justicia con perspectiva de g\u00e9nero; el ponente: abogado litigante en materia civil y familiar Licenciado Miguel \u00c1ngel Ciriaco Mart\u00ednez, con el tema: Procedimiento ordinario civil y finalmente el ponente: Juez Segundo Civil y Familiar Armando Olvera Rend\u00f3n y secretario de Acuerdos Eduardo Lugo Montufar del Juzgado Segundo de Huejutla de Reyes, con el tema: Procedimiento en juicio de guarda y custodia.<\/p>\n\n\n\n<p>Durante estos d\u00edas se tuvo la oportunidad para fortalecer la formaci\u00f3n acad\u00e9mica y conocer la pr\u00e1ctica jur\u00eddica desde la experiencia profesional.<\/p>\n\n\n\n<p>Otra de las actividades que ha desarrollado este grupo de estudiantes, es el apoyo al refugio de animales de la se\u00f1ora Mago Campa, adem\u00e1s de trabajar en otros municipios para ayudar a la comunidad en general, realizando proyectos institucionales que trascienden fuera de la escuela.<\/p>\n\n\n\n<p>Finalmente, el director dio a conocer que se trabaja en la recta final del semestre, con dos semanas de clases para entrar al tercer parcial, el cual esperan concluir con gran \u00e9xito.<\/p>\n","protected":false},"excerpt":{"rendered":"<p>Por Gabriela Hern\u00e1ndez\/Zunoticia Huejutla, Hgo.- El Licenciado Armando Zunzunegui Escamilla, director de la casa de estudios de la Escuela Superior de Huejutla, inform\u00f3 que dentro de los proyectos iniciales se tiene una Asociaci\u00f3n Jur\u00eddica Estudiantil en la cual se tiene la participaci\u00f3n activa de los estudiantes. Dentro de las actividades desarrolladas se puso en marcha&hellip; <a class=\"more-link\" href=\"https:\/\/www.zunoticia.com\/noticias-de-hidalgo\/2026\/04\/24\/ponen-en-marcha-la-semana-juridica-de-la-aje\/\">Seguir leyendo <span class=\"screen-reader-text\">Ponen en marcha La Semana Jur\u00eddica de la AJE<\/span><\/a><\/p>\n","protected":false},"author":20,"featured_media":634636,"comment_status":"open","ping_status":"open","sticky":false,"template":"","format":"standard","meta":{"rop_custom_images_group":[],"rop_custom_messages_group":[],"rop_publish_now":"initial","rop_publish_now_accounts":{"facebook_10159540855086992_322828327761733":""},"rop_publish_now_history":[],"rop_publish_now_status":"pending","footnotes":""},"categories":[181],"tags":[121],"class_list":["post-634635","post","type-post","status-publish","format-standard","has-post-thumbnail","hentry","category-huejutla","tag-huejutla","entry"],"_links":{"self":[{"href":"https:\/\/www.zunoticia.com\/noticias-de-hidalgo\/wp-json\/wp\/v2\/posts\/634635","targetHints":{"allow":["GET"]}}],"collection":[{"href":"https:\/\/www.zunoticia.com\/noticias-de-hidalgo\/wp-json\/wp\/v2\/posts"}],"about":[{"href":"https:\/\/www.zunoticia.com\/noticias-de-hidalgo\/wp-json\/wp\/v2\/types\/post"}],"author":[{"embeddable":true,"href":"https:\/\/www.zunoticia.com\/noticias-de-hidalgo\/wp-json\/wp\/v2\/users\/20"}],"replies":[{"embeddable":true,"href":"https:\/\/www.zunoticia.com\/noticias-de-hidalgo\/wp-json\/wp\/v2\/comments?post=634635"}],"version-history":[{"count":1,"href":"https:\/\/www.zunoticia.com\/noticias-de-hidalgo\/wp-json\/wp\/v2\/posts\/634635\/revisions"}],"predecessor-version":[{"id":634638,"href":"https:\/\/www.zunoticia.com\/noticias-de-hidalgo\/wp-json\/wp\/v2\/posts\/634635\/revisions\/634638"}],"wp:featuredmedia":[{"embeddable":true,"href":"https:\/\/www.zunoticia.com\/noticias-de-hidalgo\/wp-json\/wp\/v2\/media\/634636"}],"wp:attachment":[{"href":"https:\/\/www.zunoticia.com\/noticias-de-hidalgo\/wp-json\/wp\/v2\/media?parent=634635"}],"wp:term":[{"taxonomy":"category","embeddable":true,"href":"https:\/\/www.zunoticia.com\/noticias-de-hidalgo\/wp-json\/wp\/v2\/categories?post=634635"},{"taxonomy":"post_tag","embeddable":true,"href":"https:\/\/www.zunoticia.com\/noticias-de-hidalgo\/wp-json\/wp\/v2\/tags?post=634635"}],"curies":[{"name":"wp","href":"https:\/\/api.w.org\/{rel}","templated":true}]}}