{"id":634675,"date":"2026-04-24T21:14:35","date_gmt":"2026-04-25T03:14:35","guid":{"rendered":"https:\/\/www.zunoticia.com\/noticias-de-hidalgo\/?p=634675"},"modified":"2026-04-24T21:14:37","modified_gmt":"2026-04-25T03:14:37","slug":"dif-huejutla-realiza-exitosa-jornada-de-cortes-de-cabello-gratuitos-en-ixcuicuila","status":"publish","type":"post","link":"https:\/\/www.zunoticia.com\/noticias-de-hidalgo\/2026\/04\/24\/dif-huejutla-realiza-exitosa-jornada-de-cortes-de-cabello-gratuitos-en-ixcuicuila\/","title":{"rendered":"DIF Huejutla realiza exitosa jornada de cortes de cabello gratuitos en Ixcuicuila"},"content":{"rendered":"<aside class=\"mashsb-container mashsb-main mashsb-stretched\"><div class=\"mashsb-box\"><div class=\"mashsb-count mash-large\" style=\"float:left\"><div class=\"counts mashsbcount\">0<\/div><span class=\"mashsb-sharetext\">SHARES<\/span><\/div><div class=\"mashsb-buttons\"><a class=\"mashicon-facebook mash-large mash-center mashsb-noshadow\" href=\"https:\/\/www.facebook.com\/sharer.php?u=https%3A%2F%2Fwww.zunoticia.com%2Fnoticias-de-hidalgo%2F2026%2F04%2F24%2Fdif-huejutla-realiza-exitosa-jornada-de-cortes-de-cabello-gratuitos-en-ixcuicuila%2F\" target=\"_top\" rel=\"nofollow\"><span class=\"icon\"><\/span><span class=\"text\">Share<\/span><\/a><a class=\"mashicon-twitter mash-large mash-center mashsb-noshadow\" href=\"https:\/\/twitter.com\/intent\/tweet?text=&amp;url=https:\/\/www.zunoticia.com\/noticias-de-hidalgo\/2026\/04\/24\/dif-huejutla-realiza-exitosa-jornada-de-cortes-de-cabello-gratuitos-en-ixcuicuila\/\" target=\"_top\" rel=\"nofollow\"><span class=\"icon\"><\/span><span class=\"text\">Tweet<\/span><\/a><div class=\"onoffswitch2 mash-large mashsb-noshadow\" style=\"display:none\"><\/div><\/div>\n            <\/div>\n                <div style=\"clear:both\"><\/div><div class=\"mashsb-toggle-container\"><\/div><\/aside>\n            <!-- Share buttons by mashshare.net - Version: 4.0.47-->\n<p><em>Por Redacci\u00f3n\/Zunoticia<\/em><\/p>\n\n\n\n<p><strong>Huejutla de Reyes, Hgo.-<\/strong> Con el objetivo de acercar servicios que contribuyan al bienestar de las familias, el Sistema DIF Huejutla, presidido por la Dra. Kristel Rodr\u00edguez Flores, llev\u00f3 a cabo la Jornada de Bienestar M\u00e1s Cerca de Ti, en la que brind\u00f3 cortes de cabello gratuitos y donaci\u00f3n de ropa para el beneficio de hombres, mujeres y ni\u00f1as y ni\u00f1os de la localidad de Ixcuicuila.<\/p>\n\n\n\n<figure class=\"wp-block-image size-large\"><img fetchpriority=\"high\" decoding=\"async\" width=\"1024\" height=\"538\" src=\"https:\/\/www.zunoticia.com\/noticias-de-hidalgo\/wp-content\/uploads\/2026\/04\/cortes3-1024x538.jpg\" alt=\"\" class=\"wp-image-634680\" srcset=\"https:\/\/www.zunoticia.com\/noticias-de-hidalgo\/wp-content\/uploads\/2026\/04\/cortes3-1024x538.jpg 1024w, https:\/\/www.zunoticia.com\/noticias-de-hidalgo\/wp-content\/uploads\/2026\/04\/cortes3-300x158.jpg 300w, https:\/\/www.zunoticia.com\/noticias-de-hidalgo\/wp-content\/uploads\/2026\/04\/cortes3-768x403.jpg 768w, https:\/\/www.zunoticia.com\/noticias-de-hidalgo\/wp-content\/uploads\/2026\/04\/cortes3.jpg 1200w\" sizes=\"(max-width: 1024px) 100vw, 1024px\" \/><\/figure>\n\n\n\n<p>A trav\u00e9s del Centro de Capacitaci\u00f3n y Desarrollo Familiar &#8211; H\u00e1bitat, a cargo de la Lic. Eliany Esteban Zapata, se brind\u00f3 atenci\u00f3n a la poblaci\u00f3n en una actividad que permiti\u00f3 apoyar la econom\u00eda familiar, adem\u00e1s de promover el cuidado personal en un ambiente de cercan\u00eda y servicio.<\/p>\n\n\n\n<p>Estas acciones forman parte del compromiso del DIF Huejutla de trabajar de manera constante para garantizar servicios a las comunidades del municipio, priorizando a quienes m\u00e1s lo necesitan.<\/p>\n\n\n\n<figure class=\"wp-block-image size-large\"><img decoding=\"async\" width=\"1024\" height=\"538\" src=\"https:\/\/www.zunoticia.com\/noticias-de-hidalgo\/wp-content\/uploads\/2026\/04\/cortes2-1024x538.jpg\" alt=\"\" class=\"wp-image-634679\" srcset=\"https:\/\/www.zunoticia.com\/noticias-de-hidalgo\/wp-content\/uploads\/2026\/04\/cortes2-1024x538.jpg 1024w, https:\/\/www.zunoticia.com\/noticias-de-hidalgo\/wp-content\/uploads\/2026\/04\/cortes2-300x158.jpg 300w, https:\/\/www.zunoticia.com\/noticias-de-hidalgo\/wp-content\/uploads\/2026\/04\/cortes2-768x403.jpg 768w, https:\/\/www.zunoticia.com\/noticias-de-hidalgo\/wp-content\/uploads\/2026\/04\/cortes2.jpg 1200w\" sizes=\"(max-width: 1024px) 100vw, 1024px\" \/><\/figure>\n\n\n\n<p>Con jornadas como esta, el Gobierno Municipal y el Sistema DIF contin\u00faan fortaleciendo la atenci\u00f3n directa a la ciudadan\u00eda, impulsando el bienestar y la calidad de vida de las familias.<\/p>\n","protected":false},"excerpt":{"rendered":"<p>Por Redacci\u00f3n\/Zunoticia Huejutla de Reyes, Hgo.- Con el objetivo de acercar servicios que contribuyan al bienestar de las familias, el Sistema DIF Huejutla, presidido por la Dra. Kristel Rodr\u00edguez Flores, llev\u00f3 a cabo la Jornada de Bienestar M\u00e1s Cerca de Ti, en la que brind\u00f3 cortes de cabello gratuitos y donaci\u00f3n de ropa para el&hellip; <a class=\"more-link\" href=\"https:\/\/www.zunoticia.com\/noticias-de-hidalgo\/2026\/04\/24\/dif-huejutla-realiza-exitosa-jornada-de-cortes-de-cabello-gratuitos-en-ixcuicuila\/\">Seguir leyendo <span class=\"screen-reader-text\">DIF Huejutla realiza exitosa jornada de cortes de cabello gratuitos en Ixcuicuila<\/span><\/a><\/p>\n","protected":false},"author":13,"featured_media":634678,"comment_status":"open","ping_status":"open","sticky":false,"template":"","format":"standard","meta":{"rop_custom_images_group":[],"rop_custom_messages_group":[],"rop_publish_now":"initial","rop_publish_now_accounts":{"facebook_10159540855086992_322828327761733":""},"rop_publish_now_history":[],"rop_publish_now_status":"pending","footnotes":""},"categories":[181],"tags":[121],"class_list":["post-634675","post","type-post","status-publish","format-standard","has-post-thumbnail","hentry","category-huejutla","tag-huejutla","entry"],"_links":{"self":[{"href":"https:\/\/www.zunoticia.com\/noticias-de-hidalgo\/wp-json\/wp\/v2\/posts\/634675","targetHints":{"allow":["GET"]}}],"collection":[{"href":"https:\/\/www.zunoticia.com\/noticias-de-hidalgo\/wp-json\/wp\/v2\/posts"}],"about":[{"href":"https:\/\/www.zunoticia.com\/noticias-de-hidalgo\/wp-json\/wp\/v2\/types\/post"}],"author":[{"embeddable":true,"href":"https:\/\/www.zunoticia.com\/noticias-de-hidalgo\/wp-json\/wp\/v2\/users\/13"}],"replies":[{"embeddable":true,"href":"https:\/\/www.zunoticia.com\/noticias-de-hidalgo\/wp-json\/wp\/v2\/comments?post=634675"}],"version-history":[{"count":1,"href":"https:\/\/www.zunoticia.com\/noticias-de-hidalgo\/wp-json\/wp\/v2\/posts\/634675\/revisions"}],"predecessor-version":[{"id":634681,"href":"https:\/\/www.zunoticia.com\/noticias-de-hidalgo\/wp-json\/wp\/v2\/posts\/634675\/revisions\/634681"}],"wp:featuredmedia":[{"embeddable":true,"href":"https:\/\/www.zunoticia.com\/noticias-de-hidalgo\/wp-json\/wp\/v2\/media\/634678"}],"wp:attachment":[{"href":"https:\/\/www.zunoticia.com\/noticias-de-hidalgo\/wp-json\/wp\/v2\/media?parent=634675"}],"wp:term":[{"taxonomy":"category","embeddable":true,"href":"https:\/\/www.zunoticia.com\/noticias-de-hidalgo\/wp-json\/wp\/v2\/categories?post=634675"},{"taxonomy":"post_tag","embeddable":true,"href":"https:\/\/www.zunoticia.com\/noticias-de-hidalgo\/wp-json\/wp\/v2\/tags?post=634675"}],"curies":[{"name":"wp","href":"https:\/\/api.w.org\/{rel}","templated":true}]}}