{"id":634708,"date":"2026-04-25T14:12:45","date_gmt":"2026-04-25T20:12:45","guid":{"rendered":"https:\/\/www.zunoticia.com\/noticias-de-hidalgo\/?p=634708"},"modified":"2026-04-25T16:10:23","modified_gmt":"2026-04-25T22:10:23","slug":"sheinbaum-y-menchaca-supervisan-obra-deportiva-que-fortalece-el-tejido-social-en-pachuca","status":"publish","type":"post","link":"https:\/\/www.zunoticia.com\/noticias-de-hidalgo\/2026\/04\/25\/sheinbaum-y-menchaca-supervisan-obra-deportiva-que-fortalece-el-tejido-social-en-pachuca\/","title":{"rendered":"Sheinbaum y Menchaca ponen en marcha infraestructura deportiva que fortalece el tejido social en Pachuca"},"content":{"rendered":"<aside class=\"mashsb-container mashsb-main mashsb-stretched\"><div class=\"mashsb-box\"><div class=\"mashsb-count mash-large\" style=\"float:left\"><div class=\"counts mashsbcount\">0<\/div><span class=\"mashsb-sharetext\">SHARES<\/span><\/div><div class=\"mashsb-buttons\"><a class=\"mashicon-facebook mash-large mash-center mashsb-noshadow\" href=\"https:\/\/www.facebook.com\/sharer.php?u=https%3A%2F%2Fwww.zunoticia.com%2Fnoticias-de-hidalgo%2F2026%2F04%2F25%2Fsheinbaum-y-menchaca-supervisan-obra-deportiva-que-fortalece-el-tejido-social-en-pachuca%2F\" target=\"_top\" rel=\"nofollow\"><span class=\"icon\"><\/span><span class=\"text\">Share<\/span><\/a><a class=\"mashicon-twitter mash-large mash-center mashsb-noshadow\" href=\"https:\/\/twitter.com\/intent\/tweet?text=&amp;url=https:\/\/www.zunoticia.com\/noticias-de-hidalgo\/2026\/04\/25\/sheinbaum-y-menchaca-supervisan-obra-deportiva-que-fortalece-el-tejido-social-en-pachuca\/\" target=\"_top\" rel=\"nofollow\"><span class=\"icon\"><\/span><span class=\"text\">Tweet<\/span><\/a><div class=\"onoffswitch2 mash-large mashsb-noshadow\" style=\"display:none\"><\/div><\/div>\n            <\/div>\n                <div style=\"clear:both\"><\/div><div class=\"mashsb-toggle-container\"><\/div><\/aside>\n            <!-- Share buttons by mashshare.net - Version: 4.0.47-->\n<ul class=\"wp-block-list\">\n<li>El gobierno de Hidalgo destin\u00f3 m\u00e1s de 518 mdp en el complejo Ciudad Deportiva<\/li>\n<\/ul>\n\n\n\n<p><em>Por Redacci\u00f3n\/Zunoticia<\/em><\/p>\n\n\n\n<p><strong>Pachuca de Soto, Hgo<\/strong>.- En el marco de la gira de trabajo de la presidenta Claudia Sheinbaum Pardo por el estado de Hidalgo, junto con el gobernador Julio Menchaca Salazar, se llev\u00f3 a cabo la inauguraci\u00f3n de la denominada Ciudad Deportiva de Alto Rendimiento en Pachuca, proyecto que representa una inversi\u00f3n social superior a los 518 millones de pesos<\/p>\n\n\n\n<p>Durante esta actividad, correspondiente al segundo d\u00eda de trabajo en el estado, se constat\u00f3 el avance de este complejo moderno e incluyente, dise\u00f1ado para atender a atletas de alto rendimiento, deporte adaptado y a la poblaci\u00f3n en general, con instalaciones especializadas, seguras y accesibles.<\/p>\n\n\n\n<p>Al respecto, la presidenta Claudia Sheinbaum calific\u00f3 las instalaciones de la Ciudad Deportiva como dignas y extraordinarias, pues el complejo contempla m\u00e1s de 20 espacios deportivos, entre canchas especializadas y \u00e1reas multifuncionales, que permitir\u00e1n la pr\u00e1ctica y el desarrollo de m\u00e1s de 35 disciplinas, fortaleciendo la formaci\u00f3n deportiva y promoviendo estilos de vida saludables entre ni\u00f1as, ni\u00f1os, j\u00f3venes y adultos.<\/p>\n\n\n\n<figure class=\"wp-block-gallery has-nested-images columns-default is-cropped wp-block-gallery-1 is-layout-flex wp-block-gallery-is-layout-flex\">\n<figure class=\"wp-block-image size-large\"><img fetchpriority=\"high\" decoding=\"async\" width=\"933\" height=\"524\" data-id=\"634710\" src=\"https:\/\/www.zunoticia.com\/noticias-de-hidalgo\/wp-content\/uploads\/2026\/04\/Zunoticia-Huejutla-2-71.png\" alt=\"\" class=\"wp-image-634710\" srcset=\"https:\/\/www.zunoticia.com\/noticias-de-hidalgo\/wp-content\/uploads\/2026\/04\/Zunoticia-Huejutla-2-71.png 933w, https:\/\/www.zunoticia.com\/noticias-de-hidalgo\/wp-content\/uploads\/2026\/04\/Zunoticia-Huejutla-2-71-300x168.png 300w, https:\/\/www.zunoticia.com\/noticias-de-hidalgo\/wp-content\/uploads\/2026\/04\/Zunoticia-Huejutla-2-71-768x431.png 768w\" sizes=\"(max-width: 933px) 100vw, 933px\" \/><\/figure>\n\n\n\n<figure class=\"wp-block-image size-full\"><img decoding=\"async\" width=\"933\" height=\"524\" data-id=\"634711\" src=\"https:\/\/www.zunoticia.com\/noticias-de-hidalgo\/wp-content\/uploads\/2026\/04\/Zunoticia-Huejutla-1-166.png\" alt=\"\" class=\"wp-image-634711\" srcset=\"https:\/\/www.zunoticia.com\/noticias-de-hidalgo\/wp-content\/uploads\/2026\/04\/Zunoticia-Huejutla-1-166.png 933w, https:\/\/www.zunoticia.com\/noticias-de-hidalgo\/wp-content\/uploads\/2026\/04\/Zunoticia-Huejutla-1-166-300x168.png 300w, https:\/\/www.zunoticia.com\/noticias-de-hidalgo\/wp-content\/uploads\/2026\/04\/Zunoticia-Huejutla-1-166-768x431.png 768w\" sizes=\"(max-width: 933px) 100vw, 933px\" \/><\/figure>\n<\/figure>\n\n\n\n<p>Por su parte, Menchaca Salazar subray\u00f3 que este espacio refleja el compromiso conjunto por impulsar el deporte, el esparcimiento y la recuperaci\u00f3n de espacios p\u00fablicos que permanecieron en el abandono durante a\u00f1os.<\/p>\n\n\n\n<p>Asimismo, el titular del Ejecutivo estatal enfatiz\u00f3 que este proyecto posiciona a Hidalgo como una de las entidades que m\u00e1s est\u00e1 apostando por la infraestructura deportiva como motor de desarrollo social, fortaleciendo el tejido comunitario y generando bienestar para las y los hidalguenses.<\/p>\n","protected":false},"excerpt":{"rendered":"<p>Por Redacci\u00f3n\/Zunoticia Pachuca de Soto, Hgo.- En el marco de la gira de trabajo de la presidenta Claudia Sheinbaum Pardo por el estado de Hidalgo, junto con el gobernador Julio Menchaca Salazar, se llev\u00f3 a cabo la inauguraci\u00f3n de la denominada Ciudad Deportiva de Alto Rendimiento en Pachuca, proyecto que representa una inversi\u00f3n social superior&hellip; <a class=\"more-link\" href=\"https:\/\/www.zunoticia.com\/noticias-de-hidalgo\/2026\/04\/25\/sheinbaum-y-menchaca-supervisan-obra-deportiva-que-fortalece-el-tejido-social-en-pachuca\/\">Seguir leyendo <span class=\"screen-reader-text\">Sheinbaum y Menchaca ponen en marcha infraestructura deportiva que fortalece el tejido social en Pachuca<\/span><\/a><\/p>\n","protected":false},"author":20,"featured_media":634709,"comment_status":"open","ping_status":"open","sticky":false,"template":"","format":"standard","meta":{"rop_custom_images_group":[],"rop_custom_messages_group":[],"rop_publish_now":"initial","rop_publish_now_accounts":{"facebook_10159540855086992_322828327761733":""},"rop_publish_now_history":[],"rop_publish_now_status":"pending","footnotes":""},"categories":[208],"tags":[214],"class_list":["post-634708","post","type-post","status-publish","format-standard","has-post-thumbnail","hentry","category-estado","tag-estado","entry"],"_links":{"self":[{"href":"https:\/\/www.zunoticia.com\/noticias-de-hidalgo\/wp-json\/wp\/v2\/posts\/634708","targetHints":{"allow":["GET"]}}],"collection":[{"href":"https:\/\/www.zunoticia.com\/noticias-de-hidalgo\/wp-json\/wp\/v2\/posts"}],"about":[{"href":"https:\/\/www.zunoticia.com\/noticias-de-hidalgo\/wp-json\/wp\/v2\/types\/post"}],"author":[{"embeddable":true,"href":"https:\/\/www.zunoticia.com\/noticias-de-hidalgo\/wp-json\/wp\/v2\/users\/20"}],"replies":[{"embeddable":true,"href":"https:\/\/www.zunoticia.com\/noticias-de-hidalgo\/wp-json\/wp\/v2\/comments?post=634708"}],"version-history":[{"count":3,"href":"https:\/\/www.zunoticia.com\/noticias-de-hidalgo\/wp-json\/wp\/v2\/posts\/634708\/revisions"}],"predecessor-version":[{"id":634717,"href":"https:\/\/www.zunoticia.com\/noticias-de-hidalgo\/wp-json\/wp\/v2\/posts\/634708\/revisions\/634717"}],"wp:featuredmedia":[{"embeddable":true,"href":"https:\/\/www.zunoticia.com\/noticias-de-hidalgo\/wp-json\/wp\/v2\/media\/634709"}],"wp:attachment":[{"href":"https:\/\/www.zunoticia.com\/noticias-de-hidalgo\/wp-json\/wp\/v2\/media?parent=634708"}],"wp:term":[{"taxonomy":"category","embeddable":true,"href":"https:\/\/www.zunoticia.com\/noticias-de-hidalgo\/wp-json\/wp\/v2\/categories?post=634708"},{"taxonomy":"post_tag","embeddable":true,"href":"https:\/\/www.zunoticia.com\/noticias-de-hidalgo\/wp-json\/wp\/v2\/tags?post=634708"}],"curies":[{"name":"wp","href":"https:\/\/api.w.org\/{rel}","templated":true}]}}