{"id":634713,"date":"2026-04-25T14:27:58","date_gmt":"2026-04-25T20:27:58","guid":{"rendered":"https:\/\/www.zunoticia.com\/noticias-de-hidalgo\/?p=634713"},"modified":"2026-04-25T14:27:59","modified_gmt":"2026-04-25T20:27:59","slug":"con-el-lema-vacunar-es-amar-inicia-la-semana-nacional-de-vacunacion-2026","status":"publish","type":"post","link":"https:\/\/www.zunoticia.com\/noticias-de-hidalgo\/2026\/04\/25\/con-el-lema-vacunar-es-amar-inicia-la-semana-nacional-de-vacunacion-2026\/","title":{"rendered":"Con el lema &#8216;vacunar es amar&#8217; inicia la Semana Nacional de Vacunaci\u00f3n 2026"},"content":{"rendered":"<aside class=\"mashsb-container mashsb-main mashsb-stretched\"><div class=\"mashsb-box\"><div class=\"mashsb-count mash-large\" style=\"float:left\"><div class=\"counts mashsbcount\">0<\/div><span class=\"mashsb-sharetext\">SHARES<\/span><\/div><div class=\"mashsb-buttons\"><a class=\"mashicon-facebook mash-large mash-center mashsb-noshadow\" href=\"https:\/\/www.facebook.com\/sharer.php?u=https%3A%2F%2Fwww.zunoticia.com%2Fnoticias-de-hidalgo%2F2026%2F04%2F25%2Fcon-el-lema-vacunar-es-amar-inicia-la-semana-nacional-de-vacunacion-2026%2F\" target=\"_top\" rel=\"nofollow\"><span class=\"icon\"><\/span><span class=\"text\">Share<\/span><\/a><a class=\"mashicon-twitter mash-large mash-center mashsb-noshadow\" href=\"https:\/\/twitter.com\/intent\/tweet?text=&amp;url=https:\/\/www.zunoticia.com\/noticias-de-hidalgo\/2026\/04\/25\/con-el-lema-vacunar-es-amar-inicia-la-semana-nacional-de-vacunacion-2026\/\" target=\"_top\" rel=\"nofollow\"><span class=\"icon\"><\/span><span class=\"text\">Tweet<\/span><\/a><div class=\"onoffswitch2 mash-large mashsb-noshadow\" style=\"display:none\"><\/div><\/div>\n            <\/div>\n                <div style=\"clear:both\"><\/div><div class=\"mashsb-toggle-container\"><\/div><\/aside>\n            <!-- Share buttons by mashshare.net - Version: 4.0.47-->\n<p><em>Por Enedino Hern\u00e1ndez \/ Zunoticia<\/em><\/p>\n\n\n\n<p><strong>Huejutla, Hgo.<\/strong> &#8211; Teniendo como lema &#8216;vacunar es amar&#8217;, durante la ma\u00f1ana del s\u00e1bado inici\u00f3 la Semana Nacional de Vacunaci\u00f3n que ser\u00e1 del 25 de abril al 2 de mayo.<\/p>\n\n\n\n<p>Es importante se\u00f1alar que la Semana Nacional de Vacunaci\u00f3n 2026 inici\u00f3 en el Centro de Salud IMSS Bienestar, de la colonia Capit\u00e1n Antonio Reyes en esta ciudad de Huejutla de Reyes.<\/p>\n\n\n\n<p>El evento fue presidido por Jorge Luis Escobedo, coordinador m\u00e9dico regional de la Zona Huasteca; Josmar Heidi Antonio, coordinadora general de Epidemiolog\u00eda; Yadira L\u00f3pez, coordinadora del \u00e1rea de Calidad y Ense\u00f1anza; Karen Zer\u00f3n, supervisora regional de Acci\u00f3n Comunitaria y Gesti\u00f3n Territorial; Ma. Magdalena Daniela Monterrubio, responsable de Medicina Preventiva; Rosalba Bautista, jefa de Enfermeras; \u00c1frica Olvera, m\u00e9dico general; Bernardina S\u00e1nchez, supervisora M\u00e9dica Regional; as\u00ed como Yanet Vite, m\u00e9dico general.<\/p>\n\n\n\n<p>Despu\u00e9s de la inauguraci\u00f3n del evento, el coordinador m\u00e9dico regional Zona Huasteca de Servicios de Salud y Bienestar, Jorge Luis Escobedo, destac\u00f3 la importancia de esta estrategia nacional orientada a reforzar la prevenci\u00f3n de enfermedades en la poblaci\u00f3n.<\/p>\n\n\n\n<p>Durante esta semana se intensifican las acciones de vacunaci\u00f3n fortaleciendo la prevenci\u00f3n en adultos, adolescentes, ni\u00f1os, ni\u00f1as, mujeres embarazadas y otros grupos de riesgo.<\/p>\n\n\n\n<p>Asimismo, dijo que, son 13 municipios de la regi\u00f3n los que participan en esta jornada como Huejutla, Calnali, San Felipe Orizatl\u00e1n, Huazalingo, Tlanchinol, Yahualica, Atlapexco, Huautla, Xochiatipan, Jaltoc\u00e1n, Molango, Tepehuac\u00e1n y Lolotla.<\/p>\n\n\n\n<p>Subray\u00f3 que las vacunas permitir\u00e1n proteger a la poblaci\u00f3n contra diversas enfermedades, fortaleciendo as\u00ed la salud p\u00fablica en esta zona de la Huasteca Hidalguense.<\/p>\n","protected":false},"excerpt":{"rendered":"<p>Por Enedino Hern\u00e1ndez \/ Zunoticia Huejutla, Hgo. &#8211; Teniendo como lema &#8216;vacunar es amar&#8217;, durante la ma\u00f1ana del s\u00e1bado inici\u00f3 la Semana Nacional de Vacunaci\u00f3n que ser\u00e1 del 25 de abril al 2 de mayo. Es importante se\u00f1alar que la Semana Nacional de Vacunaci\u00f3n 2026 inici\u00f3 en el Centro de Salud IMSS Bienestar, de la&hellip; <a class=\"more-link\" href=\"https:\/\/www.zunoticia.com\/noticias-de-hidalgo\/2026\/04\/25\/con-el-lema-vacunar-es-amar-inicia-la-semana-nacional-de-vacunacion-2026\/\">Seguir leyendo <span class=\"screen-reader-text\">Con el lema &#8216;vacunar es amar&#8217; inicia la Semana Nacional de Vacunaci\u00f3n 2026<\/span><\/a><\/p>\n","protected":false},"author":20,"featured_media":634714,"comment_status":"open","ping_status":"open","sticky":false,"template":"","format":"standard","meta":{"rop_custom_images_group":[],"rop_custom_messages_group":[],"rop_publish_now":"initial","rop_publish_now_accounts":{"facebook_10159540855086992_322828327761733":""},"rop_publish_now_history":[],"rop_publish_now_status":"pending","footnotes":""},"categories":[208],"tags":[214],"class_list":["post-634713","post","type-post","status-publish","format-standard","has-post-thumbnail","hentry","category-estado","tag-estado","entry"],"_links":{"self":[{"href":"https:\/\/www.zunoticia.com\/noticias-de-hidalgo\/wp-json\/wp\/v2\/posts\/634713","targetHints":{"allow":["GET"]}}],"collection":[{"href":"https:\/\/www.zunoticia.com\/noticias-de-hidalgo\/wp-json\/wp\/v2\/posts"}],"about":[{"href":"https:\/\/www.zunoticia.com\/noticias-de-hidalgo\/wp-json\/wp\/v2\/types\/post"}],"author":[{"embeddable":true,"href":"https:\/\/www.zunoticia.com\/noticias-de-hidalgo\/wp-json\/wp\/v2\/users\/20"}],"replies":[{"embeddable":true,"href":"https:\/\/www.zunoticia.com\/noticias-de-hidalgo\/wp-json\/wp\/v2\/comments?post=634713"}],"version-history":[{"count":1,"href":"https:\/\/www.zunoticia.com\/noticias-de-hidalgo\/wp-json\/wp\/v2\/posts\/634713\/revisions"}],"predecessor-version":[{"id":634715,"href":"https:\/\/www.zunoticia.com\/noticias-de-hidalgo\/wp-json\/wp\/v2\/posts\/634713\/revisions\/634715"}],"wp:featuredmedia":[{"embeddable":true,"href":"https:\/\/www.zunoticia.com\/noticias-de-hidalgo\/wp-json\/wp\/v2\/media\/634714"}],"wp:attachment":[{"href":"https:\/\/www.zunoticia.com\/noticias-de-hidalgo\/wp-json\/wp\/v2\/media?parent=634713"}],"wp:term":[{"taxonomy":"category","embeddable":true,"href":"https:\/\/www.zunoticia.com\/noticias-de-hidalgo\/wp-json\/wp\/v2\/categories?post=634713"},{"taxonomy":"post_tag","embeddable":true,"href":"https:\/\/www.zunoticia.com\/noticias-de-hidalgo\/wp-json\/wp\/v2\/tags?post=634713"}],"curies":[{"name":"wp","href":"https:\/\/api.w.org\/{rel}","templated":true}]}}