{"id":634734,"date":"2026-04-25T16:38:57","date_gmt":"2026-04-25T22:38:57","guid":{"rendered":"https:\/\/www.zunoticia.com\/noticias-de-hidalgo\/?p=634734"},"modified":"2026-04-25T16:38:59","modified_gmt":"2026-04-25T22:38:59","slug":"pusieron-en-marcha-la-semana-nacional-de-salud","status":"publish","type":"post","link":"https:\/\/www.zunoticia.com\/noticias-de-hidalgo\/2026\/04\/25\/pusieron-en-marcha-la-semana-nacional-de-salud\/","title":{"rendered":"Pusieron en marcha la Semana Nacional de Salud"},"content":{"rendered":"<aside class=\"mashsb-container mashsb-main mashsb-stretched\"><div class=\"mashsb-box\"><div class=\"mashsb-count mash-large\" style=\"float:left\"><div class=\"counts mashsbcount\">0<\/div><span class=\"mashsb-sharetext\">SHARES<\/span><\/div><div class=\"mashsb-buttons\"><a class=\"mashicon-facebook mash-large mash-center mashsb-noshadow\" href=\"https:\/\/www.facebook.com\/sharer.php?u=https%3A%2F%2Fwww.zunoticia.com%2Fnoticias-de-hidalgo%2F2026%2F04%2F25%2Fpusieron-en-marcha-la-semana-nacional-de-salud%2F\" target=\"_top\" rel=\"nofollow\"><span class=\"icon\"><\/span><span class=\"text\">Share<\/span><\/a><a class=\"mashicon-twitter mash-large mash-center mashsb-noshadow\" href=\"https:\/\/twitter.com\/intent\/tweet?text=&amp;url=https:\/\/www.zunoticia.com\/noticias-de-hidalgo\/2026\/04\/25\/pusieron-en-marcha-la-semana-nacional-de-salud\/\" target=\"_top\" rel=\"nofollow\"><span class=\"icon\"><\/span><span class=\"text\">Tweet<\/span><\/a><div class=\"onoffswitch2 mash-large mashsb-noshadow\" style=\"display:none\"><\/div><\/div>\n            <\/div>\n                <div style=\"clear:both\"><\/div><div class=\"mashsb-toggle-container\"><\/div><\/aside>\n            <!-- Share buttons by mashshare.net - Version: 4.0.47-->\n<p><em>Por Roberto Meza\/Zunoticia<\/em><\/p>\n\n\n\n<p><strong>Huazalingo, Hgo<\/strong>.- El director del Centro de Salud de este municipio TAT. Nicol\u00e1s Amador, se\u00f1al\u00f3 que este s\u00e1bado se puso en marcha la Semana Nacional de Salud, por lo que exhorta a la poblaci\u00f3n huazalinguense a participar en las diferentes acciones para bien de la salud p\u00fablica de todos.<\/p>\n\n\n\n<p>Resalt\u00f3 que personal de la unidad de salud IMSS- Bienestar Huazalingo inaugur\u00f3 la Semana de Vacunaci\u00f3n con el lema \u201cVacunar es amar\u201d, que se llevar\u00e1 a cabo del 25 de abril al 2 de mayo.&nbsp;<\/p>\n\n\n\n<p>En esta campa\u00f1a se aplicar\u00e1n biol\u00f3gicos para completar esquemas de vacunaci\u00f3n a ni\u00f1os menores de 5 a\u00f1os, menores de 10, adolescentes, embarazadas y adultos mayores.<\/p>\n\n\n\n<p>&#8220;Se invita a la poblaci\u00f3n a acudir a las unidades de salud m\u00e1s cercana, con su cartilla nacional de vacunaci\u00f3n&#8221; termin\u00f3 diciendo el directivo.<\/p>\n","protected":false},"excerpt":{"rendered":"<p>Por Roberto Meza\/Zunoticia Huazalingo, Hgo.- El director del Centro de Salud de este municipio TAT. Nicol\u00e1s Amador, se\u00f1al\u00f3 que este s\u00e1bado se puso en marcha la Semana Nacional de Salud, por lo que exhorta a la poblaci\u00f3n huazalinguense a participar en las diferentes acciones para bien de la salud p\u00fablica de todos. Resalt\u00f3 que personal&hellip; <a class=\"more-link\" href=\"https:\/\/www.zunoticia.com\/noticias-de-hidalgo\/2026\/04\/25\/pusieron-en-marcha-la-semana-nacional-de-salud\/\">Seguir leyendo <span class=\"screen-reader-text\">Pusieron en marcha la Semana Nacional de Salud<\/span><\/a><\/p>\n","protected":false},"author":20,"featured_media":634735,"comment_status":"open","ping_status":"open","sticky":false,"template":"","format":"standard","meta":{"rop_custom_images_group":[],"rop_custom_messages_group":[],"rop_publish_now":"initial","rop_publish_now_accounts":{"facebook_10159540855086992_322828327761733":""},"rop_publish_now_history":[],"rop_publish_now_status":"pending","footnotes":""},"categories":[179,212],"tags":[229,138],"class_list":["post-634734","post","type-post","status-publish","format-standard","has-post-thumbnail","hentry","category-huasteca","category-huazalingo","tag-huasteca","tag-huazalingo","entry"],"_links":{"self":[{"href":"https:\/\/www.zunoticia.com\/noticias-de-hidalgo\/wp-json\/wp\/v2\/posts\/634734","targetHints":{"allow":["GET"]}}],"collection":[{"href":"https:\/\/www.zunoticia.com\/noticias-de-hidalgo\/wp-json\/wp\/v2\/posts"}],"about":[{"href":"https:\/\/www.zunoticia.com\/noticias-de-hidalgo\/wp-json\/wp\/v2\/types\/post"}],"author":[{"embeddable":true,"href":"https:\/\/www.zunoticia.com\/noticias-de-hidalgo\/wp-json\/wp\/v2\/users\/20"}],"replies":[{"embeddable":true,"href":"https:\/\/www.zunoticia.com\/noticias-de-hidalgo\/wp-json\/wp\/v2\/comments?post=634734"}],"version-history":[{"count":1,"href":"https:\/\/www.zunoticia.com\/noticias-de-hidalgo\/wp-json\/wp\/v2\/posts\/634734\/revisions"}],"predecessor-version":[{"id":634736,"href":"https:\/\/www.zunoticia.com\/noticias-de-hidalgo\/wp-json\/wp\/v2\/posts\/634734\/revisions\/634736"}],"wp:featuredmedia":[{"embeddable":true,"href":"https:\/\/www.zunoticia.com\/noticias-de-hidalgo\/wp-json\/wp\/v2\/media\/634735"}],"wp:attachment":[{"href":"https:\/\/www.zunoticia.com\/noticias-de-hidalgo\/wp-json\/wp\/v2\/media?parent=634734"}],"wp:term":[{"taxonomy":"category","embeddable":true,"href":"https:\/\/www.zunoticia.com\/noticias-de-hidalgo\/wp-json\/wp\/v2\/categories?post=634734"},{"taxonomy":"post_tag","embeddable":true,"href":"https:\/\/www.zunoticia.com\/noticias-de-hidalgo\/wp-json\/wp\/v2\/tags?post=634734"}],"curies":[{"name":"wp","href":"https:\/\/api.w.org\/{rel}","templated":true}]}}