{"id":634742,"date":"2026-04-25T17:09:36","date_gmt":"2026-04-25T23:09:36","guid":{"rendered":"https:\/\/www.zunoticia.com\/noticias-de-hidalgo\/?p=634742"},"modified":"2026-04-25T17:09:38","modified_gmt":"2026-04-25T23:09:38","slug":"creemos-en-la-justicia-en-que-todas-y-todos-deben-tener-las-mismas-oportunidades-susy-angeles","status":"publish","type":"post","link":"https:\/\/www.zunoticia.com\/noticias-de-hidalgo\/2026\/04\/25\/creemos-en-la-justicia-en-que-todas-y-todos-deben-tener-las-mismas-oportunidades-susy-angeles\/","title":{"rendered":"Creemos en la justicia, en que todas y todos deben tener las mismas oportunidades: Susy \u00c1ngeles"},"content":{"rendered":"<aside class=\"mashsb-container mashsb-main mashsb-stretched\"><div class=\"mashsb-box\"><div class=\"mashsb-count mash-large\" style=\"float:left\"><div class=\"counts mashsbcount\">0<\/div><span class=\"mashsb-sharetext\">SHARES<\/span><\/div><div class=\"mashsb-buttons\"><a class=\"mashicon-facebook mash-large mash-center mashsb-noshadow\" href=\"https:\/\/www.facebook.com\/sharer.php?u=https%3A%2F%2Fwww.zunoticia.com%2Fnoticias-de-hidalgo%2F2026%2F04%2F25%2Fcreemos-en-la-justicia-en-que-todas-y-todos-deben-tener-las-mismas-oportunidades-susy-angeles%2F\" target=\"_top\" rel=\"nofollow\"><span class=\"icon\"><\/span><span class=\"text\">Share<\/span><\/a><a class=\"mashicon-twitter mash-large mash-center mashsb-noshadow\" href=\"https:\/\/twitter.com\/intent\/tweet?text=&amp;url=https:\/\/www.zunoticia.com\/noticias-de-hidalgo\/2026\/04\/25\/creemos-en-la-justicia-en-que-todas-y-todos-deben-tener-las-mismas-oportunidades-susy-angeles\/\" target=\"_top\" rel=\"nofollow\"><span class=\"icon\"><\/span><span class=\"text\">Tweet<\/span><\/a><div class=\"onoffswitch2 mash-large mashsb-noshadow\" style=\"display:none\"><\/div><\/div>\n            <\/div>\n                <div style=\"clear:both\"><\/div><div class=\"mashsb-toggle-container\"><\/div><\/aside>\n            <!-- Share buttons by mashshare.net - Version: 4.0.47-->\n<ul class=\"wp-block-list\">\n<li>La consejera nacional entreg\u00f3 obsequios en la &#8220;Idelfonso Vel\u00e1zquez Ibarra&#8221;.<\/li>\n<\/ul>\n\n\n\n<p><em>Por Karen Rivera\/ Zunoticia<\/em><\/p>\n\n\n\n<p><strong>Huejutla de Reyes, Hgo<\/strong>.- Con el prop\u00f3sito de conmemorar el D\u00eda del Ni\u00f1o, el 10 de mayo y el D\u00eda del Maestro, la consejera nacional de MORENA, Susana \u00c1ngeles, entreg\u00f3 obsequios en la Escuela Primaria &#8220;Idelfonso Vel\u00e1zquez Ibarra&#8221;.<\/p>\n\n\n\n<p>En la mesa de honor se cont\u00f3 con la presencia de la consejera nacional de MORENA, Susy \u00c1ngeles; la directora del plantel, Mar\u00eda Concepci\u00f3n Hern\u00e1ndez; el subdirector, profesor Arturo Badillo Molinos; as\u00ed como integrantes de la Asociaci\u00f3n de Padres de Familia (APF): Ver\u00f3nica L\u00f3pez de los Santos, presidenta; Beatriz Adriana Ramos G\u00f3mez, Consuelo Flores, \u00c9lida Hern\u00e1ndez Flores y Mayra Ortiz Vega, vocales, adem\u00e1s de docentes y estudiantes.<\/p>\n\n\n\n<p>Durante su intervenci\u00f3n, la presidenta de la APF, Ver\u00f3nica L\u00f3pez de los Santos, dio la bienvenida a la invitada especial, destacando su disposici\u00f3n para atender las gestiones en favor de la comunidad educativa.<\/p>\n\n\n\n<figure class=\"wp-block-gallery has-nested-images columns-default is-cropped wp-block-gallery-1 is-layout-flex wp-block-gallery-is-layout-flex\">\n<figure class=\"wp-block-image size-large\"><img fetchpriority=\"high\" decoding=\"async\" width=\"933\" height=\"524\" data-id=\"634746\" src=\"https:\/\/www.zunoticia.com\/noticias-de-hidalgo\/wp-content\/uploads\/2026\/04\/Zunoticia-Huejutla-2-73.png\" alt=\"\" class=\"wp-image-634746\" srcset=\"https:\/\/www.zunoticia.com\/noticias-de-hidalgo\/wp-content\/uploads\/2026\/04\/Zunoticia-Huejutla-2-73.png 933w, https:\/\/www.zunoticia.com\/noticias-de-hidalgo\/wp-content\/uploads\/2026\/04\/Zunoticia-Huejutla-2-73-300x168.png 300w, https:\/\/www.zunoticia.com\/noticias-de-hidalgo\/wp-content\/uploads\/2026\/04\/Zunoticia-Huejutla-2-73-768x431.png 768w\" sizes=\"(max-width: 933px) 100vw, 933px\" \/><\/figure>\n\n\n\n<figure class=\"wp-block-image size-large\"><img decoding=\"async\" width=\"933\" height=\"524\" data-id=\"634747\" src=\"https:\/\/www.zunoticia.com\/noticias-de-hidalgo\/wp-content\/uploads\/2026\/04\/Zunoticia-Huejutla-1-171.png\" alt=\"\" class=\"wp-image-634747\" srcset=\"https:\/\/www.zunoticia.com\/noticias-de-hidalgo\/wp-content\/uploads\/2026\/04\/Zunoticia-Huejutla-1-171.png 933w, https:\/\/www.zunoticia.com\/noticias-de-hidalgo\/wp-content\/uploads\/2026\/04\/Zunoticia-Huejutla-1-171-300x168.png 300w, https:\/\/www.zunoticia.com\/noticias-de-hidalgo\/wp-content\/uploads\/2026\/04\/Zunoticia-Huejutla-1-171-768x431.png 768w\" sizes=\"(max-width: 933px) 100vw, 933px\" \/><\/figure>\n<\/figure>\n\n\n\n<p>\u201cHoy nos sentimos muy afortunados con la presencia de la Licenciada Susy \u00c1ngeles, le damos las m\u00e1s cordiales bienvenidas y las sinceras gracias por su gran sentido generoso\u201d, expres\u00f3. Asimismo, le dese\u00f3 \u00e9xito en sus proyectos personales y profesionales, reiterando el respaldo de los padres de familia.<\/p>\n\n\n\n<p>Por su parte, Susy \u00c1ngeles agradeci\u00f3 el recibimiento y resalt\u00f3 que no es la primera ocasi\u00f3n en que visita la instituci\u00f3n, ya que desde hace varios a\u00f1os ha colaborado en actividades similares.<\/p>\n\n\n\n<p>Se\u00f1al\u00f3 que, tras recibir la invitaci\u00f3n por parte de las autoridades escolares, se organizaron con el apoyo de diversas personas para llevar a cabo una iniciativa solidaria.<\/p>\n\n\n\n<p>Explic\u00f3 que, como parte de estas acciones, se implement\u00f3 un esquema de apoyo denominado \u201cOperativo Reyes\u201d, mediante el cual se logr\u00f3 reunir recursos para la adquisici\u00f3n de bicicletas que ser\u00edan rifadas entre los alumnos, una por cada grado escolar.<\/p>\n\n\n\n<p>\u201cCreemos en la justicia y en que todas y todos deben tener las mismas oportunidades, por eso decidimos que fuera mediante sorteo\u201d, puntualiz\u00f3.<\/p>\n\n\n\n<p>Asimismo, inform\u00f3 que, tambi\u00e9n se entregaron pantallas como apoyo para las familias, reconociendo el esfuerzo de las madres de familia que, adem\u00e1s de trabajar, realizan labores en el hogar.<\/p>\n\n\n\n<p>El evento concluy\u00f3 entre aplausos y muestras de agradecimiento por parte de la comunidad escolar, destacando la importancia de la colaboraci\u00f3n entre autoridades, padres de familia y sociedad para fortalecer el bienestar de ni\u00f1as, ni\u00f1os y docentes.<\/p>\n","protected":false},"excerpt":{"rendered":"<p>Por Karen Rivera\/ Zunoticia Huejutla de Reyes, Hgo.- Con el prop\u00f3sito de conmemorar el D\u00eda del Ni\u00f1o, el 10 de mayo y el D\u00eda del Maestro, la consejera nacional de MORENA, Susana \u00c1ngeles, entreg\u00f3 obsequios en la Escuela Primaria &#8220;Idelfonso Vel\u00e1zquez Ibarra&#8221;. En la mesa de honor se cont\u00f3 con la presencia de la consejera&hellip; <a class=\"more-link\" href=\"https:\/\/www.zunoticia.com\/noticias-de-hidalgo\/2026\/04\/25\/creemos-en-la-justicia-en-que-todas-y-todos-deben-tener-las-mismas-oportunidades-susy-angeles\/\">Seguir leyendo <span class=\"screen-reader-text\">Creemos en la justicia, en que todas y todos deben tener las mismas oportunidades: Susy \u00c1ngeles<\/span><\/a><\/p>\n","protected":false},"author":20,"featured_media":634743,"comment_status":"open","ping_status":"open","sticky":false,"template":"","format":"standard","meta":{"rop_custom_images_group":[],"rop_custom_messages_group":[],"rop_publish_now":"initial","rop_publish_now_accounts":{"facebook_10159540855086992_322828327761733":""},"rop_publish_now_history":[],"rop_publish_now_status":"pending","footnotes":""},"categories":[181],"tags":[121],"class_list":["post-634742","post","type-post","status-publish","format-standard","has-post-thumbnail","hentry","category-huejutla","tag-huejutla","entry"],"_links":{"self":[{"href":"https:\/\/www.zunoticia.com\/noticias-de-hidalgo\/wp-json\/wp\/v2\/posts\/634742","targetHints":{"allow":["GET"]}}],"collection":[{"href":"https:\/\/www.zunoticia.com\/noticias-de-hidalgo\/wp-json\/wp\/v2\/posts"}],"about":[{"href":"https:\/\/www.zunoticia.com\/noticias-de-hidalgo\/wp-json\/wp\/v2\/types\/post"}],"author":[{"embeddable":true,"href":"https:\/\/www.zunoticia.com\/noticias-de-hidalgo\/wp-json\/wp\/v2\/users\/20"}],"replies":[{"embeddable":true,"href":"https:\/\/www.zunoticia.com\/noticias-de-hidalgo\/wp-json\/wp\/v2\/comments?post=634742"}],"version-history":[{"count":1,"href":"https:\/\/www.zunoticia.com\/noticias-de-hidalgo\/wp-json\/wp\/v2\/posts\/634742\/revisions"}],"predecessor-version":[{"id":634748,"href":"https:\/\/www.zunoticia.com\/noticias-de-hidalgo\/wp-json\/wp\/v2\/posts\/634742\/revisions\/634748"}],"wp:featuredmedia":[{"embeddable":true,"href":"https:\/\/www.zunoticia.com\/noticias-de-hidalgo\/wp-json\/wp\/v2\/media\/634743"}],"wp:attachment":[{"href":"https:\/\/www.zunoticia.com\/noticias-de-hidalgo\/wp-json\/wp\/v2\/media?parent=634742"}],"wp:term":[{"taxonomy":"category","embeddable":true,"href":"https:\/\/www.zunoticia.com\/noticias-de-hidalgo\/wp-json\/wp\/v2\/categories?post=634742"},{"taxonomy":"post_tag","embeddable":true,"href":"https:\/\/www.zunoticia.com\/noticias-de-hidalgo\/wp-json\/wp\/v2\/tags?post=634742"}],"curies":[{"name":"wp","href":"https:\/\/api.w.org\/{rel}","templated":true}]}}