{"id":634756,"date":"2026-04-25T19:42:02","date_gmt":"2026-04-26T01:42:02","guid":{"rendered":"https:\/\/www.zunoticia.com\/noticias-de-hidalgo\/?p=634756"},"modified":"2026-04-25T19:42:03","modified_gmt":"2026-04-26T01:42:03","slug":"choco-y-se-dio-a-la-fuga-2","status":"publish","type":"post","link":"https:\/\/www.zunoticia.com\/noticias-de-hidalgo\/2026\/04\/25\/choco-y-se-dio-a-la-fuga-2\/","title":{"rendered":"Choc\u00f3 y se dio a la fuga"},"content":{"rendered":"<aside class=\"mashsb-container mashsb-main mashsb-stretched\"><div class=\"mashsb-box\"><div class=\"mashsb-count mash-large\" style=\"float:left\"><div class=\"counts mashsbcount\">0<\/div><span class=\"mashsb-sharetext\">SHARES<\/span><\/div><div class=\"mashsb-buttons\"><a class=\"mashicon-facebook mash-large mash-center mashsb-noshadow\" href=\"https:\/\/www.facebook.com\/sharer.php?u=https%3A%2F%2Fwww.zunoticia.com%2Fnoticias-de-hidalgo%2F2026%2F04%2F25%2Fchoco-y-se-dio-a-la-fuga-2%2F\" target=\"_top\" rel=\"nofollow\"><span class=\"icon\"><\/span><span class=\"text\">Share<\/span><\/a><a class=\"mashicon-twitter mash-large mash-center mashsb-noshadow\" href=\"https:\/\/twitter.com\/intent\/tweet?text=&amp;url=https:\/\/www.zunoticia.com\/noticias-de-hidalgo\/2026\/04\/25\/choco-y-se-dio-a-la-fuga-2\/\" target=\"_top\" rel=\"nofollow\"><span class=\"icon\"><\/span><span class=\"text\">Tweet<\/span><\/a><div class=\"onoffswitch2 mash-large mashsb-noshadow\" style=\"display:none\"><\/div><\/div>\n            <\/div>\n                <div style=\"clear:both\"><\/div><div class=\"mashsb-toggle-container\"><\/div><\/aside>\n            <!-- Share buttons by mashshare.net - Version: 4.0.47-->\n<p><em>Por Roberto Ram\u00edrez\/Zunoticia<\/em><\/p>\n\n\n\n<p><strong>Huejutla, Hgo.-<\/strong> Conductor de una camioneta se dio a la fuga tras chocar y da\u00f1ar un autom\u00f3vil en la zona centro,&nbsp; la parte afectada piden el apoyo ciudadano para ubicar y localizar con el responsable que ocasion\u00f3 este accidente.<\/p>\n\n\n\n<p>Fue sobre la calle Juan Mogica Ugalde esquina con la Jaime Nun\u00f3 donde un conductor de una camioneta Ford blanca, impact\u00f3 en parte lateral izquierdo de un autom\u00f3vil que estaba estacionado en ese lugar y huyo del lugar para evitar cubrir los gastos de este percance.<\/p>\n\n\n\n<p>El presunto responsable de este accidente manejaba con exceso de velocidad sobre la calle Mogica Ugalde y para evitar chocar con un auto que circulaba sobre la Jaime Nuno, maniobr\u00f3 bruscamente y choc\u00f3 con el autom\u00f3vil dejando cuantiosos da\u00f1os materiales.<\/p>\n","protected":false},"excerpt":{"rendered":"<p>Por Roberto Ram\u00edrez\/Zunoticia Huejutla, Hgo.- Conductor de una camioneta se dio a la fuga tras chocar y da\u00f1ar un autom\u00f3vil en la zona centro,&nbsp; la parte afectada piden el apoyo ciudadano para ubicar y localizar con el responsable que ocasion\u00f3 este accidente. Fue sobre la calle Juan Mogica Ugalde esquina con la Jaime Nun\u00f3 donde&hellip; <a class=\"more-link\" href=\"https:\/\/www.zunoticia.com\/noticias-de-hidalgo\/2026\/04\/25\/choco-y-se-dio-a-la-fuga-2\/\">Seguir leyendo <span class=\"screen-reader-text\">Choc\u00f3 y se dio a la fuga<\/span><\/a><\/p>\n","protected":false},"author":13,"featured_media":634759,"comment_status":"open","ping_status":"open","sticky":false,"template":"","format":"standard","meta":{"rop_custom_images_group":[],"rop_custom_messages_group":[],"rop_publish_now":"initial","rop_publish_now_accounts":{"facebook_10159540855086992_322828327761733":""},"rop_publish_now_history":[],"rop_publish_now_status":"pending","footnotes":""},"categories":[178],"tags":[259],"class_list":["post-634756","post","type-post","status-publish","format-standard","has-post-thumbnail","hentry","category-policiaca","tag-policiaca","entry"],"_links":{"self":[{"href":"https:\/\/www.zunoticia.com\/noticias-de-hidalgo\/wp-json\/wp\/v2\/posts\/634756","targetHints":{"allow":["GET"]}}],"collection":[{"href":"https:\/\/www.zunoticia.com\/noticias-de-hidalgo\/wp-json\/wp\/v2\/posts"}],"about":[{"href":"https:\/\/www.zunoticia.com\/noticias-de-hidalgo\/wp-json\/wp\/v2\/types\/post"}],"author":[{"embeddable":true,"href":"https:\/\/www.zunoticia.com\/noticias-de-hidalgo\/wp-json\/wp\/v2\/users\/13"}],"replies":[{"embeddable":true,"href":"https:\/\/www.zunoticia.com\/noticias-de-hidalgo\/wp-json\/wp\/v2\/comments?post=634756"}],"version-history":[{"count":1,"href":"https:\/\/www.zunoticia.com\/noticias-de-hidalgo\/wp-json\/wp\/v2\/posts\/634756\/revisions"}],"predecessor-version":[{"id":634760,"href":"https:\/\/www.zunoticia.com\/noticias-de-hidalgo\/wp-json\/wp\/v2\/posts\/634756\/revisions\/634760"}],"wp:featuredmedia":[{"embeddable":true,"href":"https:\/\/www.zunoticia.com\/noticias-de-hidalgo\/wp-json\/wp\/v2\/media\/634759"}],"wp:attachment":[{"href":"https:\/\/www.zunoticia.com\/noticias-de-hidalgo\/wp-json\/wp\/v2\/media?parent=634756"}],"wp:term":[{"taxonomy":"category","embeddable":true,"href":"https:\/\/www.zunoticia.com\/noticias-de-hidalgo\/wp-json\/wp\/v2\/categories?post=634756"},{"taxonomy":"post_tag","embeddable":true,"href":"https:\/\/www.zunoticia.com\/noticias-de-hidalgo\/wp-json\/wp\/v2\/tags?post=634756"}],"curies":[{"name":"wp","href":"https:\/\/api.w.org\/{rel}","templated":true}]}}