{"id":634793,"date":"2026-04-26T12:44:15","date_gmt":"2026-04-26T18:44:15","guid":{"rendered":"https:\/\/www.zunoticia.com\/noticias-de-hidalgo\/?p=634793"},"modified":"2026-04-26T12:44:17","modified_gmt":"2026-04-26T18:44:17","slug":"celebra-dif-hidalgo-a-la-ninez-hidalguense","status":"publish","type":"post","link":"https:\/\/www.zunoticia.com\/noticias-de-hidalgo\/2026\/04\/26\/celebra-dif-hidalgo-a-la-ninez-hidalguense\/","title":{"rendered":"Celebra DIF Hidalgo a la ni\u00f1ez hidalguense"},"content":{"rendered":"<aside class=\"mashsb-container mashsb-main mashsb-stretched\"><div class=\"mashsb-box\"><div class=\"mashsb-count mash-large\" style=\"float:left\"><div class=\"counts mashsbcount\">0<\/div><span class=\"mashsb-sharetext\">SHARES<\/span><\/div><div class=\"mashsb-buttons\"><a class=\"mashicon-facebook mash-large mash-center mashsb-noshadow\" href=\"https:\/\/www.facebook.com\/sharer.php?u=https%3A%2F%2Fwww.zunoticia.com%2Fnoticias-de-hidalgo%2F2026%2F04%2F26%2Fcelebra-dif-hidalgo-a-la-ninez-hidalguense%2F\" target=\"_top\" rel=\"nofollow\"><span class=\"icon\"><\/span><span class=\"text\">Share<\/span><\/a><a class=\"mashicon-twitter mash-large mash-center mashsb-noshadow\" href=\"https:\/\/twitter.com\/intent\/tweet?text=&amp;url=https:\/\/www.zunoticia.com\/noticias-de-hidalgo\/2026\/04\/26\/celebra-dif-hidalgo-a-la-ninez-hidalguense\/\" target=\"_top\" rel=\"nofollow\"><span class=\"icon\"><\/span><span class=\"text\">Tweet<\/span><\/a><div class=\"onoffswitch2 mash-large mashsb-noshadow\" style=\"display:none\"><\/div><\/div>\n            <\/div>\n                <div style=\"clear:both\"><\/div><div class=\"mashsb-toggle-container\"><\/div><\/aside>\n            <!-- Share buttons by mashshare.net - Version: 4.0.47-->\n<ul class=\"wp-block-list\">\n<li>M\u00e1s de 12 mil asistentes disfrutaron de actividades con tem\u00e1tica futbolera<\/li>\n<\/ul>\n\n\n\n<p><em>Por Redacci\u00f3n\/Zunoticia<\/em><\/p>\n\n\n\n<p><strong>Pachuca de Soto, Hgo<\/strong><strong>.-<\/strong> Bajo el lema \u201c\u00danete a la Reta\u201d, el Sistema DIF Hidalgo (DIFH), dirigido por Edda Vite Ramos como presidenta del Patronato, llev\u00f3 a cabo la 4\u00aa edici\u00f3n de \u201cFestejemos a las Ni\u00f1as y los Ni\u00f1os de Hidalgo\u201d, como una forma de reconocer a la infancia hidalguense, adem\u00e1s de promover la pr\u00e1ctica del deporte y la convivencia familiar.<\/p>\n\n\n\n<figure class=\"wp-block-image size-large\"><img fetchpriority=\"high\" decoding=\"async\" width=\"1024\" height=\"574\" src=\"https:\/\/www.zunoticia.com\/noticias-de-hidalgo\/wp-content\/uploads\/2026\/04\/eZy-Watermark_26-04-2026_12-22-56-0980p.m-1024x574.jpg\" alt=\"\" class=\"wp-image-634796\" srcset=\"https:\/\/www.zunoticia.com\/noticias-de-hidalgo\/wp-content\/uploads\/2026\/04\/eZy-Watermark_26-04-2026_12-22-56-0980p.m-1024x574.jpg 1024w, https:\/\/www.zunoticia.com\/noticias-de-hidalgo\/wp-content\/uploads\/2026\/04\/eZy-Watermark_26-04-2026_12-22-56-0980p.m-300x168.jpg 300w, https:\/\/www.zunoticia.com\/noticias-de-hidalgo\/wp-content\/uploads\/2026\/04\/eZy-Watermark_26-04-2026_12-22-56-0980p.m-768x431.jpg 768w, https:\/\/www.zunoticia.com\/noticias-de-hidalgo\/wp-content\/uploads\/2026\/04\/eZy-Watermark_26-04-2026_12-22-56-0980p.m.jpg 1280w\" sizes=\"(max-width: 1024px) 100vw, 1024px\" \/><\/figure>\n\n\n\n<p>La actividad recibi\u00f3 a m\u00e1s de 12 mil asistentes, quienes acudieron a las instalaciones del Recinto Ferial en Pachuca los d\u00edas 24 y 25 de abril, para vivir una experiencia con tem\u00e1tica futbolera, en el contexto mundialista que se avecina para M\u00e9xico e Hidalgo.<\/p>\n\n\n\n<figure class=\"wp-block-image size-large\"><img decoding=\"async\" width=\"1024\" height=\"574\" src=\"https:\/\/www.zunoticia.com\/noticias-de-hidalgo\/wp-content\/uploads\/2026\/04\/eZy-Watermark_26-04-2026_12-21-21-9850p.m-1024x574.jpg\" alt=\"\" class=\"wp-image-634797\" srcset=\"https:\/\/www.zunoticia.com\/noticias-de-hidalgo\/wp-content\/uploads\/2026\/04\/eZy-Watermark_26-04-2026_12-21-21-9850p.m-1024x574.jpg 1024w, https:\/\/www.zunoticia.com\/noticias-de-hidalgo\/wp-content\/uploads\/2026\/04\/eZy-Watermark_26-04-2026_12-21-21-9850p.m-300x168.jpg 300w, https:\/\/www.zunoticia.com\/noticias-de-hidalgo\/wp-content\/uploads\/2026\/04\/eZy-Watermark_26-04-2026_12-21-21-9850p.m-768x431.jpg 768w, https:\/\/www.zunoticia.com\/noticias-de-hidalgo\/wp-content\/uploads\/2026\/04\/eZy-Watermark_26-04-2026_12-21-21-9850p.m.jpg 1280w\" sizes=\"(max-width: 1024px) 100vw, 1024px\" \/><\/figure>\n\n\n\n<p>\u201cSomos sede del Mundial y no debemos ser espectadores; somos participantes de esta gran fiesta. Adem\u00e1s, somos la cuna del f\u00fatbol y, por tanto, hay que promover que las ni\u00f1as y los ni\u00f1os se sumerjan en este deporte tan bonito\u201d, indic\u00f3 Edda Vite Ramos durante el inicio de actividades.<\/p>\n\n\n\n<figure class=\"wp-block-image size-large\"><img decoding=\"async\" width=\"1024\" height=\"656\" src=\"https:\/\/www.zunoticia.com\/noticias-de-hidalgo\/wp-content\/uploads\/2026\/04\/eZy-Watermark_26-04-2026_12-22-20-5320p.m-1024x656.jpg\" alt=\"\" class=\"wp-image-634798\" srcset=\"https:\/\/www.zunoticia.com\/noticias-de-hidalgo\/wp-content\/uploads\/2026\/04\/eZy-Watermark_26-04-2026_12-22-20-5320p.m-1024x656.jpg 1024w, https:\/\/www.zunoticia.com\/noticias-de-hidalgo\/wp-content\/uploads\/2026\/04\/eZy-Watermark_26-04-2026_12-22-20-5320p.m-300x192.jpg 300w, https:\/\/www.zunoticia.com\/noticias-de-hidalgo\/wp-content\/uploads\/2026\/04\/eZy-Watermark_26-04-2026_12-22-20-5320p.m-768x492.jpg 768w, https:\/\/www.zunoticia.com\/noticias-de-hidalgo\/wp-content\/uploads\/2026\/04\/eZy-Watermark_26-04-2026_12-22-20-5320p.m.jpg 1280w\" sizes=\"(max-width: 1024px) 100vw, 1024px\" \/><\/figure>\n\n\n\n<p>En ese sentido, la presidenta del Patronato reconoci\u00f3 el respaldo del Gobierno del Estado de Hidalgo, encabezado por Julio Menchaca Salazar, que, a trav\u00e9s de 19 secretar\u00edas y cuatro organismos descentralizados, formaron parte de las 36 atracciones disponibles para la ni\u00f1ez hidalguense en este festejo.<\/p>\n\n\n\n<figure class=\"wp-block-image size-large\"><img loading=\"lazy\" decoding=\"async\" width=\"1024\" height=\"574\" src=\"https:\/\/www.zunoticia.com\/noticias-de-hidalgo\/wp-content\/uploads\/2026\/04\/eZy-Watermark_26-04-2026_12-22-35-5930p.m-1024x574.jpg\" alt=\"\" class=\"wp-image-634799\" srcset=\"https:\/\/www.zunoticia.com\/noticias-de-hidalgo\/wp-content\/uploads\/2026\/04\/eZy-Watermark_26-04-2026_12-22-35-5930p.m-1024x574.jpg 1024w, https:\/\/www.zunoticia.com\/noticias-de-hidalgo\/wp-content\/uploads\/2026\/04\/eZy-Watermark_26-04-2026_12-22-35-5930p.m-300x168.jpg 300w, https:\/\/www.zunoticia.com\/noticias-de-hidalgo\/wp-content\/uploads\/2026\/04\/eZy-Watermark_26-04-2026_12-22-35-5930p.m-768x431.jpg 768w, https:\/\/www.zunoticia.com\/noticias-de-hidalgo\/wp-content\/uploads\/2026\/04\/eZy-Watermark_26-04-2026_12-22-35-5930p.m.jpg 1280w\" sizes=\"(max-width: 1024px) 100vw, 1024px\" \/><\/figure>\n\n\n\n<p>De igual forma, extendi\u00f3 su agradecimiento al Tribunal Superior de Justicia del Estado, a la Procuradur\u00eda General de Justicia de Hidalgo y a las 32 empresas de la iniciativa privada, as\u00ed como a 16 expositores de la sociedad civil e instancias educativas que se unieron a la reta y llenaron de color el Recinto Ferial.<\/p>\n\n\n\n<figure class=\"wp-block-image size-large\"><img loading=\"lazy\" decoding=\"async\" width=\"1024\" height=\"574\" src=\"https:\/\/www.zunoticia.com\/noticias-de-hidalgo\/wp-content\/uploads\/2026\/04\/eZy-Watermark_26-04-2026_12-21-35-9360p.m-1024x574.jpg\" alt=\"\" class=\"wp-image-634800\" srcset=\"https:\/\/www.zunoticia.com\/noticias-de-hidalgo\/wp-content\/uploads\/2026\/04\/eZy-Watermark_26-04-2026_12-21-35-9360p.m-1024x574.jpg 1024w, https:\/\/www.zunoticia.com\/noticias-de-hidalgo\/wp-content\/uploads\/2026\/04\/eZy-Watermark_26-04-2026_12-21-35-9360p.m-300x168.jpg 300w, https:\/\/www.zunoticia.com\/noticias-de-hidalgo\/wp-content\/uploads\/2026\/04\/eZy-Watermark_26-04-2026_12-21-35-9360p.m-768x431.jpg 768w, https:\/\/www.zunoticia.com\/noticias-de-hidalgo\/wp-content\/uploads\/2026\/04\/eZy-Watermark_26-04-2026_12-21-35-9360p.m.jpg 1280w\" sizes=\"(max-width: 1024px) 100vw, 1024px\" \/><\/figure>\n\n\n\n<p>Las y los asistentes fueron invitados a vestir la playera de f\u00fatbol del equipo de su preferencia y pudieron disfrutar de juegos mec\u00e1nicos, inflables y videojuegos, adem\u00e1s de una gran variedad de actividades culturales y art\u00edsticas, competiciones con premios, firmas de aut\u00f3grafos y un espect\u00e1culo musical en vivo.<\/p>\n\n\n\n<figure class=\"wp-block-image size-large\"><img loading=\"lazy\" decoding=\"async\" width=\"1024\" height=\"683\" src=\"https:\/\/www.zunoticia.com\/noticias-de-hidalgo\/wp-content\/uploads\/2026\/04\/eZy-Watermark_26-04-2026_12-22-01-8580p.m-1024x683.jpg\" alt=\"\" class=\"wp-image-634801\" srcset=\"https:\/\/www.zunoticia.com\/noticias-de-hidalgo\/wp-content\/uploads\/2026\/04\/eZy-Watermark_26-04-2026_12-22-01-8580p.m-1024x683.jpg 1024w, https:\/\/www.zunoticia.com\/noticias-de-hidalgo\/wp-content\/uploads\/2026\/04\/eZy-Watermark_26-04-2026_12-22-01-8580p.m-300x200.jpg 300w, https:\/\/www.zunoticia.com\/noticias-de-hidalgo\/wp-content\/uploads\/2026\/04\/eZy-Watermark_26-04-2026_12-22-01-8580p.m-768x512.jpg 768w, https:\/\/www.zunoticia.com\/noticias-de-hidalgo\/wp-content\/uploads\/2026\/04\/eZy-Watermark_26-04-2026_12-22-01-8580p.m.jpg 1280w\" sizes=\"(max-width: 1024px) 100vw, 1024px\" \/><\/figure>\n","protected":false},"excerpt":{"rendered":"<p>Por Redacci\u00f3n\/Zunoticia Pachuca de Soto, Hgo.- Bajo el lema \u201c\u00danete a la Reta\u201d, el Sistema DIF Hidalgo (DIFH), dirigido por Edda Vite Ramos como presidenta del Patronato, llev\u00f3 a cabo la 4\u00aa edici\u00f3n de \u201cFestejemos a las Ni\u00f1as y los Ni\u00f1os de Hidalgo\u201d, como una forma de reconocer a la infancia hidalguense, adem\u00e1s de promover&hellip; <a class=\"more-link\" href=\"https:\/\/www.zunoticia.com\/noticias-de-hidalgo\/2026\/04\/26\/celebra-dif-hidalgo-a-la-ninez-hidalguense\/\">Seguir leyendo <span class=\"screen-reader-text\">Celebra DIF Hidalgo a la ni\u00f1ez hidalguense<\/span><\/a><\/p>\n","protected":false},"author":12,"featured_media":634795,"comment_status":"open","ping_status":"open","sticky":false,"template":"","format":"standard","meta":{"rop_custom_images_group":[],"rop_custom_messages_group":[],"rop_publish_now":"initial","rop_publish_now_accounts":{"facebook_10159540855086992_322828327761733":""},"rop_publish_now_history":[],"rop_publish_now_status":"pending","footnotes":""},"categories":[208],"tags":[214],"class_list":["post-634793","post","type-post","status-publish","format-standard","has-post-thumbnail","hentry","category-estado","tag-estado","entry"],"_links":{"self":[{"href":"https:\/\/www.zunoticia.com\/noticias-de-hidalgo\/wp-json\/wp\/v2\/posts\/634793","targetHints":{"allow":["GET"]}}],"collection":[{"href":"https:\/\/www.zunoticia.com\/noticias-de-hidalgo\/wp-json\/wp\/v2\/posts"}],"about":[{"href":"https:\/\/www.zunoticia.com\/noticias-de-hidalgo\/wp-json\/wp\/v2\/types\/post"}],"author":[{"embeddable":true,"href":"https:\/\/www.zunoticia.com\/noticias-de-hidalgo\/wp-json\/wp\/v2\/users\/12"}],"replies":[{"embeddable":true,"href":"https:\/\/www.zunoticia.com\/noticias-de-hidalgo\/wp-json\/wp\/v2\/comments?post=634793"}],"version-history":[{"count":1,"href":"https:\/\/www.zunoticia.com\/noticias-de-hidalgo\/wp-json\/wp\/v2\/posts\/634793\/revisions"}],"predecessor-version":[{"id":634802,"href":"https:\/\/www.zunoticia.com\/noticias-de-hidalgo\/wp-json\/wp\/v2\/posts\/634793\/revisions\/634802"}],"wp:featuredmedia":[{"embeddable":true,"href":"https:\/\/www.zunoticia.com\/noticias-de-hidalgo\/wp-json\/wp\/v2\/media\/634795"}],"wp:attachment":[{"href":"https:\/\/www.zunoticia.com\/noticias-de-hidalgo\/wp-json\/wp\/v2\/media?parent=634793"}],"wp:term":[{"taxonomy":"category","embeddable":true,"href":"https:\/\/www.zunoticia.com\/noticias-de-hidalgo\/wp-json\/wp\/v2\/categories?post=634793"},{"taxonomy":"post_tag","embeddable":true,"href":"https:\/\/www.zunoticia.com\/noticias-de-hidalgo\/wp-json\/wp\/v2\/tags?post=634793"}],"curies":[{"name":"wp","href":"https:\/\/api.w.org\/{rel}","templated":true}]}}